{"id":117414,"date":"2021-05-26T05:30:00","date_gmt":"2021-05-26T09:30:00","guid":{"rendered":"https:\/\/linitiative.ca\/International\/le-dossier-de-classement-de-lamp-de-taza-fin-pret\/"},"modified":"2021-05-26T05:30:00","modified_gmt":"2021-05-26T09:30:00","slug":"le-dossier-de-classement-de-lamp-de-taza-fin-pret","status":"publish","type":"post","link":"https:\/\/linitiative.ca\/International\/le-dossier-de-classement-de-lamp-de-taza-fin-pret\/","title":{"rendered":"Le dossier de classement de l\u2019AMP de Taza fin pr\u00eat"},"content":{"rendered":"<div id=\"originalText\" readability=\"49\">\n<p>Apr\u00e8s avoir caus\u00e9 des soucis avec les retards, le dossier du classement de l\u2019aire marine prot\u00e9g\u00e9e (AMP) du parc national de Taza est fin pr\u00eat. Il a \u00e9t\u00e9 ent\u00e9rin\u00e9 lundi 24 mai.\u00a0<\/p>\n<p>Ainsi, c\u2019est sous la supervision du secr\u00e9taire g\u00e9n\u00e9ral de la wilaya de Jijel et en pr\u00e9sence des membres de\u00a0 la\u00a0 commission de\u00a0 wilaya\u00a0 charg\u00e9e\u00a0 des domaines prot\u00e9g\u00e9s que la\u00a0 demande\u00a0 de\u00a0 classement\u00a0 de\u00a0 l\u2019aire marine\u00a0 prot\u00e9g\u00e9e\u00a0 a\u00a0 \u00e9t\u00e9 avalis\u00e9e, selon les services de la wilaya.<\/p>\n<p>Cette d\u00e9marche est\u00a0 un pas de plus vers\u00a0 la voie\u00a0 de\u00a0 concr\u00e9tisation r\u00e9elle de cette aire, qui a enregistr\u00e9 tant de retards pour son classement.\u00a0<\/p>\n<p>La mise en \u0153uvre de l\u2019AMP est tr\u00e8s attendue pour d\u00e9limiter un espace de protection de la biodiversit\u00e9 marine et la d\u00e9limitation de zones pour la reproduction poissonneuse. Elle sera reli\u00e9e \u00e0 l\u2019espace terrestre et prot\u00e9g\u00e9 du parc national de Taza.<\/p>\n<\/div>\n<div id=\"text_core\" readability=\"49\">\n<p>Apr\u00e8s avoir caus\u00e9 des soucis avec les retards, le dossier du classement de l\u2019aire marine prot\u00e9g\u00e9e (AMP) du parc national de Taza est fin pr\u00eat. Il a \u00e9t\u00e9 ent\u00e9rin\u00e9 lundi 24 mai.\u00a0<\/p>\n<p>Ainsi, c\u2019est sous la supervision du secr\u00e9taire g\u00e9n\u00e9ral de la wilaya de Jijel et en pr\u00e9sence des membres de\u00a0 la\u00a0 commission de\u00a0 wilaya\u00a0 charg\u00e9e\u00a0 des domaines prot\u00e9g\u00e9s que la\u00a0 demande\u00a0 de\u00a0 classement\u00a0 de\u00a0 l\u2019aire marine\u00a0 prot\u00e9g\u00e9e\u00a0 a\u00a0 \u00e9t\u00e9 avalis\u00e9e, selon les services de la wilaya.<\/p>\n<p>Cette d\u00e9marche est\u00a0 un pas de plus vers\u00a0 la voie\u00a0 de\u00a0 concr\u00e9tisation r\u00e9elle de cette aire, qui a enregistr\u00e9 tant de retards pour son classement.\u00a0<\/p>\n<p>La mise en \u0153uvre de l\u2019AMP est tr\u00e8s attendue pour d\u00e9limiter un espace de protection de la biodiversit\u00e9 marine et la d\u00e9limitation de zones pour la reproduction poissonneuse. Elle sera reli\u00e9e \u00e0 l\u2019espace terrestre et prot\u00e9g\u00e9 du parc national de Taza.<\/p>\n<\/div>\n<p>Auteur:<br \/>\n<a href=\"https:\/\/www.liberte-algerie.com\/radar\/le-dossier-de-classement-de-lamp-de-taza-fin-pret-359315\">Cliquez ici pour lire l&rsquo;article depuis sa source.<\/a><\/p>\n","protected":false},"excerpt":{"rendered":"<p>Apr\u00e8s avoir caus\u00e9 des soucis avec les retards, le dossier du classement de l\u2019aire marine prot\u00e9g\u00e9e (AMP) du parc national de Taza est fin pr\u00eat. Il a \u00e9t\u00e9 ent\u00e9rin\u00e9 lundi 24 mai.\u00a0 Ainsi, c\u2019est sous la supervision du secr\u00e9taire g\u00e9n\u00e9ral de la wilaya de Jijel et en pr\u00e9sence des membres de\u00a0 la\u00a0 commission de\u00a0 wilaya\u00a0 [&hellip;]<\/p>\n","protected":false},"author":1742,"featured_media":0,"comment_status":"closed","ping_status":"closed","sticky":false,"template":"","format":"standard","meta":{"fifu_image_url":"","fifu_image_alt":"","footnotes":""},"categories":[73,53],"tags":[],"class_list":["post-117414","post","type-post","status-publish","format-standard","hentry","category-actualite","category-algerie"],"_links":{"self":[{"href":"https:\/\/linitiative.ca\/International\/wp-json\/wp\/v2\/posts\/117414","targetHints":{"allow":["GET"]}}],"collection":[{"href":"https:\/\/linitiative.ca\/International\/wp-json\/wp\/v2\/posts"}],"about":[{"href":"https:\/\/linitiative.ca\/International\/wp-json\/wp\/v2\/types\/post"}],"author":[{"embeddable":true,"href":"https:\/\/linitiative.ca\/International\/wp-json\/wp\/v2\/users\/1742"}],"replies":[{"embeddable":true,"href":"https:\/\/linitiative.ca\/International\/wp-json\/wp\/v2\/comments?post=117414"}],"version-history":[{"count":0,"href":"https:\/\/linitiative.ca\/International\/wp-json\/wp\/v2\/posts\/117414\/revisions"}],"wp:attachment":[{"href":"https:\/\/linitiative.ca\/International\/wp-json\/wp\/v2\/media?parent=117414"}],"wp:term":[{"taxonomy":"category","embeddable":true,"href":"https:\/\/linitiative.ca\/International\/wp-json\/wp\/v2\/categories?post=117414"},{"taxonomy":"post_tag","embeddable":true,"href":"https:\/\/linitiative.ca\/International\/wp-json\/wp\/v2\/tags?post=117414"}],"curies":[{"name":"wp","href":"https:\/\/api.w.org\/{rel}","templated":true}]}}