{"id":117417,"date":"2021-05-26T09:30:00","date_gmt":"2021-05-26T13:30:00","guid":{"rendered":"https:\/\/linitiative.ca\/International\/sit-in-a-alger-des-syndicats-independants-du-secteur-de-leducation\/"},"modified":"2021-05-26T09:30:00","modified_gmt":"2021-05-26T13:30:00","slug":"sit-in-a-alger-des-syndicats-independants-du-secteur-de-leducation","status":"publish","type":"post","link":"https:\/\/linitiative.ca\/International\/sit-in-a-alger-des-syndicats-independants-du-secteur-de-leducation\/","title":{"rendered":"Sit-in \u00e0 Alger des syndicats ind\u00e9pendants du secteur de l&rsquo;\u00e9ducation"},"content":{"rendered":"<div id=\"originalText\" readability=\"64\">\n<p class=\"c6\">Les syndicats ind\u00e9pendants du secteur de l&rsquo;\u00e9ducation ont observ\u00e9, ce mercredi, un sit-in devant le si\u00e8ge de l\u2019annexe du minist\u00e8re de l&rsquo;\u00e9ducation nationale, sise aux Ruisseaux, \u00e0 Alger pour r\u00e9clamer l&rsquo;assainissement de la situation dans le secteur et la prise en charge des revendications des travailleurs.<\/p>\n<p class=\"c6\">Les protestataires ont mis en avant la revalorisation des salaires, la r\u00e9vision du point indiciaire qui est actuellement \u00e0 45 DA, la retraite anticip\u00e9e et le classement du m\u00e9tier de l\u2019enseignement dans la cat\u00e9gorie des m\u00e9tiers p\u00e9nibles.<\/p>\n<p class=\"c6\">Encercl\u00e9s par un important dispositif policier d\u00e9ploy\u00e9 pour la circonstance, les enseignants ont d\u00e9nonc\u00e9 le communiqu\u00e9 publi\u00e9 hier par le minist\u00e8re de l\u2019Education, et qui a consid\u00e9r\u00e9 \u00ab ill\u00e9gale \u00bb leur action de protestation. La tutelle avait ainsi \u00ab enregistr\u00e9 avec regret, \u00e9tonnement et m\u00e9contentement ce genre d\u2019appels, lesquels sont un d\u00e9passement flagrant et une violation de tous les cadres juridiques \u00bb.<\/p>\n<p class=\"c6\">Pr\u00e9sent sur place, le pr\u00e9sident du bureau national de l&rsquo;Union nationale du personnel de l&rsquo;\u00e9ducation et de la formation (Unpef) Sadek Dziri, s\u2019est dit tr\u00e8s \u00ab d\u00e9\u00e7u \u00bb par la r\u00e9action du d\u00e9partement de Mohamed Ouadjaout. \u00ab Le minist\u00e8re de l\u2019\u00e9ducation, et pour la premi\u00e8re fois dans l&rsquo;histoire du secteur, nous a interdit de faire un sit-in pour nous exprimer \u00bb. Et de marteler : \u00ab personne ne pourrait nous donner de le\u00e7ons de nationalisme, c\u2019est nous qui l\u2019enseignons \u00e0 nos enfants \u00bb.<\/p>\n<p class=\"c7\"><strong>Im\u00e8ne AMOKRANE<\/strong><\/p>\n<\/div>\n<div id=\"text_core\" readability=\"64\">\n<p class=\"c6\">Les syndicats ind\u00e9pendants du secteur de l&rsquo;\u00e9ducation ont observ\u00e9, ce mercredi, un sit-in devant le si\u00e8ge de l\u2019annexe du minist\u00e8re de l&rsquo;\u00e9ducation nationale, sise aux Ruisseaux, \u00e0 Alger pour r\u00e9clamer l&rsquo;assainissement de la situation dans le secteur et la prise en charge des revendications des travailleurs.<\/p>\n<p class=\"c6\">Les protestataires ont mis en avant la revalorisation des salaires, la r\u00e9vision du point indiciaire qui est actuellement \u00e0 45 DA, la retraite anticip\u00e9e et le classement du m\u00e9tier de l\u2019enseignement dans la cat\u00e9gorie des m\u00e9tiers p\u00e9nibles.<\/p>\n<p class=\"c6\">Encercl\u00e9s par un important dispositif policier d\u00e9ploy\u00e9 pour la circonstance, les enseignants ont d\u00e9nonc\u00e9 le communiqu\u00e9 publi\u00e9 hier par le minist\u00e8re de l\u2019Education, et qui a consid\u00e9r\u00e9 \u00ab ill\u00e9gale \u00bb leur action de protestation. La tutelle avait ainsi \u00ab enregistr\u00e9 avec regret, \u00e9tonnement et m\u00e9contentement ce genre d\u2019appels, lesquels sont un d\u00e9passement flagrant et une violation de tous les cadres juridiques \u00bb.<\/p>\n<p class=\"c6\">Pr\u00e9sent sur place, le pr\u00e9sident du bureau national de l&rsquo;Union nationale du personnel de l&rsquo;\u00e9ducation et de la formation (Unpef) Sadek Dziri, s\u2019est dit tr\u00e8s \u00ab d\u00e9\u00e7u \u00bb par la r\u00e9action du d\u00e9partement de Mohamed Ouadjaout. \u00ab Le minist\u00e8re de l\u2019\u00e9ducation, et pour la premi\u00e8re fois dans l&rsquo;histoire du secteur, nous a interdit de faire un sit-in pour nous exprimer \u00bb. Et de marteler : \u00ab personne ne pourrait nous donner de le\u00e7ons de nationalisme, c\u2019est nous qui l\u2019enseignons \u00e0 nos enfants \u00bb.<\/p>\n<p class=\"c7\"><strong>Im\u00e8ne AMOKRANE<\/strong><\/p>\n<\/div>\n<p>Auteur:<br \/>\n<a href=\"https:\/\/www.liberte-algerie.com\/actualite\/sit-in-a-alger-des-syndicats-independants-du-secteur-de-leducation-359372\">Cliquez ici pour lire l&rsquo;article depuis sa source.<\/a><\/p>\n","protected":false},"excerpt":{"rendered":"<p>Les syndicats ind\u00e9pendants du secteur de l&rsquo;\u00e9ducation ont observ\u00e9, ce mercredi, un sit-in devant le si\u00e8ge de l\u2019annexe du minist\u00e8re de l&rsquo;\u00e9ducation nationale, sise aux Ruisseaux, \u00e0 Alger pour r\u00e9clamer l&rsquo;assainissement de la situation dans le secteur et la prise en charge des revendications des travailleurs. Les protestataires ont mis en avant la revalorisation des [&hellip;]<\/p>\n","protected":false},"author":1742,"featured_media":0,"comment_status":"closed","ping_status":"closed","sticky":false,"template":"","format":"standard","meta":{"fifu_image_url":"","fifu_image_alt":"","footnotes":""},"categories":[73,53],"tags":[],"class_list":["post-117417","post","type-post","status-publish","format-standard","hentry","category-actualite","category-algerie"],"_links":{"self":[{"href":"https:\/\/linitiative.ca\/International\/wp-json\/wp\/v2\/posts\/117417","targetHints":{"allow":["GET"]}}],"collection":[{"href":"https:\/\/linitiative.ca\/International\/wp-json\/wp\/v2\/posts"}],"about":[{"href":"https:\/\/linitiative.ca\/International\/wp-json\/wp\/v2\/types\/post"}],"author":[{"embeddable":true,"href":"https:\/\/linitiative.ca\/International\/wp-json\/wp\/v2\/users\/1742"}],"replies":[{"embeddable":true,"href":"https:\/\/linitiative.ca\/International\/wp-json\/wp\/v2\/comments?post=117417"}],"version-history":[{"count":0,"href":"https:\/\/linitiative.ca\/International\/wp-json\/wp\/v2\/posts\/117417\/revisions"}],"wp:attachment":[{"href":"https:\/\/linitiative.ca\/International\/wp-json\/wp\/v2\/media?parent=117417"}],"wp:term":[{"taxonomy":"category","embeddable":true,"href":"https:\/\/linitiative.ca\/International\/wp-json\/wp\/v2\/categories?post=117417"},{"taxonomy":"post_tag","embeddable":true,"href":"https:\/\/linitiative.ca\/International\/wp-json\/wp\/v2\/tags?post=117417"}],"curies":[{"name":"wp","href":"https:\/\/api.w.org\/{rel}","templated":true}]}}