{"id":117419,"date":"2021-05-26T04:25:16","date_gmt":"2021-05-26T08:25:16","guid":{"rendered":"https:\/\/linitiative.ca\/International\/hommage-au-specialiste-en-oceanographie-abdelkader-timoule\/"},"modified":"2021-05-26T04:25:16","modified_gmt":"2021-05-26T08:25:16","slug":"hommage-au-specialiste-en-oceanographie-abdelkader-timoule","status":"publish","type":"post","link":"https:\/\/linitiative.ca\/International\/hommage-au-specialiste-en-oceanographie-abdelkader-timoule\/","title":{"rendered":"Hommage au sp\u00e9cialiste en oc\u00e9anographie, Abdelkader Timoule"},"content":{"rendered":"<div readability=\"37\">\n<p>Safi \u2013 Un hommage incandescent a \u00e9t\u00e9 rendu, r\u00e9cemment \u00e0 Safi, \u00e0 l\u2019\u00e9minent chercheur marocain et sp\u00e9cialiste en oc\u00e9anographie, Abdelkader Timoule dans le cadre de la c\u00e9l\u00e9bration du 50\u00e8 anniversaire du p\u00e9riple maritime de l\u2019explorateur norv\u00e9gien Thor Heyerdahl \u00ab\u00a0RA II\u00a0\u00bb.<\/p>\n<\/div>\n<div readability=\"128\">\n<p>Cette initiative visait \u00e0 mettre en relief le parcours acad\u00e9mique si riche et brillant de cet \u00e9minent historien de la mer et expert des affaires maritimes, qui a consacr\u00e9 sa vie \u00e0 la recherche scientifique dans les questions relatives \u00e0 l\u2019oc\u00e9anographie.<\/p>\n<p>Approch\u00e9 par la MAP, M. Timoule a exprim\u00e9 sa fiert\u00e9 d\u2019avoir toujours \u00e9t\u00e9 au service de son pays que ce soit lorsqu\u2019il repr\u00e9sentait le Maroc au sein d\u2019organisations internationales ou dans des congr\u00e8s et rencontres diverses.<\/p>\n<p>Avec tant de d\u00e9vouement et de patriotisme, Il a, ainsi, fait part de sa satisfaction d\u2019avoir repr\u00e9sent\u00e9 dignement le Maroc et d\u00e9fendu les int\u00e9r\u00eats, la culture et l\u2019histoire du Royaume au sein de ces organisations.<\/p>\n<p>Ce chercheur qui garde des souvenirs qui resteront \u00e0 jamais grav\u00e9s dans sa m\u00e9moire, sur son enfance et sa jeunesse dans la cit\u00e9 de l\u2019Oc\u00e9an, n\u2019a pas manqu\u00e9 de r\u00e9it\u00e9rer son amour pour \u00ab\u00a0une ville \u00e0 vocation maritime et qui est ancr\u00e9e dans l\u2019histoire du Maroc\u00a0\u00bb.<\/p>\n<p>Ce natif de Safi en 1942, qui est l\u2019un des rares sp\u00e9cialistes des navires nucl\u00e9aires au monde, a enrichi le domaine maritime par des \u0153uvres magistrales qui passent pour des r\u00e9f\u00e9rences acad\u00e9miques incontournables et de haute facture pour les chercheurs et acad\u00e9miciens aussi bien marocains qu\u2019\u00e9trangers.<\/p>\n<p>Abdelkader Timoule a int\u00e9gr\u00e9 d\u00e8s 1953 l\u2019Ecole maritime de Safi avant de travailler dans la marine marchande \u00e0 Casablanca et \u00e0 Safi. Il affinera sa formation lorsqu\u2019il int\u00e9grera l\u2019Ecole des Officiers de la marine en 1962.<\/p>\n<p>Il occupera plusieurs postes administratifs, dont celui de contr\u00f4leur principal maritime et d\u2019administrateur des affaires maritimes.<\/p>\n<p>Abdelkader Timoul est consultant au minist\u00e8re canadien des p\u00eaches et oc\u00e9ans et a repr\u00e9sent\u00e9 le Maroc en tant qu\u2019expert \u00e0 l\u2019Organisation pour l\u2019Alimentation et l\u2019Agriculture (FAO).<\/p>\n<p>Il est aussi membre de l\u2019Union internationale de la presse \u00a0francophone, r\u00e9dacteur en chef de revues et a \u00e9t\u00e9 enseignant \u00e0 l\u2019Institut Sup\u00e9rieur d\u2019\u00e9tudes maritimes \u00e0 Casablanca.<\/p>\n<p>Cet \u00e9minent chercheur qui a \u00e9t\u00e9 d\u00e9cor\u00e9 en 1990 du Ouissam Al Moukafaa Al Watania, compte \u00e0 son actif des dizaines d\u2019\u0153uvres d\u00e9di\u00e9es aux affaires maritimes, dont \u00ab\u00a0Le Maroc \u00e0 travers les chroniques maritimes : De la pr\u00e9histoire \u00e0 1873\u00a0\u00bb, \u00ab\u00a0Evolution et potentialit\u00e9s de la p\u00eache au Maroc (1914-1985)\u00a0\u00bb, \u00ab\u00a0Notions de r\u00e9glementation des p\u00eaches maritimes au Maroc\u00a0\u00bb, \u00ab\u00a0Aper\u00e7u sur les administrations et les entreprises maritimes au Maroc\u00a0\u00bb.<\/p>\n<p>Parmi ses ouvrages figurent aussi \u00ab\u00a0la mer dans l\u2019histoire du Maroc: de Hassan Ier \u00e0 Hassan II\u00a0\u00bb, \u00ab\u00a0Le Maroc et la pr\u00e9servation de l\u2019environnement\u00a0\u00bb, \u00ab\u00a0Histoire photographique du Maroc : 1873-1934\u00a0\u00bb, \u00ab\u00a0Evolution et potentialit\u00e9s de la p\u00eache au Maroc, 1914-1985\u00a0\u00bb,\u00a0 \u00ab\u00a0Les statuts du marin et du navire marocains\u00a0\u00bb, \u00ab\u00a0Safi dans les annales maritimes essai de synth\u00e8se des origines a\u0300 nos jours\u00a0\u00bb et \u00ab\u00a0le r\u00e9gime de propri\u00e9t\u00e9 des b\u00e2timents de mer\u00a0\u00bb.<\/p>\n<p>Il a aussi contribu\u00e9 par des centaines d\u2019articles dans des journaux et des revues sur les th\u00e8mes du \u00ab\u00a0jihad maritime des arabes\u00a0\u00bb, la piraterie, le Maroc Antique et la mer, la vocation maritime du Maroc\u2026.etc.<\/p>\n<p>Initi\u00e9e par l\u2019ambassade de la Norv\u00e8ge, les associations M\u00e9moire de Safi et la Fondation de Safi, le Groupe OCP et le Groupe Barid-Al Maghrib, la c\u00e9l\u00e9bration du 50\u00e8 anniversaire du p\u00e9riple maritime de l\u2019explorateur norv\u00e9gien Thor Heyerdahl \u00ab\u00a0RA II\u00a0\u00bb vise \u00e0 faire connaitre cette exp\u00e9dition scientifique et la faire conna\u00eetre aux g\u00e9n\u00e9rations montantes.<\/p>\n<p>Le moment phare de cette c\u00e9r\u00e9monie a \u00e9t\u00e9 le d\u00e9voilement du timbre postal \u00e9mis par Barid Al-Maghrib en comm\u00e9moration de cette exp\u00e9dition scientifique.<\/p>\n<p>A travers cette \u00e9mission, le groupe Barid Al-Maghrib a voulu m\u00e9moriser cet \u00e9v\u00e9nement historique et le faire conna\u00eetre aux g\u00e9n\u00e9rations montantes.<\/p>\n<p>Cette c\u00e9r\u00e9monie a \u00e9t\u00e9 aussi marqu\u00e9e par un hommage similaire rendu \u00e0 Haj Madani Ait Ouhanni, qui avait pris part \u00e0 l\u2019exp\u00e9dition scientifique de Thor Heyerdahl, l\u2019explorateur et scientifique norv\u00e9gien, qui \u00e9tait parti depuis Safi le 17 mai 1970 pour d\u00e9montrer que des civilisations anciennes des deux c\u00f4t\u00e9s de l\u2019Atlantique aient pu avoir contact \u00e0 l\u2019aide de bateaux en papyrus, avant que Christophe Colomb ne d\u00e9couvre le continent am\u00e9ricain.<\/p>\n<\/div>\n<p>Auteur: Meriem IGASS<br \/>\n<a href=\"http:\/\/www.mapmarrakech.ma\/fr\/hommage-au-specialiste-en-oceanographie-abdelkader-timoule\/\">Cliquez ici pour lire l&rsquo;article depuis sa source.<\/a><\/p>\n","protected":false},"excerpt":{"rendered":"<p>Safi \u2013 Un hommage incandescent a \u00e9t\u00e9 rendu, r\u00e9cemment \u00e0 Safi, \u00e0 l\u2019\u00e9minent chercheur marocain et sp\u00e9cialiste en oc\u00e9anographie, Abdelkader Timoule dans le cadre de la c\u00e9l\u00e9bration du 50\u00e8 anniversaire du p\u00e9riple maritime de l\u2019explorateur norv\u00e9gien Thor Heyerdahl \u00ab\u00a0RA II\u00a0\u00bb. Cette initiative visait \u00e0 mettre en relief le parcours acad\u00e9mique si riche et brillant de [&hellip;]<\/p>\n","protected":false},"author":1788,"featured_media":0,"comment_status":"closed","ping_status":"closed","sticky":false,"template":"","format":"standard","meta":{"fifu_image_url":"","fifu_image_alt":"","footnotes":""},"categories":[54,76],"tags":[],"class_list":["post-117419","post","type-post","status-publish","format-standard","hentry","category-maroc","category-regions"],"_links":{"self":[{"href":"https:\/\/linitiative.ca\/International\/wp-json\/wp\/v2\/posts\/117419","targetHints":{"allow":["GET"]}}],"collection":[{"href":"https:\/\/linitiative.ca\/International\/wp-json\/wp\/v2\/posts"}],"about":[{"href":"https:\/\/linitiative.ca\/International\/wp-json\/wp\/v2\/types\/post"}],"author":[{"embeddable":true,"href":"https:\/\/linitiative.ca\/International\/wp-json\/wp\/v2\/users\/1788"}],"replies":[{"embeddable":true,"href":"https:\/\/linitiative.ca\/International\/wp-json\/wp\/v2\/comments?post=117419"}],"version-history":[{"count":0,"href":"https:\/\/linitiative.ca\/International\/wp-json\/wp\/v2\/posts\/117419\/revisions"}],"wp:attachment":[{"href":"https:\/\/linitiative.ca\/International\/wp-json\/wp\/v2\/media?parent=117419"}],"wp:term":[{"taxonomy":"category","embeddable":true,"href":"https:\/\/linitiative.ca\/International\/wp-json\/wp\/v2\/categories?post=117419"},{"taxonomy":"post_tag","embeddable":true,"href":"https:\/\/linitiative.ca\/International\/wp-json\/wp\/v2\/tags?post=117419"}],"curies":[{"name":"wp","href":"https:\/\/api.w.org\/{rel}","templated":true}]}}