{"id":117422,"date":"2021-05-26T11:46:53","date_gmt":"2021-05-26T15:46:53","guid":{"rendered":"https:\/\/linitiative.ca\/International\/travail-mise-en-place-dune-plateforme-digitale-dinformation\/"},"modified":"2021-05-26T11:46:53","modified_gmt":"2021-05-26T15:46:53","slug":"travail-mise-en-place-dune-plateforme-digitale-dinformation","status":"publish","type":"post","link":"https:\/\/linitiative.ca\/International\/travail-mise-en-place-dune-plateforme-digitale-dinformation\/","title":{"rendered":"Travail: Mise en place d\u2019une plateforme digitale d\u2019information"},"content":{"rendered":"<div readability=\"39\">\n<p>Un accord de coop\u00e9ration portant sur la mise en place d\u2019une plateforme digitale d\u2019information sur le march\u00e9 du travail, bas\u00e9e sur l\u2019intelligence artificielle et les big-data, a \u00e9t\u00e9 sign\u00e9, mardi \u00e0 Rabat, entre l\u2019Agence Millennium Challenge Account-Morocco (MCA-Morocco) et le groupement \u00ab\u00a0UM6P-OCP Solutions-Atlas Cloud Services\u00a0\u00bb.<\/p>\n<\/div>\n<div readability=\"166\">\n<p>Paraph\u00e9 par la directrice g\u00e9n\u00e9rale de MCA-Morocco, Malika Laasri, et le pr\u00e9sident de l\u2019Universit\u00e9 Mohammed VI Polytechnique (UM6P) et repr\u00e9sentant du groupement \u00ab\u00a0UM6P-OCP Solutions-Atlas Cloud Services\u00a0\u00bb, Hicham El Habti, cet accord est initi\u00e9 dans le cadre de l\u2019activit\u00e9 \u00ab\u00a0Emploi\u00a0\u00bb, relevant du programme de coop\u00e9ration \u00ab\u00a0Compact II\u00a0\u00bb, conclu entre le Maroc et le gouvernement des Etats-Unis d\u2019Am\u00e9rique.<\/p>\n<p>Le d\u00e9veloppement de cette plateforme digitale vise la collecte et la valorisation de diff\u00e9rents types d\u2019informations et de donn\u00e9es sur le march\u00e9 du travail, notamment les tendances, la situation de l\u2019offre et de la demande d\u2019emplois et les comp\u00e9tences recherch\u00e9es. Elle int\u00e9grera, \u00e0 terme, les donn\u00e9es d\u00e9clin\u00e9es aussi bien au niveau national qu\u2019aux niveaux r\u00e9gional et local.<\/p>\n<p>Par la suite, les informations disponibles via cette plateforme, consolidant des donn\u00e9es quantitatives et qualitatives produites par les acteurs du syst\u00e8me statistique national, ainsi que celles collect\u00e9es depuis des ressources web (sites internet de recrutement et d\u2019interm\u00e9diation, r\u00e9seaux sociaux\u2026), seront fournies, en temps r\u00e9el et sous un format lisible et pertinent, aux op\u00e9rateurs cl\u00e9s du march\u00e9 du travail (institutionnels, organisations socio-professionnelles, op\u00e9rateurs de formation et d\u2019interm\u00e9diation, employeurs, salari\u00e9s, candidats \u00e0 l\u2019emploi), ainsi qu\u2019aux \u00e9tudiants et au grand public.<\/p>\n<p>Cette nouvelle plateforme digitale participera, de ce fait, \u00e0 la promotion d\u2019un processus d\u00e9cisionnel fond\u00e9 sur des preuves et des donn\u00e9es probantes (Evidence Based Policy Making) pour \u00e9clairer la prise de d\u00e9cision des diff\u00e9rents acteurs du march\u00e9 du travail, notamment en mati\u00e8re d\u2019offre et de demande d\u2019emplois et de r\u00e9gulation du march\u00e9 du travail.<\/p>\n<p>L\u2019implication de toutes les parties prenantes dans la mise en place de cette nouvelle plateforme contribuera, ainsi, \u00e0 l\u2019am\u00e9lioration et \u00e0 l\u2019int\u00e9gration du dispositif actuel d\u2019observation et d\u2019analyse du march\u00e9 du travail.elle servira \u00e0 alimenter les travaux d\u2019\u00e9tudes et de recherches pour \u00e9clairer les probl\u00e9matiques, peu ou mal appr\u00e9hend\u00e9es, en relation avec les th\u00e9matiques de l\u2019emploi, de la formation et de l\u2019employabilit\u00e9, ainsi qu\u2019avec des segments du march\u00e9 du travail.<\/p>\n<p>Dans une d\u00e9claration \u00e0 la presse, en marge de la c\u00e9r\u00e9monie de signature de cet accord, pr\u00e9sid\u00e9e par le ministre du Travail et de l\u2019insertion professionnelle, M. Mohamed Amkraz, la directrice g\u00e9n\u00e9rale de MCA-Morocco a relev\u00e9 que ce partenariat \u00ab\u00a0prometteur\u00a0\u00bb consiste \u00e0 d\u00e9velopper, d\u2019ici fin juin 2022, une solution digitale, durable et p\u00e9renne d\u2019information, permettant des gains d\u2019efficacit\u00e9 globale du march\u00e9 du travail.<\/p>\n<p>Il s\u2019agit, notamment, de favoriser l\u2019appariement entre les demandes du march\u00e9 du travail et les comp\u00e9tences, tout en r\u00e9duisant les diff\u00e9rents obstacles li\u00e9s \u00e0 la r\u00e9gulation du march\u00e9, ainsi que la r\u00e9duction des diff\u00e9rents types de co\u00fbts de transactions des acteurs du march\u00e9 du travail, inh\u00e9rents \u00e0 l\u2019asym\u00e9trie et \u00e0 la production de l\u2019information, ainsi qu\u2019\u00e0 la recherche, a pr\u00e9cis\u00e9 Mme. Laasir.<\/p>\n<p>De son c\u00f4t\u00e9, M. El Habti a mis l\u2019accent sur la qualit\u00e9 des comp\u00e9tences marocaines ayant contribu\u00e9 \u00e0 la mise en place de cette plateforme, insistant sur la n\u00e9cessit\u00e9 d\u2019\u0153uvrer \u00e0 la p\u00e9rennisation de ce projet au-del\u00e0 de la dur\u00e9e d\u2019ex\u00e9cution.<\/p>\n<p>Il s\u2019est de m\u00eame dit fier de ce partenariat unissant les diff\u00e9rentes parties, exprimant sa conviction que l\u2019engagement et la mobilisation demeurent les facteurs cl\u00e9s pour la r\u00e9ussite de ce projet innovant de grande envergure, dans ses dimensions nationale, sectorielle et r\u00e9gionale.<\/p>\n<p>Le directeur r\u00e9sidant de Millennium Challenge Corporation (MCC), Rick Gaynor, a fait savoir, pour sa part, que cette action s\u2019inscrit dans le cadre d\u2019un partenariat avec le gouvernement marocain portant sur deux projets structurels, \u00e0 savoir le projet \u00ab\u00a0productivit\u00e9 du foncier et le projet \u00ab\u00a0\u00e9ducation et formation pour l\u2019employabilit\u00e9\u00a0\u00bb.<\/p>\n<p>Le Maroc, a-t-il soutenu, attire des investissements importants en industrie, et le MCC, \u00e0 travers le projet \u00ab\u00a0productivit\u00e9 du foncier\u00a0\u00bb du Compact est \u00e9galement fier de financer des projets innovants pour soutenir le d\u00e9veloppement des zones industrielles, afin de cr\u00e9er des emplois et mobiliser les talents des jeunes.<\/p>\n<p>Dot\u00e9 d\u2019un budget global de plus de 25 millions de dirhams (MDH), dont une contribution de l\u2019Agence MCA-Morocco de l\u2019ordre de 17,8 MDH, le d\u00e9veloppement de cette plateforme s\u2019appuiera sur les comp\u00e9tences conceptuelles, m\u00e9thodologiques et techniques du groupement et sur son offre de services int\u00e9gr\u00e9e, impliquant notamment trois laboratoires de recherche de l\u2019UM6P, l\u2019expertise d\u2019OCP Solutions en mati\u00e8re d\u2019organisation et de pilotage des projets et les capacit\u00e9s du Data Center d\u2019Atlas Cloud Services.<\/p>\n<p>Privil\u00e9giant une approche collaborative, int\u00e9gr\u00e9e, innovante et prospective, les parties prenantes \u00e0 ce projet accordent une attention particuli\u00e8re \u00e0 la p\u00e9rennisation du mod\u00e8le d\u00e9velopp\u00e9, en veillant au transfert des comp\u00e9tences \u00e0 la future entit\u00e9 gestionnaire de la nouvelle plateforme digitale d\u2019information, au renforcement des capacit\u00e9s de ses utilisateurs cibles et \u00e0 la prise en charge de son h\u00e9bergement pendant 12 mois apr\u00e8s la fin du Compact II.<\/p>\n<\/div>\n<p>Auteur: Meriem IGASS<br \/>\n<a href=\"http:\/\/www.mapmarrakech.ma\/fr\/travail-mise-en-place-dune-plateforme-digitale-dinformation\/\">Cliquez ici pour lire l&rsquo;article depuis sa source.<\/a><\/p>\n","protected":false},"excerpt":{"rendered":"<p>Un accord de coop\u00e9ration portant sur la mise en place d\u2019une plateforme digitale d\u2019information sur le march\u00e9 du travail, bas\u00e9e sur l\u2019intelligence artificielle et les big-data, a \u00e9t\u00e9 sign\u00e9, mardi \u00e0 Rabat, entre l\u2019Agence Millennium Challenge Account-Morocco (MCA-Morocco) et le groupement \u00ab\u00a0UM6P-OCP Solutions-Atlas Cloud Services\u00a0\u00bb. Paraph\u00e9 par la directrice g\u00e9n\u00e9rale de MCA-Morocco, Malika Laasri, et [&hellip;]<\/p>\n","protected":false},"author":1788,"featured_media":0,"comment_status":"closed","ping_status":"closed","sticky":false,"template":"","format":"standard","meta":{"fifu_image_url":"","fifu_image_alt":"","footnotes":""},"categories":[54,76],"tags":[],"class_list":["post-117422","post","type-post","status-publish","format-standard","hentry","category-maroc","category-regions"],"_links":{"self":[{"href":"https:\/\/linitiative.ca\/International\/wp-json\/wp\/v2\/posts\/117422","targetHints":{"allow":["GET"]}}],"collection":[{"href":"https:\/\/linitiative.ca\/International\/wp-json\/wp\/v2\/posts"}],"about":[{"href":"https:\/\/linitiative.ca\/International\/wp-json\/wp\/v2\/types\/post"}],"author":[{"embeddable":true,"href":"https:\/\/linitiative.ca\/International\/wp-json\/wp\/v2\/users\/1788"}],"replies":[{"embeddable":true,"href":"https:\/\/linitiative.ca\/International\/wp-json\/wp\/v2\/comments?post=117422"}],"version-history":[{"count":0,"href":"https:\/\/linitiative.ca\/International\/wp-json\/wp\/v2\/posts\/117422\/revisions"}],"wp:attachment":[{"href":"https:\/\/linitiative.ca\/International\/wp-json\/wp\/v2\/media?parent=117422"}],"wp:term":[{"taxonomy":"category","embeddable":true,"href":"https:\/\/linitiative.ca\/International\/wp-json\/wp\/v2\/categories?post=117422"},{"taxonomy":"post_tag","embeddable":true,"href":"https:\/\/linitiative.ca\/International\/wp-json\/wp\/v2\/tags?post=117422"}],"curies":[{"name":"wp","href":"https:\/\/api.w.org\/{rel}","templated":true}]}}