{"id":117424,"date":"2021-05-26T11:44:54","date_gmt":"2021-05-26T15:44:54","guid":{"rendered":"https:\/\/linitiative.ca\/International\/le-nouveau-modele-de-developpement-pour-une-croissance-globale-et-inclusive\/"},"modified":"2021-05-26T11:44:54","modified_gmt":"2021-05-26T15:44:54","slug":"le-nouveau-modele-de-developpement-pour-une-croissance-globale-et-inclusive","status":"publish","type":"post","link":"https:\/\/linitiative.ca\/International\/le-nouveau-modele-de-developpement-pour-une-croissance-globale-et-inclusive\/","title":{"rendered":"Le Nouveau mod\u00e8le de d\u00e9veloppement : Pour une croissance globale et inclusive"},"content":{"rendered":"<p class=\"c4\">Plac\u00e9 au centre du processus de d\u00e9veloppement, le citoyen marocain est \u00e0 la fois acteur et finalit\u00e9. Les chantiers socio-\u00e9conomiques et politiques initi\u00e9s par Sa Majest\u00e9 le Roi Mohammed VI, que Dieu L\u2019assiste, depuis Son accession au Tr\u00f4ne de Ses Glorieux Anc\u00eatres, sont l\u00e0 pour attester de l\u2019int\u00e9r\u00eat qu\u2019accorde le Souverain \u00e0 l\u2019\u00e9l\u00e9ment humain.<\/p>\n<p class=\"c4\">Le Nouveau mod\u00e8le de d\u00e9veloppement, dont la conception a \u00e9t\u00e9 confi\u00e9e par Sa Majest\u00e9 le Roi \u00e0 la Commission Sp\u00e9ciale sur le Mod\u00e8le de D\u00e9veloppement (CSMD), ne d\u00e9roge pas \u00e0 ce principe dans la mesure o\u00f9 l\u2019objectif du renouvellement du mod\u00e8le de d\u00e9veloppement est de faire avancer le Maroc sur la voie du progr\u00e8s et d\u2019am\u00e9liorer les conditions de vie de ses citoyens.<\/p>\n<p class=\"c4\">Il devait ainsi pallier aux insuffisances dont souffrait l\u2019ancien mod\u00e8le de d\u00e9veloppement qui avait r\u00e9v\u00e9l\u00e9, \u00e0 maintes reprises, son incapacit\u00e9 \u00e0 satisfaire les demandes pressantes et les besoins croissants des citoyens, \u00e0 r\u00e9duire les in\u00e9galit\u00e9s sociales et les disparit\u00e9s spatiales et \u00e0 r\u00e9aliser la justice sociale<\/p>\n<p class=\"c4\">La CSMD devait, \u00e0 ce titre, et comme l\u2019a affirm\u00e9 le Souverain dans Son discours adress\u00e9e \u00e0 la Nation \u00e0 l\u2019occasion du 66\u00e8 anniversaire de la R\u00e9volution du Roi et du Peuple (20 ao\u00fbt 2019), remplir une triple mission \u00abde r\u00e9ajustement, d\u2019anticipation, de prospective pour permettre \u00e0 notre pays d\u2019aborder l\u2019avenir avec s\u00e9r\u00e9nit\u00e9 et assurance\u00bb, tout en s\u2019appuyant sur les diff\u00e9rents acquis engrang\u00e9s par l\u2019\u00e9conomie marocaine durant les vingt derni\u00e8res ann\u00e9es.<\/p>\n<p class=\"c4\">Cette commission, qui rev\u00eat un caract\u00e8re consultatif, devait prendre en consid\u00e9ration, lors de ses travaux, \u00ables grandes orientations des r\u00e9formes engag\u00e9es ou en passe de l\u2019\u00eatre, dans des secteurs comme l\u2019enseignement, la sant\u00e9, l\u2019agriculture, l\u2019investissement\u00a0 et le syst\u00e8me fiscal. Ses propositions devront viser leur perfectionnement et l\u2019accroissement de leur efficacit\u00e9\u00bb, avait soulign\u00e9 SM le Roi dans Son discours du Tr\u00f4ne en date du 29 juillet 2019.<\/p>\n<p class=\"c4\">Elle devait \u00e9tablir un rapport contenant les grandes inflexions souhaitables et les initiatives concr\u00e8tes pour adapter le mod\u00e8le de d\u00e9veloppement, et permettre une croissance globale et inclusive, qui place le citoyen au c\u0153ur de ce mod\u00e8le.<\/p>\n<p class=\"c4\">Pour s\u2019assurer de l\u2019adh\u00e9sion et du soutien des citoyens \u00e0 ce nouveau mod\u00e8le de d\u00e9veloppement, la commission a opt\u00e9 pour une approche participative et inclusive impliquant toutes les forces vives de la nation, notamment les jeunes, en tant qu\u2019entit\u00e9 du pr\u00e9sent et force de l\u2019avenir.<\/p>\n<p class=\"c4\">Dans ce cadre, la CSMD et le minist\u00e8re de l\u2019\u00c9ducation nationale de la Formation professionnelle, de l\u2019Enseignement sup\u00e9rieur et de la Recherche scientifique avaient lanc\u00e9 une large consultation aupr\u00e8s des lyc\u00e9ens sur le th\u00e8me \u00ab\u00a0Le Maroc de demain\u00a0\u00bb.<\/p>\n<p class=\"c4\">Cette consultation intervenait conform\u00e9ment aux Hautes Orientations Royales consid\u00e9rant les jeunes comme \u00ab\u00a0la vraie richesse du pays\u00a0\u00bb et selon les dispositions de l\u2019article 33 de la Constitution qui insiste sur la n\u00e9cessit\u00e9 de la participation des jeunes marocains \u00e0 la vie publique.<\/p>\n<p class=\"c4\">Les contributions re\u00e7ues ont fait preuve d\u2019un grand niveau de prise de conscience chez les \u00e9l\u00e8ves, et ont refl\u00e9t\u00e9 leur grand amour \u00e0 leur Patrie, ainsi que leur volont\u00e9 de construire un avenir meilleur qui r\u00e9pond aux attentes de tous les Marocains.<\/p>\n<p class=\"c4\">En fait, le Nouveau mod\u00e8le de d\u00e9veloppement, qui devra reproduire la vision que se font les Marocains de leur pays et du futur auquel ils aspirent, constituera un nouveau jalon dans le processus de d\u00e9veloppement du Royaume, sous la conduite \u00e9clair\u00e9e de Sa Majest\u00e9 le Roi Mohammed VI.<\/p>\n<p>Auteur: Soufiane ELAHMAR<br \/>\n<a href=\"http:\/\/www.mapoujda.ma\/fr\/le-nouveau-modele-de-developpement-pour-une-croissance-globale-et-inclusive\/\">Cliquez ici pour lire l&rsquo;article depuis sa source.<\/a><\/p>\n","protected":false},"excerpt":{"rendered":"<p>Plac\u00e9 au centre du processus de d\u00e9veloppement, le citoyen marocain est \u00e0 la fois acteur et finalit\u00e9. Les chantiers socio-\u00e9conomiques et politiques initi\u00e9s par Sa Majest\u00e9 le Roi Mohammed VI, que Dieu L\u2019assiste, depuis Son accession au Tr\u00f4ne de Ses Glorieux Anc\u00eatres, sont l\u00e0 pour attester de l\u2019int\u00e9r\u00eat qu\u2019accorde le Souverain \u00e0 l\u2019\u00e9l\u00e9ment humain. Le [&hellip;]<\/p>\n","protected":false},"author":1788,"featured_media":0,"comment_status":"closed","ping_status":"closed","sticky":false,"template":"","format":"standard","meta":{"fifu_image_url":"","fifu_image_alt":"","footnotes":""},"categories":[54,76],"tags":[],"class_list":["post-117424","post","type-post","status-publish","format-standard","hentry","category-maroc","category-regions"],"_links":{"self":[{"href":"https:\/\/linitiative.ca\/International\/wp-json\/wp\/v2\/posts\/117424","targetHints":{"allow":["GET"]}}],"collection":[{"href":"https:\/\/linitiative.ca\/International\/wp-json\/wp\/v2\/posts"}],"about":[{"href":"https:\/\/linitiative.ca\/International\/wp-json\/wp\/v2\/types\/post"}],"author":[{"embeddable":true,"href":"https:\/\/linitiative.ca\/International\/wp-json\/wp\/v2\/users\/1788"}],"replies":[{"embeddable":true,"href":"https:\/\/linitiative.ca\/International\/wp-json\/wp\/v2\/comments?post=117424"}],"version-history":[{"count":0,"href":"https:\/\/linitiative.ca\/International\/wp-json\/wp\/v2\/posts\/117424\/revisions"}],"wp:attachment":[{"href":"https:\/\/linitiative.ca\/International\/wp-json\/wp\/v2\/media?parent=117424"}],"wp:term":[{"taxonomy":"category","embeddable":true,"href":"https:\/\/linitiative.ca\/International\/wp-json\/wp\/v2\/categories?post=117424"},{"taxonomy":"post_tag","embeddable":true,"href":"https:\/\/linitiative.ca\/International\/wp-json\/wp\/v2\/tags?post=117424"}],"curies":[{"name":"wp","href":"https:\/\/api.w.org\/{rel}","templated":true}]}}