{"id":117425,"date":"2021-05-26T12:06:10","date_gmt":"2021-05-26T16:06:10","guid":{"rendered":"https:\/\/linitiative.ca\/International\/le-livre-manuscrit-arabe-en-afrique-theme-du-cours-inaugural-du-centre-des-etudes-africaines\/"},"modified":"2021-05-26T12:06:10","modified_gmt":"2021-05-26T16:06:10","slug":"le-livre-manuscrit-arabe-en-afrique-theme-du-cours-inaugural-du-centre-des-etudes-africaines","status":"publish","type":"post","link":"https:\/\/linitiative.ca\/International\/le-livre-manuscrit-arabe-en-afrique-theme-du-cours-inaugural-du-centre-des-etudes-africaines\/","title":{"rendered":"Le livre manuscrit arabe en Afrique, th\u00e8me du cours inaugural du Centre des \u00e9tudes africaines"},"content":{"rendered":"<p class=\"c4\">Le directeur de la Biblioth\u00e8que Royale \u00e0 Rabat, Ahmed Chaouki Binebine, a donn\u00e9, mercredi \u00e0 Oujda, le premier cours inaugural du Centre universitaire des \u00e9tudes et recherches africaines, sous le th\u00e8me \u00abLe livre manuscrit arabe dans les pays d\u2019Afrique subsaharienne\u00bb.<\/p>\n<p class=\"c4\">Ce cours inaugural lance les activit\u00e9s de ce centre nouvellement cr\u00e9\u00e9 au sein de l\u2019Universit\u00e9 Mohammed Premier (UMP) d\u2019Oujda, et qui se veut un espace acad\u00e9mique de recherche sp\u00e9cialis\u00e9 dans les th\u00e9matiques li\u00e9es au continent africain, avec pour objectif la promotion des recherches africaines et le renforcement des comp\u00e9tences des cadres et chercheurs sp\u00e9cialis\u00e9s dans ce domaine.<\/p>\n<p class=\"c4\">Dans son cours, M. Binebine a relev\u00e9 que la th\u00e9matique du livre manuscrit arabe en Afrique subsaharienne constitue encore un terrain largement inexplor\u00e9 malgr\u00e9 les efforts des chercheurs, en particulier les orientalistes occidentaux, d\u00e9ploy\u00e9s durant les derni\u00e8res d\u00e9cennies.<\/p>\n<p class=\"c4\">Il a de prime abord pr\u00e9cis\u00e9 qu\u2019il faut parler de \u00ablivre manuscrit\u00bb et non de \u00abmanuscrit\u00bb tout court, cette derni\u00e8re d\u00e9nomination \u00e9tant g\u00e9n\u00e9raliste, avant de souligner que le livre manuscrit arabe constitue le plus riche patrimoine manuscrit au monde, pour plusieurs raisons dont l\u2019\u00e9tendue de l\u2019aire g\u00e9ographique de l\u2019islam, vecteur de rayonnement de la langue arabe, et l\u2019utilisation des caract\u00e8res arabes par de nombreuses langues des peuples musulmans.<\/p>\n<p class=\"c4\">M. Binebine a aussi relev\u00e9 que de nombreuses zones d\u2019ombre persistent concernant l\u2019histoire du livre manuscrit arabe en Afrique subsaharienne, regrettant l\u2019absence d\u2019un projet commun dans le monde arabe pour \u00e9tudier et publier ce patrimoine, menac\u00e9 de disparition et qui n\u2019a pas b\u00e9n\u00e9fici\u00e9 du m\u00eame int\u00e9r\u00eat accord\u00e9 par les orientalistes et chercheurs au livre manuscrit arabe d\u2019Afrique du Nord.<\/p>\n<p><img class=\"wp-image-29313 aligncenter\" data-src=\"http:\/\/www.mapoujda.ma\/map\/uploads\/2021\/05\/cours-inaugural-du-Centre-des-\u00e9tudes-africaines-1-750\u00d7430-MAP.jpg\" alt=\"\" width=\"576\" height=\"330\" srcset=\"http:\/\/www.mapoujda.ma\/map\/uploads\/2021\/05\/cours-inaugural-du-Centre-des-\u00e9tudes-africaines-1-750\u00d7430-MAP.jpg 750w, http:\/\/www.mapoujda.ma\/map\/uploads\/2021\/05\/cours-inaugural-du-Centre-des-\u00e9tudes-africaines-1-750\u00d7430-MAP-300x172.jpg 300w\" sizes=\"(max-width: 576px) 100vw, 576px\"\/><\/p>\n<p class=\"c4\">Intervenant \u00e0 cette occasion, le pr\u00e9sident de l\u2019UMP, Yassine Zarhloule, a mis l\u2019accent sur l\u2019importance de ce cours inaugural qui s\u2019inscrit en droite ligne de l\u2019activit\u00e9 du Centre universitaire des \u00e9tudes et recherches africaines, un espace acad\u00e9mique qui entend contribuer au renforcement des initiatives du Maroc destin\u00e9es au continent africain, sous la conduite \u00e9clair\u00e9e de SM le Roi Mohammed VI.<\/p>\n<p class=\"c4\">Il s\u2019agit d\u2019une occasion pour souligner et saluer ces initiatives, men\u00e9es selon de nouvelles approches bas\u00e9es sur l\u2019attractivit\u00e9 \u00e9conomique, la recherche scientifique, l\u2019\u00e9change culturel et civilisationnel et le partenariat solidaire gagnant-gagnant, a-t-il relev\u00e9.<\/p>\n<p class=\"c4\">Dans une d\u00e9claration \u00e0 la presse, Ouissam Chahir, responsable du Centre universitaire des \u00e9tudes et recherches africaines, a indiqu\u00e9 que la cr\u00e9ation de ce centre fait partie d\u2019une s\u00e9rie d\u2019initiatives de l\u2019UMP, notamment la cr\u00e9ation en 2018 de l\u2019Union des universit\u00e9s des Etats d\u2019Afrique de l\u2019Ouest, qui a son si\u00e8ge \u00e0 Oujda, ainsi que la cr\u00e9ation au titre de la prochaine ann\u00e9e universitaire 2021-2022 d\u2019une fili\u00e8re du Bachelor d\u00e9di\u00e9e aux \u00e9tudes africaines.<\/p>\n<p class=\"c4\">De son c\u00f4t\u00e9, Khalid Chiat, professeur des relations internationales \u00e0 l\u2019UMP, a estim\u00e9 que ce cours inaugural offre l\u2019occasion de relier le pass\u00e9 et le pr\u00e9sent de l\u2019Afrique sous l\u2019optique des relations historiques entre le Maroc et le reste du continent sur les plans culturels, humains, politiques et \u00e9conomiques, renforc\u00e9es par la politique d\u2019ouverture sur l\u2019Afrique.<\/p>\n<p class=\"c4\">Cette rencontre s\u2019est d\u00e9roul\u00e9e en pr\u00e9sence notamment du Wali de la r\u00e9gion de l\u2019Oriental, gouverneur de la pr\u00e9fecture d\u2019Oujda-Angad, Mouad El Jamai, du secr\u00e9taire g\u00e9n\u00e9ral de la Fondation Mohammed VI des oul\u00e9ma africains, Sidi Mohamed Rifki, du pr\u00e9sident du Conseil local des oul\u00e9mas d\u2019Oujda, Mustapha Benhamza et d\u2019autres personnalit\u00e9s.<\/p>\n<p>Auteur: Soufiane ELAHMAR<br \/>\n<a href=\"http:\/\/www.mapoujda.ma\/fr\/oujda-le-livre-manuscrit-arabe-en-afrique-theme-du-cours-inaugural-du-centre-des-etudes-africaines\/\">Cliquez ici pour lire l&rsquo;article depuis sa source.<\/a><\/p>\n","protected":false},"excerpt":{"rendered":"<p>Le directeur de la Biblioth\u00e8que Royale \u00e0 Rabat, Ahmed Chaouki Binebine, a donn\u00e9, mercredi \u00e0 Oujda, le premier cours inaugural du Centre universitaire des \u00e9tudes et recherches africaines, sous le th\u00e8me \u00abLe livre manuscrit arabe dans les pays d\u2019Afrique subsaharienne\u00bb. Ce cours inaugural lance les activit\u00e9s de ce centre nouvellement cr\u00e9\u00e9 au sein de l\u2019Universit\u00e9 [&hellip;]<\/p>\n","protected":false},"author":1788,"featured_media":0,"comment_status":"closed","ping_status":"closed","sticky":false,"template":"","format":"standard","meta":{"fifu_image_url":"http:\/\/www.mapoujda.ma\/map\/uploads\/2021\/05\/cours-inaugural-du-Centre-des-\u00e9tudes-africaines-1-750\u00d7430-MAP.jpg","fifu_image_alt":"Le livre manuscrit arabe en Afrique, th\u00e8me du cours inaugural du Centre des \u00e9tudes africaines","footnotes":""},"categories":[54,76],"tags":[],"class_list":["post-117425","post","type-post","status-publish","format-standard","hentry","category-maroc","category-regions"],"_links":{"self":[{"href":"https:\/\/linitiative.ca\/International\/wp-json\/wp\/v2\/posts\/117425","targetHints":{"allow":["GET"]}}],"collection":[{"href":"https:\/\/linitiative.ca\/International\/wp-json\/wp\/v2\/posts"}],"about":[{"href":"https:\/\/linitiative.ca\/International\/wp-json\/wp\/v2\/types\/post"}],"author":[{"embeddable":true,"href":"https:\/\/linitiative.ca\/International\/wp-json\/wp\/v2\/users\/1788"}],"replies":[{"embeddable":true,"href":"https:\/\/linitiative.ca\/International\/wp-json\/wp\/v2\/comments?post=117425"}],"version-history":[{"count":0,"href":"https:\/\/linitiative.ca\/International\/wp-json\/wp\/v2\/posts\/117425\/revisions"}],"wp:attachment":[{"href":"https:\/\/linitiative.ca\/International\/wp-json\/wp\/v2\/media?parent=117425"}],"wp:term":[{"taxonomy":"category","embeddable":true,"href":"https:\/\/linitiative.ca\/International\/wp-json\/wp\/v2\/categories?post=117425"},{"taxonomy":"post_tag","embeddable":true,"href":"https:\/\/linitiative.ca\/International\/wp-json\/wp\/v2\/tags?post=117425"}],"curies":[{"name":"wp","href":"https:\/\/api.w.org\/{rel}","templated":true}]}}