{"id":117426,"date":"2021-05-26T08:44:52","date_gmt":"2021-05-26T12:44:52","guid":{"rendered":"https:\/\/linitiative.ca\/International\/premiere-en-france-une-femme-a-la-tete-du-louvre\/"},"modified":"2021-05-26T08:44:52","modified_gmt":"2021-05-26T12:44:52","slug":"premiere-en-france-une-femme-a-la-tete-du-louvre","status":"publish","type":"post","link":"https:\/\/linitiative.ca\/International\/premiere-en-france-une-femme-a-la-tete-du-louvre\/","title":{"rendered":"Premi\u00e8re en France, une femme \u00e0 la t\u00eate du Louvre"},"content":{"rendered":"<p class=\"rtejustify\"><em>CP: AFP<\/em><\/p>\n<p class=\"rtejustify\">Une femme va diriger le Louvre, plus grand mus\u00e9e du monde. Une premi\u00e8re en France, rapportent mercredi les m\u00e9dias de l&rsquo;hexagone.<\/p>\n<p class=\"rtejustify\">La pr\u00e9sidente du Mus\u00e9e d&rsquo;Orsay \u00e0 Paris, Laurence des Cars, a \u00e9t\u00e9 choisie pour remplacer \u00e0 partir du 1er septembre Jean-Luc Martinez, \u00e0 la t\u00eate du Louvre depuis 2013, selon les m\u00e9dias qui citent la pr\u00e9sidence fran\u00e7aise. \u00c2g\u00e9e de 54 ans, Laurence des Cars dirigeait le Mus\u00e9e d&rsquo;Orsay depuis quatre ans. Historienne de l&rsquo;art du XIXe si\u00e8cle et du d\u00e9but du XXe si\u00e8cle, elle a \u00e9t\u00e9 remarqu\u00e9e pour son dynamisme et son travail ax\u00e9 sur la diversit\u00e9, les questions de soci\u00e9t\u00e9 et l&rsquo;importance d&rsquo;attirer les nouvelles g\u00e9n\u00e9rations.<\/p>\n<p class=\"rtejustify\">\u00ab\u00a0Le Louvre a beaucoup de choses \u00e0 dire \u00e0 la jeunesse, elle sera au c\u0153ur de mes pr\u00e9occupations en temps que pr\u00e9sidente\u00a0\u00bb, a d\u00e9clar\u00e9 Laurence des Cars. Ce mus\u00e9e peut, selon elle, \u00ab\u00a0\u00eatre pleinement contemporain, s&rsquo;ouvrir au monde d&rsquo;aujourd&rsquo;hui tout en nous parlant du pass\u00e9\u00a0\u00bb. \u00c0 la t\u00eate du Louvre, Laurence des Cars veut aussi \u00ab\u00a0r\u00e9fl\u00e9chir aux horaires d&rsquo;ouverture\u00a0\u00bb. Il faut \u00ab\u00a0\u00eatre ouvert un peu plus tard dans la journ\u00e9e, si vous voulez que les jeunes actifs viennent\u00a0\u00bb, a-t-elle dit.<\/p>\n<p class=\"rtejustify\">Sous son mandat, le nombre de visiteurs de Mus\u00e9e d&rsquo;Orsay, l&rsquo;un des plus grands mus\u00e9e d&rsquo;Europe pour la p\u00e9riode allant de 1848 \u00e0 1914, n&rsquo;a cess\u00e9 de cro\u00eetre: jusqu&rsquo;\u00e0 3.700.000 visiteurs en 2019.<\/p>\n<p class=\"rtejustify\">Fille du journaliste et \u00e9crivain Jean des Cars, petite-fille du romancier Guy des Cars, elle a aussi \u00e9t\u00e9 directrice scientifique de l&rsquo;agence France-Mus\u00e9ums, op\u00e9rateur fran\u00e7ais charg\u00e9 du d\u00e9veloppement du Louvre Abu Dhabi, puis a dirig\u00e9 le Mus\u00e9e de l&rsquo;Orangerie \u00e0 Paris. Le choix final de la nomination des pr\u00e9sidents des grands mus\u00e9es publics comme le Louvre, Versailles, Pompidou ou Orsay, revient au Chef de l&rsquo;Etat.<\/p>\n<p class=\"rtejustify\">\u00a0<\/p>\n<p>Auteur: mbasraoui<br \/>\n<a href=\"https:\/\/www.leconomiste.com\/flash-infos\/premiere-en-france-une-femme-la-tete-du-louvre\">Cliquez ici pour lire l&rsquo;article depuis sa source.<\/a><\/p>\n","protected":false},"excerpt":{"rendered":"<p>CP: AFP Une femme va diriger le Louvre, plus grand mus\u00e9e du monde. Une premi\u00e8re en France, rapportent mercredi les m\u00e9dias de l&rsquo;hexagone. La pr\u00e9sidente du Mus\u00e9e d&rsquo;Orsay \u00e0 Paris, Laurence des Cars, a \u00e9t\u00e9 choisie pour remplacer \u00e0 partir du 1er septembre Jean-Luc Martinez, \u00e0 la t\u00eate du Louvre depuis 2013, selon les m\u00e9dias [&hellip;]<\/p>\n","protected":false},"author":1763,"featured_media":0,"comment_status":"closed","ping_status":"closed","sticky":false,"template":"","format":"standard","meta":{"fifu_image_url":"","fifu_image_alt":"","footnotes":""},"categories":[78,54],"tags":[],"class_list":["post-117426","post","type-post","status-publish","format-standard","hentry","category-economie","category-maroc"],"_links":{"self":[{"href":"https:\/\/linitiative.ca\/International\/wp-json\/wp\/v2\/posts\/117426","targetHints":{"allow":["GET"]}}],"collection":[{"href":"https:\/\/linitiative.ca\/International\/wp-json\/wp\/v2\/posts"}],"about":[{"href":"https:\/\/linitiative.ca\/International\/wp-json\/wp\/v2\/types\/post"}],"author":[{"embeddable":true,"href":"https:\/\/linitiative.ca\/International\/wp-json\/wp\/v2\/users\/1763"}],"replies":[{"embeddable":true,"href":"https:\/\/linitiative.ca\/International\/wp-json\/wp\/v2\/comments?post=117426"}],"version-history":[{"count":0,"href":"https:\/\/linitiative.ca\/International\/wp-json\/wp\/v2\/posts\/117426\/revisions"}],"wp:attachment":[{"href":"https:\/\/linitiative.ca\/International\/wp-json\/wp\/v2\/media?parent=117426"}],"wp:term":[{"taxonomy":"category","embeddable":true,"href":"https:\/\/linitiative.ca\/International\/wp-json\/wp\/v2\/categories?post=117426"},{"taxonomy":"post_tag","embeddable":true,"href":"https:\/\/linitiative.ca\/International\/wp-json\/wp\/v2\/tags?post=117426"}],"curies":[{"name":"wp","href":"https:\/\/api.w.org\/{rel}","templated":true}]}}