{"id":117427,"date":"2021-05-26T09:12:06","date_gmt":"2021-05-26T13:12:06","guid":{"rendered":"https:\/\/linitiative.ca\/International\/madaef-eco6-soutient-15-porteurs-de-projets-a-tamuda-bay\/"},"modified":"2021-05-26T09:12:06","modified_gmt":"2021-05-26T13:12:06","slug":"madaef-eco6-soutient-15-porteurs-de-projets-a-tamuda-bay","status":"publish","type":"post","link":"https:\/\/linitiative.ca\/International\/madaef-eco6-soutient-15-porteurs-de-projets-a-tamuda-bay\/","title":{"rendered":"\u00ab\u00a0Madaef Eco6\u00a0\u00bb soutient 15 porteurs de projets \u00e0 Tamuda Bay"},"content":{"rendered":"<p class=\"rtejustify\">Un total de 15 projets touristiques men\u00e9s par des jeunes, des artisans, des petites et moyennes entreprises et des coop\u00e9ratives seront retenus dans le cadre du programme \u00ab\u00a0Madaef Eco6\u00a0\u00bb, dans le dessein de cr\u00e9er un \u00e9cosyst\u00e8me touristique int\u00e9gr\u00e9 et inclusif \u00e0 Tamuda Bay, dans la pr\u00e9fecture de M&rsquo;diq-Fnideq.<\/p>\n<p class=\"rtejustify\">La soci\u00e9t\u00e9 Mada\u00ebf avait lanc\u00e9\u00a0l\u2019appel \u00e0 projets de la 4\u00e8 \u00e9dition du programme, ouverte \u00e0 tous les porteurs de projets, start-ups, TPME, artisans et coop\u00e9ratives souhaitant s\u2019installer durablement \u00e0 Tamuda Bay et contribuer activement au d\u00e9veloppement de son \u00e9cosyst\u00e8me touristique. Ils ont \u00e9t\u00e9 invit\u00e9s \u00e0 envoyer leurs candidatures, jusqu\u2019au 29 mai, via la plateforme \u00ab\u00a0<a href=\"http:\/\/www.madaef-eco6.ma\">www.madaef-eco6.ma<\/a>\u00ab\u00a0.<\/p>\n<p class=\"rtejustify\">La responsable de la soci\u00e9t\u00e9 Mada\u00ebf, Siham Akla, a soulign\u00e9 que 30 projets seront s\u00e9lectionn\u00e9s, dans un premier temps, pour \u00eatre \u00e9tudi\u00e9s par le comit\u00e9 d&rsquo;\u00e9valuation, qui doit choisir les 15 laur\u00e9ats de cette comp\u00e9tition, qui s&rsquo;inscrit dans la continuit\u00e9 des initiatives volontaristes visant la relance \u00e9conomique au niveau de la pr\u00e9fecture de M&rsquo;diq-Fnideq, \u00e0 travers notamment l\u2019enrichissement de l\u2019offre touristique haut de gamme de la destination Tamuda Bay et l\u2019att\u00e9nuation des effets de la saisonnalit\u00e9 de la destination. Elle a pr\u00e9cis\u00e9 que les porteurs de projets issus de la r\u00e9gion peuvent participer avec des propositions qui s\u2019inscrivent dans les six univers du syst\u00e8me touristique local, \u00e0 savoir les animations culturelles et artistiques, les activit\u00e9s nautiques et baln\u00e9aires, la valorisation de l\u2019artisanat et du terroir, la promotion de l\u2019arri\u00e8re-pays, les activit\u00e9s sportives et de bien-\u00eatre, ainsi que les services aux unit\u00e9s h\u00f4teli\u00e8res.<\/p>\n<p class=\"rtejustify\">Situ\u00e9e sur le littoral M\u2019diq-Fnideq avec une c\u00f4te de r\u00eave de plus de 35 kilom\u00e8tres le long de la M\u00e9diterran\u00e9e, Tamuda Bay, se positionnant naturellement comme une destination touristique de plus en plus pris\u00e9e par les marocains et les \u00e9trangers, est dot\u00e9e d\u2019unit\u00e9s h\u00f4teli\u00e8res Premium et de plusieurs composantes touristiques et de loisirs, et s\u2019ouvre sur une r\u00e9gion aux patrimoines naturel et culturel d\u2019exception et \u00e0 un fort potentiel touristique lui permettant de se positionner comme une destination phare du pourtour m\u00e9diterran\u00e9en.<\/p>\n<p class=\"rtejustify\">\u00a0<\/p>\n<p>Auteur: mbasraoui<br \/>\n<a href=\"https:\/\/www.leconomiste.com\/flash-infos\/madaef-eco6-soutient-15-porteurs-de-projets-tamuda-bay\">Cliquez ici pour lire l&rsquo;article depuis sa source.<\/a><\/p>\n","protected":false},"excerpt":{"rendered":"<p>Un total de 15 projets touristiques men\u00e9s par des jeunes, des artisans, des petites et moyennes entreprises et des coop\u00e9ratives seront retenus dans le cadre du programme \u00ab\u00a0Madaef Eco6\u00a0\u00bb, dans le dessein de cr\u00e9er un \u00e9cosyst\u00e8me touristique int\u00e9gr\u00e9 et inclusif \u00e0 Tamuda Bay, dans la pr\u00e9fecture de M&rsquo;diq-Fnideq. La soci\u00e9t\u00e9 Mada\u00ebf avait lanc\u00e9\u00a0l\u2019appel \u00e0 projets [&hellip;]<\/p>\n","protected":false},"author":1763,"featured_media":0,"comment_status":"closed","ping_status":"closed","sticky":false,"template":"","format":"standard","meta":{"fifu_image_url":"","fifu_image_alt":"","footnotes":""},"categories":[78,54],"tags":[],"class_list":["post-117427","post","type-post","status-publish","format-standard","hentry","category-economie","category-maroc"],"_links":{"self":[{"href":"https:\/\/linitiative.ca\/International\/wp-json\/wp\/v2\/posts\/117427","targetHints":{"allow":["GET"]}}],"collection":[{"href":"https:\/\/linitiative.ca\/International\/wp-json\/wp\/v2\/posts"}],"about":[{"href":"https:\/\/linitiative.ca\/International\/wp-json\/wp\/v2\/types\/post"}],"author":[{"embeddable":true,"href":"https:\/\/linitiative.ca\/International\/wp-json\/wp\/v2\/users\/1763"}],"replies":[{"embeddable":true,"href":"https:\/\/linitiative.ca\/International\/wp-json\/wp\/v2\/comments?post=117427"}],"version-history":[{"count":0,"href":"https:\/\/linitiative.ca\/International\/wp-json\/wp\/v2\/posts\/117427\/revisions"}],"wp:attachment":[{"href":"https:\/\/linitiative.ca\/International\/wp-json\/wp\/v2\/media?parent=117427"}],"wp:term":[{"taxonomy":"category","embeddable":true,"href":"https:\/\/linitiative.ca\/International\/wp-json\/wp\/v2\/categories?post=117427"},{"taxonomy":"post_tag","embeddable":true,"href":"https:\/\/linitiative.ca\/International\/wp-json\/wp\/v2\/tags?post=117427"}],"curies":[{"name":"wp","href":"https:\/\/api.w.org\/{rel}","templated":true}]}}