{"id":117428,"date":"2021-05-26T10:03:46","date_gmt":"2021-05-26T14:03:46","guid":{"rendered":"https:\/\/linitiative.ca\/International\/acces-au-marche-des-capitaux-lammc-sallie-au-gpbm\/"},"modified":"2021-05-26T10:03:46","modified_gmt":"2021-05-26T14:03:46","slug":"acces-au-marche-des-capitaux-lammc-sallie-au-gpbm","status":"publish","type":"post","link":"https:\/\/linitiative.ca\/International\/acces-au-marche-des-capitaux-lammc-sallie-au-gpbm\/","title":{"rendered":"Acc\u00e8s au march\u00e9 des capitaux: L&rsquo;AMMC s&rsquo;allie au GPBM"},"content":{"rendered":"<p class=\"rtejustify\"><em>CP: L&rsquo;Economiste<\/em><\/p>\n<p class=\"rtejustify\">L&rsquo;Autorit\u00e9 marocaine du march\u00e9 des capitaux souhaite renforcer l\u2019attractivit\u00e9 du march\u00e9. Elle a conclu en ce sens une convention cadre de coop\u00e9ration avec Groupement professionnel des banques du Maroc (GPBM) portant sur la mutualisation des efforts des deux parties en faveur d\u2019actions visant \u00e0 faciliter davantage l\u2019acc\u00e8s au march\u00e9 des capitaux et \u00e0 renforcer son r\u00f4le dans le financement de l\u2019\u00e9conomie.<\/p>\n<p class=\"rtejustify\">Act\u00e9e par le pr\u00e9sident du GPBM, Othman Benjelloun, et la pr\u00e9sidente de l&rsquo;AMMC Nezha Hayat, en pr\u00e9sence des deux vice-pr\u00e9sidents du GPBM, Mohamed El Kettani et Mohamed Karim Mounir, cette convention permettra de mettre en \u0153uvre un plan d\u2019actions visant \u00e0 favoriser l\u2019acc\u00e8s au march\u00e9 des capitaux, \u00e0 travers notamment des programmes d\u2019\u00e9ducation financi\u00e8re, de formation et de sensibilisation \u00e0 destination du public, des TPME et des r\u00e9seaux bancaires.<\/p>\n<p class=\"rtejustify\">Un comit\u00e9 conjoint a \u00e9t\u00e9 cr\u00e9\u00e9 pour assurer le suivi des diff\u00e9rentes actions convenues.<\/p>\n<p>Auteur: mbasraoui<br \/>\n<a href=\"https:\/\/www.leconomiste.com\/flash-infos\/acces-au-marche-des-capitaux-l-ammc-s-allie-au-gpbm\">Cliquez ici pour lire l&rsquo;article depuis sa source.<\/a><\/p>\n","protected":false},"excerpt":{"rendered":"<p>CP: L&rsquo;Economiste L&rsquo;Autorit\u00e9 marocaine du march\u00e9 des capitaux souhaite renforcer l\u2019attractivit\u00e9 du march\u00e9. Elle a conclu en ce sens une convention cadre de coop\u00e9ration avec Groupement professionnel des banques du Maroc (GPBM) portant sur la mutualisation des efforts des deux parties en faveur d\u2019actions visant \u00e0 faciliter davantage l\u2019acc\u00e8s au march\u00e9 des capitaux et \u00e0 [&hellip;]<\/p>\n","protected":false},"author":1763,"featured_media":0,"comment_status":"closed","ping_status":"closed","sticky":false,"template":"","format":"standard","meta":{"fifu_image_url":"","fifu_image_alt":"","footnotes":""},"categories":[78,54],"tags":[],"class_list":["post-117428","post","type-post","status-publish","format-standard","hentry","category-economie","category-maroc"],"_links":{"self":[{"href":"https:\/\/linitiative.ca\/International\/wp-json\/wp\/v2\/posts\/117428","targetHints":{"allow":["GET"]}}],"collection":[{"href":"https:\/\/linitiative.ca\/International\/wp-json\/wp\/v2\/posts"}],"about":[{"href":"https:\/\/linitiative.ca\/International\/wp-json\/wp\/v2\/types\/post"}],"author":[{"embeddable":true,"href":"https:\/\/linitiative.ca\/International\/wp-json\/wp\/v2\/users\/1763"}],"replies":[{"embeddable":true,"href":"https:\/\/linitiative.ca\/International\/wp-json\/wp\/v2\/comments?post=117428"}],"version-history":[{"count":0,"href":"https:\/\/linitiative.ca\/International\/wp-json\/wp\/v2\/posts\/117428\/revisions"}],"wp:attachment":[{"href":"https:\/\/linitiative.ca\/International\/wp-json\/wp\/v2\/media?parent=117428"}],"wp:term":[{"taxonomy":"category","embeddable":true,"href":"https:\/\/linitiative.ca\/International\/wp-json\/wp\/v2\/categories?post=117428"},{"taxonomy":"post_tag","embeddable":true,"href":"https:\/\/linitiative.ca\/International\/wp-json\/wp\/v2\/tags?post=117428"}],"curies":[{"name":"wp","href":"https:\/\/api.w.org\/{rel}","templated":true}]}}