{"id":117429,"date":"2021-05-26T11:13:04","date_gmt":"2021-05-26T15:13:04","guid":{"rendered":"https:\/\/linitiative.ca\/International\/covid-81-millions-de-personnes-vaccinees-plus-de-137-000-doses-administrees-en-24h\/"},"modified":"2021-05-26T11:13:04","modified_gmt":"2021-05-26T15:13:04","slug":"covid-81-millions-de-personnes-vaccinees-plus-de-137-000-doses-administrees-en-24h","status":"publish","type":"post","link":"https:\/\/linitiative.ca\/International\/covid-81-millions-de-personnes-vaccinees-plus-de-137-000-doses-administrees-en-24h\/","title":{"rendered":"Covid: 8,1 millions de personnes vaccin\u00e9es, plus de 137.000 doses administr\u00e9es en 24H"},"content":{"rendered":"<p class=\"rtejustify\">Un total de <strong>385<\/strong> nouveaux cas d&rsquo;infection au coronavirus et de <strong>393<\/strong> gu\u00e9risons a \u00e9t\u00e9 enregistr\u00e9 au Maroc au cours des derni\u00e8res 24 heures, a indiqu\u00e9 ce mercredi le minist\u00e8re de la Sant\u00e9. Le nombre de personnes ayant re\u00e7u la premi\u00e8re dose du vaccin a atteint <strong>8.148.964<\/strong>, alors que celles qui ont \u00e9t\u00e9 compl\u00e8tement vaccin\u00e9es (1\u00e8re et 2\u00e8me doses) sont au nombre de <strong>4.996.705<\/strong>, a pr\u00e9cis\u00e9 le minist\u00e8re dans son bulletin quotidien sur la situation de la Covid-19. Au total, plus de <strong>137.000<\/strong> nouvelles doses ont \u00e9t\u00e9 administr\u00e9es en 24 heures (dose 1) et plus de <strong>49.000<\/strong> pour la 2e dose.<\/p>\n<p class=\"rtejustify\">Ce nouveau bilan porte \u00e9galement \u00e0 <strong>517.808<\/strong>\u00a0le nombre total des contaminations depuis le premier cas signal\u00e9 en mars 2020, tandis que le nombre des personnes r\u00e9tablies est pass\u00e9 \u00e0 <strong>506.061<\/strong>, soit un taux de gu\u00e9rison de 97,7%. A ce jour, le nombre total des d\u00e9c\u00e8s est de <strong>9.131<\/strong>, apr\u00e8s l&rsquo;enregistrement de 4 nouveaux cas, soit un taux de l\u00e9talit\u00e9 de 1,8%. Les cas actifs sont au nombre de <strong>2.616<\/strong>, tandis que les cas s\u00e9v\u00e8res ou critiques ont atteint <strong>177<\/strong>, dont <strong>5<\/strong> plac\u00e9s sous intubation et <strong>91<\/strong> sous ventilation non invasive.<\/p>\n<p>Auteur: hgueye<br \/>\n<a href=\"https:\/\/www.leconomiste.com\/flash-infos\/covid19-millions-de-personnes-vaccinees-16\">Cliquez ici pour lire l&rsquo;article depuis sa source.<\/a><\/p>\n","protected":false},"excerpt":{"rendered":"<p>Un total de 385 nouveaux cas d&rsquo;infection au coronavirus et de 393 gu\u00e9risons a \u00e9t\u00e9 enregistr\u00e9 au Maroc au cours des derni\u00e8res 24 heures, a indiqu\u00e9 ce mercredi le minist\u00e8re de la Sant\u00e9. Le nombre de personnes ayant re\u00e7u la premi\u00e8re dose du vaccin a atteint 8.148.964, alors que celles qui ont \u00e9t\u00e9 compl\u00e8tement vaccin\u00e9es [&hellip;]<\/p>\n","protected":false},"author":1763,"featured_media":0,"comment_status":"closed","ping_status":"closed","sticky":false,"template":"","format":"standard","meta":{"fifu_image_url":"","fifu_image_alt":"","footnotes":""},"categories":[78,54],"tags":[],"class_list":["post-117429","post","type-post","status-publish","format-standard","hentry","category-economie","category-maroc"],"_links":{"self":[{"href":"https:\/\/linitiative.ca\/International\/wp-json\/wp\/v2\/posts\/117429","targetHints":{"allow":["GET"]}}],"collection":[{"href":"https:\/\/linitiative.ca\/International\/wp-json\/wp\/v2\/posts"}],"about":[{"href":"https:\/\/linitiative.ca\/International\/wp-json\/wp\/v2\/types\/post"}],"author":[{"embeddable":true,"href":"https:\/\/linitiative.ca\/International\/wp-json\/wp\/v2\/users\/1763"}],"replies":[{"embeddable":true,"href":"https:\/\/linitiative.ca\/International\/wp-json\/wp\/v2\/comments?post=117429"}],"version-history":[{"count":0,"href":"https:\/\/linitiative.ca\/International\/wp-json\/wp\/v2\/posts\/117429\/revisions"}],"wp:attachment":[{"href":"https:\/\/linitiative.ca\/International\/wp-json\/wp\/v2\/media?parent=117429"}],"wp:term":[{"taxonomy":"category","embeddable":true,"href":"https:\/\/linitiative.ca\/International\/wp-json\/wp\/v2\/categories?post=117429"},{"taxonomy":"post_tag","embeddable":true,"href":"https:\/\/linitiative.ca\/International\/wp-json\/wp\/v2\/tags?post=117429"}],"curies":[{"name":"wp","href":"https:\/\/api.w.org\/{rel}","templated":true}]}}