{"id":117431,"date":"2021-05-26T15:14:07","date_gmt":"2021-05-26T19:14:07","guid":{"rendered":"https:\/\/linitiative.ca\/International\/international-barca-une-premiere-recrue-attendue-ce-lundi\/"},"modified":"2021-05-26T15:14:07","modified_gmt":"2021-05-26T19:14:07","slug":"international-barca-une-premiere-recrue-attendue-ce-lundi","status":"publish","type":"post","link":"https:\/\/linitiative.ca\/International\/international-barca-une-premiere-recrue-attendue-ce-lundi\/","title":{"rendered":"International : Bar\u00e7a : Une premi\u00e8re recrue attendue ce lundi"},"content":{"rendered":"<div readability=\"32\">\n<p>Auteur : <span class=\"time\">mercredi 26 mai 2021 11:01<\/span><\/p>\n<\/div>\n<div id=\"post_core\" readability=\"45\">\n<p>Sergio Ag\u00fcero devrait \u00eatre la premi\u00e8re recrue estivale du Bar\u00e7a selon la presse catalane que rapporte Dailymercato. En fin de contrat \u00e0 Manchester City au 30 juin, le buteur argentin de 32 ans participera samedi soir \u00e0 la finale de la Ligue des champions face \u00e0 Chelsea avant de tourner d\u00e9finitivement la page mancunienne.<\/p>\n<p>Selon Catalunya Radio, le Kun se rendra ensuite lundi \u00e0 Barcelone pour signer son nouveau contrat de deux ans avec le Bar\u00e7a. Un nouveau contrat qui comprendra un salaire deux fois inf\u00e9rieur \u00e0 celui qu&rsquo;il touchait en Angleterre selon cette source, avec toutefois des variables qui lui permettront de s&rsquo;y retrouver dans le cas o\u00f9 il serait performant avec le Bar\u00e7a.<\/p>\n<p><strong>Publi\u00e9 dans :<\/strong> <span>fc barcelone<\/span><\/p>\n<\/div>\n<p>Auteur:<br \/>\n<a href=\"http:\/\/www.lebuteur.com\/article\/detail?titre=barca-une-premiere-recrue-attendue-ce-lundi&#038;id=100187&#038;utm_source=feedburner&#038;utm_medium=feed&#038;utm_campaign=Feed%3A+GalerieFArtciles+%28Les+derniers+articles++-+lebuteur.com%29\">Cliquez ici pour lire l&rsquo;article depuis sa source.<\/a><\/p>\n","protected":false},"excerpt":{"rendered":"<p>Auteur : mercredi 26 mai 2021 11:01 Sergio Ag\u00fcero devrait \u00eatre la premi\u00e8re recrue estivale du Bar\u00e7a selon la presse catalane que rapporte Dailymercato. En fin de contrat \u00e0 Manchester City au 30 juin, le buteur argentin de 32 ans participera samedi soir \u00e0 la finale de la Ligue des champions face \u00e0 Chelsea avant [&hellip;]<\/p>\n","protected":false},"author":1738,"featured_media":0,"comment_status":"closed","ping_status":"closed","sticky":false,"template":"","format":"standard","meta":{"fifu_image_url":"\/\/cdn.lebuteur.com\/data\/images\/article\/thumbs\/large-barca-une-premiere-recrue-attendue-ce-lundi-9874f.jpg","fifu_image_alt":"International : Bar\u00e7a : Une premi\u00e8re recrue attendue ce lundi","footnotes":""},"categories":[53,75],"tags":[],"class_list":["post-117431","post","type-post","status-publish","format-standard","hentry","category-algerie","category-sport"],"_links":{"self":[{"href":"https:\/\/linitiative.ca\/International\/wp-json\/wp\/v2\/posts\/117431","targetHints":{"allow":["GET"]}}],"collection":[{"href":"https:\/\/linitiative.ca\/International\/wp-json\/wp\/v2\/posts"}],"about":[{"href":"https:\/\/linitiative.ca\/International\/wp-json\/wp\/v2\/types\/post"}],"author":[{"embeddable":true,"href":"https:\/\/linitiative.ca\/International\/wp-json\/wp\/v2\/users\/1738"}],"replies":[{"embeddable":true,"href":"https:\/\/linitiative.ca\/International\/wp-json\/wp\/v2\/comments?post=117431"}],"version-history":[{"count":0,"href":"https:\/\/linitiative.ca\/International\/wp-json\/wp\/v2\/posts\/117431\/revisions"}],"wp:attachment":[{"href":"https:\/\/linitiative.ca\/International\/wp-json\/wp\/v2\/media?parent=117431"}],"wp:term":[{"taxonomy":"category","embeddable":true,"href":"https:\/\/linitiative.ca\/International\/wp-json\/wp\/v2\/categories?post=117431"},{"taxonomy":"post_tag","embeddable":true,"href":"https:\/\/linitiative.ca\/International\/wp-json\/wp\/v2\/tags?post=117431"}],"curies":[{"name":"wp","href":"https:\/\/api.w.org\/{rel}","templated":true}]}}