{"id":117432,"date":"2021-05-26T15:14:09","date_gmt":"2021-05-26T19:14:09","guid":{"rendered":"https:\/\/linitiative.ca\/International\/international-montpellier-delort-ne-cache-pas-sa-deception\/"},"modified":"2021-05-26T15:14:09","modified_gmt":"2021-05-26T19:14:09","slug":"international-montpellier-delort-ne-cache-pas-sa-deception","status":"publish","type":"post","link":"https:\/\/linitiative.ca\/International\/international-montpellier-delort-ne-cache-pas-sa-deception\/","title":{"rendered":"International : Montpellier : Delort ne cache pas sa d\u00e9ception"},"content":{"rendered":"<div readability=\"32\">\n<p>Auteur : <span class=\"time\">mercredi 26 mai 2021 12:16<\/span><\/p>\n<\/div>\n<div id=\"post_core\" readability=\"51\">\n<p>A pr\u00e9sent que le championnat de Ligue 1 fran\u00e7aise est cl\u00f4tur\u00e9, Andy Delort a fait le bilan de l\u2019exercice qui s\u2019ach\u00e8ve. Ambitieux, l&rsquo;international alg\u00e9rien est d\u00e9\u00e7u de ne pas accrocher une place europ\u00e9enne.<\/p>\n<p>\u201cJe pense qu\u2019\u00eatre dans le top 10 c\u2019est m\u00e9rit\u00e9 apr\u00e8s, on aurait pu faire mieux sur quelques matchs mais bon, avec des si on refait le monde mais personnellement, je suis un peu d\u00e9\u00e7u quand m\u00eame. Le match face \u00e0 Paris r\u00e9sume cette saison. Tout le monde nous pensait capables de faire l\u2019exploit, moi le premier, cela s\u2019est jou\u00e9 \u00e0 peu de chose\u2026 on aurait esp\u00e9rer faire mieux car on avait l\u2019\u00e9quipe pour et chaque ann\u00e9e on essaye de s\u2019am\u00e9liorer, j\u2019esp\u00e8re que l\u2019ann\u00e9e prochaine on aura enfin ce qu\u2019on m\u00e9rite. On a r\u00e9pondu pr\u00e9sent dans les gros matchs, et sur certains matchs \u00e0 domicile o\u00f9 l\u2019on pensait \u00eatre sup\u00e9rieurs\u2026 le mot frustration r\u00e9sume notre saison mais c\u2019est aussi comme cela que l\u2019on prend de l\u2019exp\u00e9rience. L\u2019objectif la saison prochaine, c\u2019est l\u2019Europe. (\u2026) Il nous a manqu\u00e9 la r\u00e9gularit\u00e9, au haut niveau en Ligue 1, c\u2019est ce qui fait la diff\u00e9rence. On l\u2019a bien vu sur les 5 ou 6 derniers matchs que l\u2019on devait gagner et on n\u2019a pas su le faire.\u201c Des propos relay\u00e9s par allezpaillade.com.<\/p>\n<p><strong>Publi\u00e9 dans :<\/strong> <span>Delort<\/span><\/p>\n<\/div>\n<p>Auteur:<br \/>\n<a href=\"http:\/\/www.lebuteur.com\/article\/detail?titre=montpellier-delort-ne-cache-pas-sa-deception&#038;id=100188&#038;utm_source=feedburner&#038;utm_medium=feed&#038;utm_campaign=Feed%3A+GalerieFArtciles+%28Les+derniers+articles++-+lebuteur.com%29\">Cliquez ici pour lire l&rsquo;article depuis sa source.<\/a><\/p>\n","protected":false},"excerpt":{"rendered":"<p>Auteur : mercredi 26 mai 2021 12:16 A pr\u00e9sent que le championnat de Ligue 1 fran\u00e7aise est cl\u00f4tur\u00e9, Andy Delort a fait le bilan de l\u2019exercice qui s\u2019ach\u00e8ve. Ambitieux, l&rsquo;international alg\u00e9rien est d\u00e9\u00e7u de ne pas accrocher une place europ\u00e9enne. \u201cJe pense qu\u2019\u00eatre dans le top 10 c\u2019est m\u00e9rit\u00e9 apr\u00e8s, on aurait pu faire mieux [&hellip;]<\/p>\n","protected":false},"author":1738,"featured_media":0,"comment_status":"closed","ping_status":"closed","sticky":false,"template":"","format":"standard","meta":{"fifu_image_url":"\/\/cdn.lebuteur.com\/data\/images\/article\/thumbs\/large-montpellier-delort-ne-cache-las-sa-deception-c0bc7.jpg","fifu_image_alt":"International : Montpellier : Delort ne cache pas sa d\u00e9ception","footnotes":""},"categories":[53,75],"tags":[],"class_list":["post-117432","post","type-post","status-publish","format-standard","hentry","category-algerie","category-sport"],"_links":{"self":[{"href":"https:\/\/linitiative.ca\/International\/wp-json\/wp\/v2\/posts\/117432","targetHints":{"allow":["GET"]}}],"collection":[{"href":"https:\/\/linitiative.ca\/International\/wp-json\/wp\/v2\/posts"}],"about":[{"href":"https:\/\/linitiative.ca\/International\/wp-json\/wp\/v2\/types\/post"}],"author":[{"embeddable":true,"href":"https:\/\/linitiative.ca\/International\/wp-json\/wp\/v2\/users\/1738"}],"replies":[{"embeddable":true,"href":"https:\/\/linitiative.ca\/International\/wp-json\/wp\/v2\/comments?post=117432"}],"version-history":[{"count":0,"href":"https:\/\/linitiative.ca\/International\/wp-json\/wp\/v2\/posts\/117432\/revisions"}],"wp:attachment":[{"href":"https:\/\/linitiative.ca\/International\/wp-json\/wp\/v2\/media?parent=117432"}],"wp:term":[{"taxonomy":"category","embeddable":true,"href":"https:\/\/linitiative.ca\/International\/wp-json\/wp\/v2\/categories?post=117432"},{"taxonomy":"post_tag","embeddable":true,"href":"https:\/\/linitiative.ca\/International\/wp-json\/wp\/v2\/tags?post=117432"}],"curies":[{"name":"wp","href":"https:\/\/api.w.org\/{rel}","templated":true}]}}