{"id":117434,"date":"2021-05-26T15:14:13","date_gmt":"2021-05-26T19:14:13","guid":{"rendered":"https:\/\/linitiative.ca\/International\/international-equipe-de-france-deschamps-en-rajoute-une-couche-sur-benzema\/"},"modified":"2021-05-26T15:14:13","modified_gmt":"2021-05-26T19:14:13","slug":"international-equipe-de-france-deschamps-en-rajoute-une-couche-sur-benzema","status":"publish","type":"post","link":"https:\/\/linitiative.ca\/International\/international-equipe-de-france-deschamps-en-rajoute-une-couche-sur-benzema\/","title":{"rendered":"International : Equipe de France: Deschamps en rajoute une couche sur Benzema !"},"content":{"rendered":"<div readability=\"32\">\n<p>Auteur : <span class=\"time\">mercredi 26 mai 2021 17:59<\/span><\/p>\n<\/div>\n<div id=\"post_core\" readability=\"42\">\n<p>Depuis un peu plus d\u2019une semaine d\u00e9sormais, tout le monde ne parle que du retour de Karim Benzema en \u00e9quipe de France. Apr\u00e8s une explication avec Didier Deschamps, l\u2019attaquant du Real Madrid a \u00e9t\u00e9 rappel\u00e9 en s\u00e9lection pour disputer l\u2019Euro. Et ce mercredi, toutes les cam\u00e9ras \u00e9taient braqu\u00e9es du c\u00f4t\u00e9 de Clairefontaine o\u00f9 les Bleus \u00e9taient attendus pour commencer le stage de pr\u00e9paration. Benzema a ainsi fait son retour au ch\u00e2teau apr\u00e8s plus de 5 ans d\u2019absence. Et forc\u00e9ment, \u00e0 l\u2019occasion de la conf\u00e9rence de presse de Deschamps, les question tournaient encore et toujours autour du num\u00e9ro 19 des Bleus. \u00a0Devant les journalistes ce mercredi, Didier Deschamps a encore donc d\u00fb r\u00e9pondre aux questions sur Karim Benzema. Le s\u00e9lectionneur de l\u2019\u00e9quipe de France a alors l\u00e2ch\u00e9 : \u00ab Le retour de Benzema ? C&rsquo;est un non-\u00e9v\u00e9nement. Que \u00e7a int\u00e9resse \u00e0 l&rsquo;ext\u00e9rieur oui, il est heureux d&rsquo;\u00eatre l\u00e0. Il a retrouv\u00e9 ses marques aussi et avec les 21 autres joueurs qui sont l\u00e0. Il sait qu&rsquo;il vient dans un groupe qui se conna\u00eet. Il a sa place.\u00bbrapporte Le 10 Sport.<\/p>\n<p><strong>Publi\u00e9 dans :<\/strong> <span>benzema<\/span><\/p>\n<\/div>\n<p>Auteur:<br \/>\n<a href=\"http:\/\/www.lebuteur.com\/article\/detail?titre=equipe-de-france-deschamps-en-rajoute-une-couche-sur-benzema&#038;id=100190&#038;utm_source=feedburner&#038;utm_medium=feed&#038;utm_campaign=Feed%3A+GalerieFArtciles+%28Les+derniers+articles++-+lebuteur.com%29\">Cliquez ici pour lire l&rsquo;article depuis sa source.<\/a><\/p>\n","protected":false},"excerpt":{"rendered":"<p>Auteur : mercredi 26 mai 2021 17:59 Depuis un peu plus d\u2019une semaine d\u00e9sormais, tout le monde ne parle que du retour de Karim Benzema en \u00e9quipe de France. Apr\u00e8s une explication avec Didier Deschamps, l\u2019attaquant du Real Madrid a \u00e9t\u00e9 rappel\u00e9 en s\u00e9lection pour disputer l\u2019Euro. Et ce mercredi, toutes les cam\u00e9ras \u00e9taient braqu\u00e9es [&hellip;]<\/p>\n","protected":false},"author":1738,"featured_media":0,"comment_status":"closed","ping_status":"closed","sticky":false,"template":"","format":"standard","meta":{"fifu_image_url":"\/\/cdn.lebuteur.com\/data\/images\/article\/thumbs\/large-equipe-de-france-deschamps-en-rajoute-une-couche-sur-benzema-b5e7e.jpg","fifu_image_alt":"International : Equipe de France: Deschamps en rajoute une couche sur Benzema !","footnotes":""},"categories":[53,75],"tags":[],"class_list":["post-117434","post","type-post","status-publish","format-standard","hentry","category-algerie","category-sport"],"_links":{"self":[{"href":"https:\/\/linitiative.ca\/International\/wp-json\/wp\/v2\/posts\/117434","targetHints":{"allow":["GET"]}}],"collection":[{"href":"https:\/\/linitiative.ca\/International\/wp-json\/wp\/v2\/posts"}],"about":[{"href":"https:\/\/linitiative.ca\/International\/wp-json\/wp\/v2\/types\/post"}],"author":[{"embeddable":true,"href":"https:\/\/linitiative.ca\/International\/wp-json\/wp\/v2\/users\/1738"}],"replies":[{"embeddable":true,"href":"https:\/\/linitiative.ca\/International\/wp-json\/wp\/v2\/comments?post=117434"}],"version-history":[{"count":0,"href":"https:\/\/linitiative.ca\/International\/wp-json\/wp\/v2\/posts\/117434\/revisions"}],"wp:attachment":[{"href":"https:\/\/linitiative.ca\/International\/wp-json\/wp\/v2\/media?parent=117434"}],"wp:term":[{"taxonomy":"category","embeddable":true,"href":"https:\/\/linitiative.ca\/International\/wp-json\/wp\/v2\/categories?post=117434"},{"taxonomy":"post_tag","embeddable":true,"href":"https:\/\/linitiative.ca\/International\/wp-json\/wp\/v2\/tags?post=117434"}],"curies":[{"name":"wp","href":"https:\/\/api.w.org\/{rel}","templated":true}]}}