{"id":117435,"date":"2021-05-26T15:14:14","date_gmt":"2021-05-26T19:14:14","guid":{"rendered":"https:\/\/linitiative.ca\/International\/ligue-1-2-jsk-lavagne-daccord-pour-prolonger-mais-sous-conditions\/"},"modified":"2021-05-26T15:14:14","modified_gmt":"2021-05-26T19:14:14","slug":"ligue-1-2-jsk-lavagne-daccord-pour-prolonger-mais-sous-conditions","status":"publish","type":"post","link":"https:\/\/linitiative.ca\/International\/ligue-1-2-jsk-lavagne-daccord-pour-prolonger-mais-sous-conditions\/","title":{"rendered":"Ligue 1 &amp; 2 : JSK: Lavagne d&rsquo;accord pour prolonger mais sous conditions"},"content":{"rendered":"<div readability=\"32\">\n<p>Auteur : <span class=\"time\">mercredi 26 mai 2021 18:03<\/span><\/p>\n<\/div>\n<div id=\"post_core\" readability=\"66\">\n<p>L&rsquo;entra\u00eeneur fran\u00e7ais de la JS Kabylie (Ligue 1 alg\u00e9rienne de football) Denis Lavagne, s&rsquo;est dit favorable \u00e0 prolonger son contrat avec les \u00ab\u00a0Canaris\u00a0\u00bb, non sans poser certaines conditions aux dirigeants kabyles. \u00ab\u00a0Je ne suis pas press\u00e9. Je me suis engag\u00e9 jusqu&rsquo;\u00e0 la fin de la saison. On est venu me relancer fin f\u00e9vrier pour que je renouvelle mon contrat. Mais aujourd&rsquo;hui, il y a encore des points \u00e0 \u00e9claircir, que ce soit sur le plan financier ou sportif. Le club souhaite-t-il conserver ses joueurs et d\u00e9velopper l&rsquo;\u00e9quipe ? Il me faudra des garanties. Et si cela s&rsquo;arrange, pourquoi pas ?\u00a0\u00bb, a-t-il indiqu\u00e9 dans un entretien accord\u00e9 mercredi \u00e0 France Football. Lavagne avait rejoint le banc de la JSK en janvier dernier, en remplacement de Youcef Bouzidi, dont le contrat avait \u00e9t\u00e9 r\u00e9sili\u00e9 \u00e0 l&rsquo;amiable. Sous la coupe de Lavagne, la JSK a valid\u00e9 dimanche son billet pour les demi-finales de la Coupe de la Conf\u00e9d\u00e9ration africaine (CAF), aux d\u00e9pens des Tunisiens du CS Sfax (aller : 1-0, retour : 1-1). Dans le dernier carr\u00e9, la JSK retrouvera le club camerounais de Coton Sport, qu&rsquo;elle avait battu lors des deux manches \u00e0 la phase de poules (1-0 \u00e0 Tizi-Ouzou, 2-1 \u00e0 Garoua). \u00ab\u00a0Ils seront tr\u00e8s revanchards apr\u00e8s les deux d\u00e9faites inflig\u00e9es en poules. Je m&rsquo;attends \u00e0 un match aller \u00e0 Garoua tr\u00e8s compliqu\u00e9. A ce sujet, je me souviens qu&rsquo;en poule, ils nous avaient avanc\u00e9 l&rsquo;heure du match, de 16 heures \u00e0 14 heures. Il faisait plus de 40 degr\u00e9s !\u00a0\u00bb, a-t-il soulign\u00e9. Lavagne, pass\u00e9 notamment par le CS Constantine (2018-2019), n&rsquo;a pas tari d&rsquo;\u00e9loges sur ses joueurs. \u00ab\u00a0J&rsquo;ai un groupe de joueurs avec une grosse volont\u00e9, beaucoup de solidarit\u00e9, qui leur permet d&rsquo;aller chercher des r\u00e9sultats. On d\u00e9veloppe de temps en temps du jeu, on est solides d\u00e9fensivement. En revanche, on a du mal \u00e0 concr\u00e9tiser devant\u00a0\u00bb. Enfin, le coach kabyle a appr\u00e9hend\u00e9 le calendrier auquel sera soumise son \u00e9quipe, qui joue sur les trois fronts. \u00ab\u00a0Il nous reste 17 matches \u00e0 disputer sur la sc\u00e8ne nationale et la CAF souhaite que les championnats se finissent le 30 juin au plus tard ! On a aussi un quart de finale de Coupe de la Ligue et deux matches de Coupe d&rsquo;Afrique. La JSK joue sur trois tableaux et a, \u00e0 minima, vingt matches en un mois de demi&#8230;C&rsquo;est impossible \u00e0 tenir ! R\u00e9guli\u00e8rement, j&rsquo;ai fait tourner cette saison et on a laiss\u00e9 filer pas mal de points. Parce que jouer tous les trois jours, c&rsquo;est compliqu\u00e9\u00a0\u00bb, a-t-il conclu.<\/p>\n<p><strong>Publi\u00e9 dans :<\/strong> <span>Lavagne<\/span><\/p>\n<\/div>\n<p>Auteur:<br \/>\n<a href=\"http:\/\/www.lebuteur.com\/article\/detail?titre=jsk-lavagne-daccord-pour-prolonger-mais-sous-conditions&#038;id=100191&#038;utm_source=feedburner&#038;utm_medium=feed&#038;utm_campaign=Feed%3A+GalerieFArtciles+%28Les+derniers+articles++-+lebuteur.com%29\">Cliquez ici pour lire l&rsquo;article depuis sa source.<\/a><\/p>\n","protected":false},"excerpt":{"rendered":"<p>Auteur : mercredi 26 mai 2021 18:03 L&rsquo;entra\u00eeneur fran\u00e7ais de la JS Kabylie (Ligue 1 alg\u00e9rienne de football) Denis Lavagne, s&rsquo;est dit favorable \u00e0 prolonger son contrat avec les \u00ab\u00a0Canaris\u00a0\u00bb, non sans poser certaines conditions aux dirigeants kabyles. \u00ab\u00a0Je ne suis pas press\u00e9. Je me suis engag\u00e9 jusqu&rsquo;\u00e0 la fin de la saison. On est [&hellip;]<\/p>\n","protected":false},"author":1738,"featured_media":0,"comment_status":"closed","ping_status":"closed","sticky":false,"template":"","format":"standard","meta":{"fifu_image_url":"\/\/cdn.lebuteur.com\/data\/images\/article\/thumbs\/large-jsk-lavagne-daccord-pour-prolonger-mais-sous-conditions-eb2be.jpg","fifu_image_alt":"Ligue 1 & 2 : JSK: Lavagne d'accord pour prolonger mais sous conditions","footnotes":""},"categories":[53,75],"tags":[],"class_list":["post-117435","post","type-post","status-publish","format-standard","hentry","category-algerie","category-sport"],"_links":{"self":[{"href":"https:\/\/linitiative.ca\/International\/wp-json\/wp\/v2\/posts\/117435","targetHints":{"allow":["GET"]}}],"collection":[{"href":"https:\/\/linitiative.ca\/International\/wp-json\/wp\/v2\/posts"}],"about":[{"href":"https:\/\/linitiative.ca\/International\/wp-json\/wp\/v2\/types\/post"}],"author":[{"embeddable":true,"href":"https:\/\/linitiative.ca\/International\/wp-json\/wp\/v2\/users\/1738"}],"replies":[{"embeddable":true,"href":"https:\/\/linitiative.ca\/International\/wp-json\/wp\/v2\/comments?post=117435"}],"version-history":[{"count":0,"href":"https:\/\/linitiative.ca\/International\/wp-json\/wp\/v2\/posts\/117435\/revisions"}],"wp:attachment":[{"href":"https:\/\/linitiative.ca\/International\/wp-json\/wp\/v2\/media?parent=117435"}],"wp:term":[{"taxonomy":"category","embeddable":true,"href":"https:\/\/linitiative.ca\/International\/wp-json\/wp\/v2\/categories?post=117435"},{"taxonomy":"post_tag","embeddable":true,"href":"https:\/\/linitiative.ca\/International\/wp-json\/wp\/v2\/tags?post=117435"}],"curies":[{"name":"wp","href":"https:\/\/api.w.org\/{rel}","templated":true}]}}