{"id":117437,"date":"2021-05-26T05:57:00","date_gmt":"2021-05-26T09:57:00","guid":{"rendered":"https:\/\/linitiative.ca\/International\/hajer-gueldich-noublions-pas-de-celebrer-la-journee-mondiale-de-lafrique-le-25-mai-de-chaque-annee\/"},"modified":"2021-05-26T05:57:00","modified_gmt":"2021-05-26T09:57:00","slug":"hajer-gueldich-noublions-pas-de-celebrer-la-journee-mondiale-de-lafrique-le-25-mai-de-chaque-annee","status":"publish","type":"post","link":"https:\/\/linitiative.ca\/International\/hajer-gueldich-noublions-pas-de-celebrer-la-journee-mondiale-de-lafrique-le-25-mai-de-chaque-annee\/","title":{"rendered":"Hajer Gueldich: N\u2019oublions pas de c\u00e9l\u00e9brer la journ\u00e9e mondiale de l\u2019Afrique le 25 mai de chaque ann\u00e9e"},"content":{"rendered":"<p><img decoding=\"async\" src=\"\/uploads\/FCK_files\/Hajer-Gueldiche.jpg\" alt=\"\" width=\"15%\" vspace=\"5\" hspace=\"5\" align=\"left\"\/>Une date symbole pour l\u2019Afrique, le 25 mai, est encore pass\u00e9e inaper\u00e7ue dans notre pays.<\/p>\n<p>L\u2019Afrique et le monde entier c\u00e9l\u00e8brent, le 25 mai de chaque ann\u00e9e, le jour de l\u2019Afrique. Pourtant, peu s\u2019en soucient ou s\u2019en souviennent. Ni la Pr\u00e9sidence de la R\u00e9publique, ni la Pr\u00e9sidence du gouvernement n\u2019en ont fait une quelconque d\u00e9claration sur leurs sites officiels; Mis \u00e0 part le Minist\u00e8re des affaires \u00e9trang\u00e8res et nos Ambassadeurs en Afrique qui font comme ils peuvent depuis leurs Ambassades respectives dans les pays africains, la Tunisie reste encore une fois de plus, en marge d\u2019un \u00e9v\u00e9nement aussi important que la journ\u00e9e de l\u2019Afrique. Les m\u00e9dias brillent par leur absence. Les \u00e9lites du pays ont d\u2019autres priorit\u00e9s.<\/p>\n<p><span class=\"c2\"><strong>1. Pourquoi c\u00e9l\u00e9brer la journ\u00e9e de l\u2019Afrique le 25 mai de chaque ann\u00e9e?<\/strong><\/span><\/p>\n<p>Peu d\u2019Africains s\u2019en soucient, mais ce 25 mai se trouve \u00eatre la Journ\u00e9e mondiale de l\u2019Afrique, en souvenir du congr\u00e8s fondateur de l\u2019Organisation de l\u2019Union africaine (OUA), anc\u00eatre de l\u2019actuelle Union africaine (UA).<\/p>\n<p>Pourquoi le 25 mai ? Ce jour c\u00e9l\u00e8bre tout simplement la comm\u00e9moration de la cr\u00e9ation de l\u2019Organisation de l\u2019Union africaine (OUA), le 25 mai 1963 \u00e0 Addis-Abeba, en \u00c9thiopie. \u00c0 l\u2019\u00e9poque, l\u2019organisation panafricaine avait pour objectif de r\u00e9unir les 32 \u00c9tats qui venaient d\u2019acc\u00e9der \u00e0 l\u2019ind\u00e9pendance. Mais aussi d\u2019aider les peuples qui n\u2019\u00e9taient pas encore libres \u00e0 se d\u00e9faire du colonialisme.<\/p>\n<p>Quelques ann\u00e9es plus tard, et \u00e0 l\u2019occasion du premier congr\u00e8s des \u00c9tats africains ind\u00e9pendants se r\u00e9unissant \u00e0 Accra \u00e0 l\u2019invitation de Kwame Nkrumah, les Etats membres ont appel\u00e9 \u00e0 la cr\u00e9ation d\u2019une \u00ab Journ\u00e9e de la libert\u00e9 africaine \u00bb afin de marquer chaque ann\u00e9e les progr\u00e8s en cours dans le mouvement de lib\u00e9ration et symboliser la d\u00e9termination des peuples d\u2019Afrique \u00e0 se lib\u00e9rer de la domination \u00e9trang\u00e8re et de l\u2019exploitation. Dans cette perspective, la journ\u00e9e du 25 mai a pour but de souligner la n\u00e9cessit\u00e9 de <em>\u00abrenforcer l\u2019unit\u00e9 et la solidarit\u00e9 des \u00c9tats africains\u00bb<\/em>, selon la Charte de l\u2019OUA.<\/p>\n<p>Lors du Discours d\u2019ouverture du premier Sommet de l\u2019Organisation de l\u2019Unit\u00e9 Africaine (OUA), ces mots retentissaient le 24 mai 1963 : <em>\u00abNous devons maintenant nous unir ou p\u00e9rir. Je suis certain que par des efforts concert\u00e9s et notre ferme propos, nous allons jeter ici m\u00eame les fondations sur lesquelles s&rsquo;\u00e9l\u00e8vera une union continentale des Etats africains.\u2026\u00bb<\/em>. Ces propos de Kwame NKRUMAH m\u00e9ritent en eux-m\u00eames la n\u00e9cessit\u00e9 de c\u00e9l\u00e9brer une date historique !<\/p>\n<p>Unanimement, les Etats africains se sont engag\u00e9s, lors de la tenue du premier sommet de l&rsquo;Organisation pour l&rsquo;Unit\u00e9 africaine (OUA), \u00e0 contribuer \u00e0 l\u2019unit\u00e9 africaine.<br \/>Aujourd\u2019hui, et dans les m\u00eames perspectives des objectifs de l\u2019Agenda 2063, il importe de comm\u00e9morer le chemin parcouru, il y a d\u00e9j\u00e0 une soixantaine d\u2019ann\u00e9es, afin de marquer notre attachement ind\u00e9fectible \u00e0 notre identit\u00e9 culturelle commune.<\/p>\n<p>A travers cette date m\u00e9morable, l\u2019Afrique c\u00e9l\u00e8bre sa fraternit\u00e9 et sa solidarit\u00e9 d\u2019antan. Les cinquante-cinq (55) Etats africains devraient songer \u00e0 remettre sur les rails le rapprochement des cultures et des peuples africains et \u0153uvrer ensemble pour une Afrique unie, int\u00e9gr\u00e9e et prosp\u00e8re.<\/p>\n<p>Il appartient aux d\u00e9cideurs africains de garder et faire garder \u00e0 l\u2019esprit le vaste chantier d\u2019unit\u00e9 trac\u00e9 par les p\u00e8res fondateurs du panafricanisme et pour lequel nous devrons absolument apporter notre contribution, pour le bonheur des g\u00e9n\u00e9rations \u00e0 venir.<\/p>\n<p><span class=\"c2\"><strong>2. Comment l\u2019Union africaine a c\u00e9l\u00e9br\u00e9 le 25 mai cette ann\u00e9e?<\/strong><\/span><\/p>\n<p>Le Pr\u00e9sident de la Commission de l\u2019Union africaine, son excellence Moussa Mohamed Faki, a fait une d\u00e9claration hier \u00e0 l\u2019occasion de cette journ\u00e9e, en voici quelques extraits:<\/p>\n<p><em>\u00ab Mes chers Concitoyens d\u2019Afrique et de la Diaspora,<\/em><\/p>\n<p><em>Nous c\u00e9l\u00e9brons aujourd\u2019hui la naissance de l\u2019Organisation de l\u2019Unit\u00e9 africaine (OUA), en souvenir de ce jour historique du 25 Mai 1963 ou une vingtaine de Chefs d\u2019\u00c9tat africains cr\u00e9aient, dans l\u2019enthousiasme \u00e0 Addis-Abeba, cette Organisation Continentale. Celle-ci s\u2019\u00e9tait fix\u00e9e pour ambition l\u2019ind\u00e9pendance totale de l\u2019Afrique sur le plan politique et \u00e9conomique et la r\u00e9alisation de son unit\u00e9. Cinquante-huit ans apr\u00e8s, l\u2019Union africaine qui a pris le relais de l\u2019OUA, poursuit cette ambition avec plus ou moins de r\u00e9ussite. Elle le fait concr\u00e8tement sur le terrain, mais elle le fait aussi sur la base des principes.<\/em><\/p>\n<p><em>Ces principes sont ceux de la renaissance Africaine, de l&rsquo;esprit du Panafricanisme, de l&rsquo;identit\u00e9 culturelle et des valeurs partag\u00e9es, chers aux p\u00e8res fondateurs et d\u00e9finis dans l&rsquo;Acte constitutif de l&rsquo;UA, de l&rsquo;Agenda 2063 de l&rsquo;UA et d&rsquo;autres instruments continentaux. Ces principes et valeurs ont un r\u00f4le important \u00e0 jouer dans la construction de l&rsquo;Afrique que nous voulons.<\/em><\/p>\n<p><em>En effet, l\u2019Union africaine a prescrit aux \u00c9tats africains de chercher dans leurs rep\u00e8res culturels et leurs valeurs ancestrales le soubassement de leur essor, tout en s\u2019inscrivant dans l\u2019\u00e9volution du monde. Longtemps anesth\u00e9si\u00e9 par les effets de la colonisation, l\u2019Africain doit puiser au plus profond de son patrimoine culturel et artistique les cl\u00e9s de son \u00e9panouissement.<\/em><\/p>\n<p><em>C\u2019est ce message que voudrait v\u00e9hiculer l\u2019UA \u00e0 travers le th\u00e8me de l\u2019ann\u00e9e 2021 consacr\u00e9 aux Arts, culture et patrimoine comme leviers pour construire l\u2019Afrique que nous voulons.<\/em><\/p>\n<p><em>Chers Concitoyens, Mesdames, Messieurs,<\/em><\/p>\n<p><em>Nous avions voulu combiner symboliquement le th\u00e8me de l\u2019ann\u00e9e avec la Journ\u00e9e de l\u2019Afrique pour proc\u00e9der au lancement de l\u2019entr\u00e9e en vigueur de la Charte de la Renaissance Culturelle africaine adopt\u00e9e depuis 2006 \u00e0 Khartoum au Soudan. L&rsquo;un des objectifs de cette Charte est de renforcer le r\u00f4le de la culture dans la promotion de la paix et de la bonne gouvernance. L&rsquo;Union africaine est consciente du r\u00f4le que les arts, les expressions audiovisuelles et cin\u00e9matographiques ainsi que d&rsquo;autres industries cr\u00e9atives jouent dans le processus d&rsquo;int\u00e9gration africaine en tant que facteur de paix, de compr\u00e9hension et de pr\u00e9vention des conflits ainsi que de croissance socio-\u00e9conomique. En d\u00e9pit de la domination culturelle qui, au cours de la traite des esclaves et de l&rsquo;\u00e8re coloniale, a conduit \u00e0 la d\u00e9personnalisation d&rsquo;une partie des peuples africains, a falsifi\u00e9 leur histoire, a syst\u00e9matiquement d\u00e9nigr\u00e9 et combattu les valeurs africaines, et a tent\u00e9 de remplacer progressivement et officiellement leurs langues par celle du colonisateur, les peuples africains ont pu trouver dans la culture africaine la force n\u00e9cessaire \u00e0 la r\u00e9sistance et \u00e0 la lib\u00e9ration du Continent.<\/em><\/p>\n<p><em>L&rsquo;Union africaine estime que l&rsquo;unit\u00e9 de l&rsquo;Afrique se fonde d&rsquo;abord et avant tout sur son histoire. L&rsquo;histoire de l&rsquo;Afrique, qui fait partie de notre identit\u00e9 culturelle, est un imp\u00e9ratif pour le d\u00e9veloppement du Continent. Elle est aussi un vecteur de formation de la personnalit\u00e9 africaine et d\u2019affirmation des peuples africains dans le monde. L\u2019Afrique ne peut s\u2019imposer dans le multilat\u00e9ralisme et les partenariats avec le reste du monde que par l\u2019affirmation, sans complexe, ni ombrage de son \u00eatre, de sa personnalit\u00e9 et de son identit\u00e9 sur une base de totale \u00e9galit\u00e9 avec les autres.<\/em><\/p>\n<p><em>Mesdames, Messieurs,<\/em><\/p>\n<p><em>L\u2019Afrique a longtemps occult\u00e9 le r\u00f4le de la culture dans la promotion et la formation des Nations. J\u2019entends, au cours de ce mandat, corriger cette tendance en m\u2019int\u00e9ressant, plus que je ne l\u2019ai fait par le pass\u00e9, \u00e0 la culture et \u00e0 la pens\u00e9e africaines. J\u2019ai indiqu\u00e9 que je ferai appel aux universitaires et aux sociologues de tous les espaces culturels pour apporter leur contribution \u00e0 l\u2019\u00e9dification d\u2019un consensus africain solide et r\u00e9alisable. Les diff\u00e9rentes r\u00e9flexions en rapport avec le th\u00e8me de l\u2019ann\u00e9e, que m\u00e8neront aujourd\u2019hui d\u2019\u00e9minentes personnalit\u00e9s africaines pour marquer cette journ\u00e9e de l\u2019Afrique, s\u2019inscrivent bien dans cette dynamique. Je voudrais leur exprimer toute ma reconnaissance et les assurer que leurs contributions intellectuelles ne manqueront pas d\u2019abreuver notre soif de renaissance culturelle de l\u2019Afrique. Je souhaite \u00e0 tous les Africains, du Continent comme ceux de la Diaspora, joyeux anniversaire.<br \/>Que Dieu b\u00e9nisse l\u2019Afrique \u00bb.<\/em><\/p>\n<p>Aussi, le bureau du Conseiller juridique de l\u2019Union africaine va lancer aujourd\u2019hui, 26 mai 2021, un Webinaire pour marquer le 20e anniversaire de l\u2019entr\u00e9e en vigueur de l\u2019Acte constitutif de l\u2019Union africaine du 11 juillet 2020.<\/p>\n<p><span class=\"c2\"><strong>3. La contribution symbolique du Master de recherche en Droit et politiques de l\u2019Union africaine de l\u2019Universit\u00e9 de Carthage<\/strong><\/span><\/p>\n<p>Notre Master de recherche en Droit et politiques de l&rsquo;Union Africaine de l\u2019Universit\u00e9 de Carthage, sous ma direction, a lanc\u00e9 un message d&rsquo;amour et de solidarit\u00e9 depuis l&rsquo;amphith\u00e9\u00e2tre de Carthage \u00e0 toute l&rsquo;Afrique, hier mardi le 25 mai 2021.<\/p>\n<p>Les jeunes chercheurs sont venus munis des drapeaux de la Tunisie et de quelques autres pays africains pour passer ce message de solidarit\u00e9, dans une photo symbolique depuis Carthage, terre des civilisations depuis plus de trois mille ans, rappelant ainsi que l&rsquo;int\u00e9gration du continent ne pourra se faire qu&rsquo;\u00e0 travers l&rsquo;implication effective des populations africaines au projet de l&rsquo;union, de leur imbrication des valeurs de solidarit\u00e9 commune et d&rsquo;un vouloir vivre ensemble.<\/p>\n<p class=\"c3\"><img decoding=\"async\" src=\"\/uploads\/FCK_files\/191157302_170791918382625_35543027897811991_n.jpg\" alt=\"\" width=\"100%\" vspace=\"5\" hspace=\"5\" align=\"middle\"\/><\/p>\n<p>Nous sommes guid\u00e9s par notre vision commune d&rsquo;une Afrique unie, int\u00e9gr\u00e9e, prosp\u00e8re et forte, r\u00e9solus \u00e0 combattre toutes les formes de violence, d&rsquo;extr\u00e9misme violent, de terrorisme, de racisme et de discrimination raciale et nous \u00e9tions heureux d&rsquo;avoir \u00e9t\u00e9 r\u00e9unis, depuis Carthage hier, pour c\u00e9l\u00e9brer l&rsquo;Afrique dans toute sa splendeur et dans toutes ses dimensions.<\/p>\n<p>En raison des circonstances exceptionnelles dues \u00e0 la situation de Covid-19, nos actions ont \u00e9t\u00e9 restreintes et limit\u00e9es mais nous envisageons de multiplier les activit\u00e9s et les festivit\u00e9s lors des prochaines \u00e9ditions.<\/p>\n<p>Voici le texte de la Lettre des Etudiants du Master de recherche en droit et politiques de l\u2019Union Africaine \u00e0 l\u2019occasion de la c\u00e9l\u00e9bration de la journ\u00e9e de l\u2019Afrique du 25 mai :<\/p>\n<p>Ch\u00e8re Afrique :<\/p>\n<p><em>\u00ab Si tu veux construire un bateau, ne rassemble pas des hommes et femmes pour leur donner des ordres, fais na\u00eetre dans le c\u0153ur de tes hommes et femmes le d\u00e9sir de la mer \u00bb.<\/em><\/p>\n<p>Voil\u00e0, ce que nous avons nous, Le d\u00e9sir de l&rsquo;Afrique.<\/p>\n<p>Le 25 mai est une journ\u00e9e o\u00f9 tout le monde f\u00eate l\u2019Afrique, dans sa journ\u00e9e ce beau vieux continent qui n&rsquo;a jamais cess\u00e9 de prouver au monde qu&rsquo;il est et sera toujours un point de d\u00e9part vers le monde entier.<br \/>L&rsquo;Afrique reste toujours, malgr\u00e9 des hauts et des bas, au sommet du monde.<\/p>\n<p>Avec plus de 1,3 milliard d&rsquo;habitants, l&rsquo;Afrique repr\u00e9sente 17,2 % de la population mondiale en 2020. Le continent est bord\u00e9 par la mer M\u00e9diterran\u00e9e au nord, le canal de Suez et la mer Rouge au nord-est, l\u2019oc\u00e9an Indien au sud-est et l\u2019oc\u00e9an Atlantique \u00e0 l\u2019ouest.<\/p>\n<p>Dans notre Master en Droit et Politiques de l&rsquo;Union Africaine de la Facult\u00e9 des Sciences juridiques politiques et sociales de Tunis- Universit\u00e9 de Carthage, le savoir et les \u00e9tudes, nos cours et nos conf\u00e9rences portant sur les diff\u00e9rentes th\u00e9matiques concernant notre continent, ont fait na\u00eetre en nous le d\u00e9sir de l&rsquo;Afrique.<\/p>\n<p><em>\u00abJe suis africain, non pas parce que je suis n\u00e9 en Afrique, mais parce que l&rsquo;Afrique est n\u00e9e en moi\u00bb<\/em>, disait le grand Kwame Nkrumah le p\u00e8re fondateur du panafricanisme et un l&rsquo;un des hommes qui ont chang\u00e9 le destin de l&rsquo;Afrique.<\/p>\n<p>Aujourd&rsquo;hui, on c\u00e9l\u00e8bre notre continent Africain, ind\u00e9pendamment de tous ses malheurs, nous le peuple de la rumba et le makossa, les amoureux de la vie &#8230;nous Africains, nous sommes la joie. Nous sommes l\u2019avenir.<\/p>\n<p>Comme l&rsquo;herbe qui pousse entre les joints des roches, l&rsquo;Afrique nous \u00e9treint.<br \/>Le message de l&rsquo;Afrique au reste du monde n&rsquo;est pas diff\u00e9rent de celui du grand L\u00e9opold S\u00e9dar Senghor, tr\u00e8s chers vous \u00eates les t\u00e9moins de l\u2019Afrique immortelle, vous \u00eates les t\u00e9moins du monde nouveau qui sera demain.<\/p>\n<p>C\u00e9l\u00e9brons l\u2019Afrique que nous voulons !<\/p>\n<p>Vive l&rsquo;Afrique!<\/p>\n<p class=\"c5\"><strong>Hajer Gueldich<\/strong><br \/><span class=\"c4\"><em>Professeure agr\u00e9g\u00e9e des Universit\u00e9s \u00e0 la Facult\u00e9 des sciences juridiques, politiques et sociales de Tunis- Universit\u00e9 de Carthage,<br \/>Directrice du Master de recherche en droit et politiques de l\u2019Union africaine et\u00a0 Responsable de la Chaire des \u00e9tudes africaines<\/em><\/span><\/p>\n<p>Auteur:<br \/>\n<a href=\"https:\/\/www.leaders.com.tn\/article\/31927-hajer-gueldich-n-oublions-pas-de-celebrer-la-journee-mondiale-de-l-afrique-le-25-mai-de-chaque-annee\">Cliquez ici pour lire l&rsquo;article depuis sa source.<\/a><\/p>\n","protected":false},"excerpt":{"rendered":"<p>Une date symbole pour l\u2019Afrique, le 25 mai, est encore pass\u00e9e inaper\u00e7ue dans notre pays. L\u2019Afrique et le monde entier c\u00e9l\u00e8brent, le 25 mai de chaque ann\u00e9e, le jour de l\u2019Afrique. Pourtant, peu s\u2019en soucient ou s\u2019en souviennent. Ni la Pr\u00e9sidence de la R\u00e9publique, ni la Pr\u00e9sidence du gouvernement n\u2019en ont fait une quelconque d\u00e9claration [&hellip;]<\/p>\n","protected":false},"author":1772,"featured_media":0,"comment_status":"closed","ping_status":"closed","sticky":false,"template":"","format":"standard","meta":{"fifu_image_url":"\/uploads\/FCK_files\/Hajer-Gueldiche.jpg","fifu_image_alt":"Hajer Gueldich: N\u2019oublions pas de c\u00e9l\u00e9brer la journ\u00e9e mondiale de l\u2019Afrique le 25 mai de chaque ann\u00e9e","footnotes":""},"categories":[73,55],"tags":[],"class_list":["post-117437","post","type-post","status-publish","format-standard","hentry","category-actualite","category-tunisie"],"_links":{"self":[{"href":"https:\/\/linitiative.ca\/International\/wp-json\/wp\/v2\/posts\/117437","targetHints":{"allow":["GET"]}}],"collection":[{"href":"https:\/\/linitiative.ca\/International\/wp-json\/wp\/v2\/posts"}],"about":[{"href":"https:\/\/linitiative.ca\/International\/wp-json\/wp\/v2\/types\/post"}],"author":[{"embeddable":true,"href":"https:\/\/linitiative.ca\/International\/wp-json\/wp\/v2\/users\/1772"}],"replies":[{"embeddable":true,"href":"https:\/\/linitiative.ca\/International\/wp-json\/wp\/v2\/comments?post=117437"}],"version-history":[{"count":0,"href":"https:\/\/linitiative.ca\/International\/wp-json\/wp\/v2\/posts\/117437\/revisions"}],"wp:attachment":[{"href":"https:\/\/linitiative.ca\/International\/wp-json\/wp\/v2\/media?parent=117437"}],"wp:term":[{"taxonomy":"category","embeddable":true,"href":"https:\/\/linitiative.ca\/International\/wp-json\/wp\/v2\/categories?post=117437"},{"taxonomy":"post_tag","embeddable":true,"href":"https:\/\/linitiative.ca\/International\/wp-json\/wp\/v2\/tags?post=117437"}],"curies":[{"name":"wp","href":"https:\/\/api.w.org\/{rel}","templated":true}]}}