{"id":117438,"date":"2021-05-26T10:12:00","date_gmt":"2021-05-26T14:12:00","guid":{"rendered":"https:\/\/linitiative.ca\/International\/officiel-jean-castex-mercredi-prochain-a-tunis\/"},"modified":"2021-05-26T10:12:00","modified_gmt":"2021-05-26T14:12:00","slug":"officiel-jean-castex-mercredi-prochain-a-tunis","status":"publish","type":"post","link":"https:\/\/linitiative.ca\/International\/officiel-jean-castex-mercredi-prochain-a-tunis\/","title":{"rendered":"Officiel \u2013 Jean Castex mercredi prochain \u00e0 Tunis"},"content":{"rendered":"<p>Le Premier ministre fran\u00e7ais, Jean Castex se rendra mercredi prochain 2 juin en visite officielle de deux jours \u00e0 Tunis, \u00e0 la t\u00eate d\u2019une importante d\u00e9l\u00e9gation, \u00e0 l\u2019invitation de son homologue tunisien, Hichem Mechichi. Ils pr\u00e9sideront \u00e0 cette occasion la r\u00e9union du Haut- Conseil de coop\u00e9ration, institu\u00e9 entre les deux pays.<\/p>\n<p>Apr\u00e8s un d\u00eener offert mardi soir en l\u2019honneur de la d\u00e9l\u00e9gation fran\u00e7aise et en pr\u00e9sence de membres du gouvernement tunisien, le programme du lendemain, jeudi 3 juin comprend sera tr\u00e8s dense. Il comprend notamment des entretiens \u00e0 la Kasbah, la signature de nouveaux accords de coop\u00e9ration bilat\u00e9rale, une visite sur le site du RFR, financ\u00e9 en partie par la France et la pr\u00e9sidence d\u2019un forum d\u2019affaires au si\u00e8ge de l\u2019Utica.<\/p>\n<p>Au cours de sa visite, Jean Castex sera re\u00e7u par le pr\u00e9sident de la R\u00e9publique, Kais Sa\u00efed, apprend <span class=\"c2\"><strong>Leaders<\/strong><\/span> de bonne source.<\/p>\n<p>Auteur:<br \/>\n<a href=\"https:\/\/www.leaders.com.tn\/article\/31930-officiel-jean-castex-ce-dimanche-a-tunis\">Cliquez ici pour lire l&rsquo;article depuis sa source.<\/a><\/p>\n","protected":false},"excerpt":{"rendered":"<p>Le Premier ministre fran\u00e7ais, Jean Castex se rendra mercredi prochain 2 juin en visite officielle de deux jours \u00e0 Tunis, \u00e0 la t\u00eate d\u2019une importante d\u00e9l\u00e9gation, \u00e0 l\u2019invitation de son homologue tunisien, Hichem Mechichi. Ils pr\u00e9sideront \u00e0 cette occasion la r\u00e9union du Haut- Conseil de coop\u00e9ration, institu\u00e9 entre les deux pays. Apr\u00e8s un d\u00eener offert [&hellip;]<\/p>\n","protected":false},"author":1772,"featured_media":0,"comment_status":"closed","ping_status":"closed","sticky":false,"template":"","format":"standard","meta":{"fifu_image_url":"","fifu_image_alt":"","footnotes":""},"categories":[73,55],"tags":[],"class_list":["post-117438","post","type-post","status-publish","format-standard","hentry","category-actualite","category-tunisie"],"_links":{"self":[{"href":"https:\/\/linitiative.ca\/International\/wp-json\/wp\/v2\/posts\/117438","targetHints":{"allow":["GET"]}}],"collection":[{"href":"https:\/\/linitiative.ca\/International\/wp-json\/wp\/v2\/posts"}],"about":[{"href":"https:\/\/linitiative.ca\/International\/wp-json\/wp\/v2\/types\/post"}],"author":[{"embeddable":true,"href":"https:\/\/linitiative.ca\/International\/wp-json\/wp\/v2\/users\/1772"}],"replies":[{"embeddable":true,"href":"https:\/\/linitiative.ca\/International\/wp-json\/wp\/v2\/comments?post=117438"}],"version-history":[{"count":0,"href":"https:\/\/linitiative.ca\/International\/wp-json\/wp\/v2\/posts\/117438\/revisions"}],"wp:attachment":[{"href":"https:\/\/linitiative.ca\/International\/wp-json\/wp\/v2\/media?parent=117438"}],"wp:term":[{"taxonomy":"category","embeddable":true,"href":"https:\/\/linitiative.ca\/International\/wp-json\/wp\/v2\/categories?post=117438"},{"taxonomy":"post_tag","embeddable":true,"href":"https:\/\/linitiative.ca\/International\/wp-json\/wp\/v2\/tags?post=117438"}],"curies":[{"name":"wp","href":"https:\/\/api.w.org\/{rel}","templated":true}]}}