{"id":117440,"date":"2021-05-26T13:37:00","date_gmt":"2021-05-26T17:37:00","guid":{"rendered":"https:\/\/linitiative.ca\/International\/kais-saied-remet-les-pendules-a-lheure-visite-de-mechichi-en-libye-mandat-damener-contre-khiari-et-lactivation-de-larticle-80\/"},"modified":"2021-05-26T13:37:00","modified_gmt":"2021-05-26T17:37:00","slug":"kais-saied-remet-les-pendules-a-lheure-visite-de-mechichi-en-libye-mandat-damener-contre-khiari-et-lactivation-de-larticle-80","status":"publish","type":"post","link":"https:\/\/linitiative.ca\/International\/kais-saied-remet-les-pendules-a-lheure-visite-de-mechichi-en-libye-mandat-damener-contre-khiari-et-lactivation-de-larticle-80\/","title":{"rendered":"Kais Sa\u00efed remet les pendules \u00e0 l\u2019heure : visite de Mechichi en Libye, mandat d\u2019amener contre Khiari et l\u2019activation de l\u2019article 80"},"content":{"rendered":"<p>D\u00e9but de d\u00e9gel\u00a0? Esp\u00e9rons-le\u00a0! Reprise de dialogue, n\u00e9cessaire. D\u00e9tendu, parlant en arabe dialectal, mais ferme, le pr\u00e9sident Kais Sa\u00efed a cr\u00e9\u00e9 une mini-surprise en recevant aujourd\u2019hui en audience pour la premi\u00e8re fois depuis des mois, le chef du gouvernement, Hichem Mechichi, \u00e9galement en sa qualit\u00e9 de ministre de l&rsquo;Int\u00e9rieur par int\u00e9rim, en pr\u00e9sence du ministre de la D\u00e9fense, Brahim Bartagi. L&rsquo;occasion lui en \u00e9tait offerte \u00e0 la faveur de la c\u00e9r\u00e9monie de d\u00e9coration d&rsquo;\u00e9l\u00e9ments distingu\u00e9s des forces arm\u00e9es et s\u00e9curitaires. Les deux ministres concern\u00e9s y \u00e9taient convi\u00e9s.\u00a0Pendant plus d\u2019un quart d\u2019heure d\u2019affil\u00e9e, il a profit\u00e9 de cette audience pour d\u00e9livrer des messages tr\u00e8s clairs. L\u2019unicit\u00e9 de l\u2019Etat, le respect des d\u00e9cisions de justice, la primaut\u00e9 de la loi, le respect de la constitution et l\u2019annonce de grands proc\u00e8s en vue\u00a0!<\/p>\n<p>A l\u2019origine de cette audience, comme l\u2019a d&#8217;embl\u00e9e expliqu\u00e9 le pr\u00e9sident Sa\u00efed, la visite ce vendredi \u00e0 Tunis du pr\u00e9sident du conseil pr\u00e9sidentiel libyen, Mohamed El Menfi. Le chef de l&rsquo;Etat voulait s\u2019enqu\u00e9rir, en pr\u00e9vision de cette visite, de la teneur des entretiens conduits le weekend dernier \u00e0 Tripoli, par le chef du gouvernement. Au cours de son d\u00e9placement dans la capitale libyenne, Hichem Mechichi avait en effet rencontr\u00e9 le pr\u00e9sident El Menfi, ses deux vice-pr\u00e9sidents Moussa El Kouni et Abdallah Ellafi, et le chef du gouvernement, Abdelhamid Dbaibah, accompagn\u00e9 notamment du secr\u00e9taire d\u2019Etat aux Affaires \u00e9trang\u00e8res, \u00e0 la Migration et aux Tunisiens \u00e0 l\u2019\u00e9tranger, Mohamed Ali Nafti et de l\u2019ambassadeur de Tunisie \u00e0 Tripoli, Lassaad Agili.<\/p>\n<p>L\u2019\u00e9vocation de cette visite \u00e9tait l\u2019occasion pour le pr\u00e9sident Sa\u00efed de rappeler que la conduite de la diplomatie tunisienne rel\u00e8ve de ses attributions et que la coordination et la synergie en la mati\u00e8re sont de rigueur. Mais, ce n\u2019\u00e9tait qu\u2019une entr\u00e9e en mati\u00e8re\u2026<\/p>\n<p>Le chef de l\u2019Etat reviendra longuement sur l\u2019affaire du document fuit\u00e9, appelant le pr\u00e9sident de la R\u00e9publique \u00e0 activer l\u2019article 80 de la Constitution et de concentrer entre ses mains tous les pouvoirs. Balayant d\u2019un revers de main ce qu\u2019il consid\u00e8re comme une h\u00e9r\u00e9sie, il a soulign\u00e9 que ce document ne vaut que pour son exp\u00e9diteur et ne saurait nullement impliquer son destinataire d\u2019aucune mati\u00e8re. Plus encore, en constitutionnaliste, dans ce \u00ab\u00a0pays qui compte d\u00e9sormais un million et demi d\u2019experts\u00a0\u00bb ironise-t-il, il demeure attach\u00e9 au respect plein et entier des dispositions constitutionnelles sans le moindre fondement.<\/p>\n<p>Troisi\u00e8me point significatif abord\u00e9 par le pr\u00e9sident Sa\u00efed, l\u2019impunit\u00e9. Il d\u00e9plore vivement que le mandat d\u2019amener \u00e9mis contre un d\u00e9put\u00e9 (Rached Khiari, sans le nommer), soit retourn\u00e9 sans ex\u00e9cution que l\u2019immunit\u00e9 parlementaire continue \u00e0 prot\u00e9ger ceux qui refusent de se pr\u00e9senter devant la justice. Mena\u00e7ant, il r\u00e9v\u00e8lera que nombreux sont ceux qui seront bient\u00f4t d\u00e9f\u00e9r\u00e9s devant la justice, des dossiers accablants \u00e9tant pr\u00eats \u00e0 \u00eatre transmis au parquet.<\/p>\n<p>Pour la premi\u00e8re fois, ainsi, Kais Sa\u00efed re\u00e7oit le chef du gouvernement pour \u2018\u2019une s\u00e9ance d\u2019audition\u2019\u2019, commente \u00e0 chaud l\u2019actualit\u00e9, opposant un d\u00e9menti formel \u00e0 de fausses rumeurs, et r\u00e9v\u00e8le l\u2019imminence de grands proc\u00e8s en justice. Sur un ton calme, et en dialectal. La suite\u00a0? On la conna\u00eet pas.<br \/>\u00a0<\/p>\n<p>Auteur:<br \/>\n<a href=\"https:\/\/www.leaders.com.tn\/article\/31933-kais-saied-remet-les-pendules-a-l-heure-visite-de-mechichi-en-libye-mandat-d-amener-contre-khiari-et-l-activation-de-l-article-80\">Cliquez ici pour lire l&rsquo;article depuis sa source.<\/a><\/p>\n","protected":false},"excerpt":{"rendered":"<p>D\u00e9but de d\u00e9gel\u00a0? Esp\u00e9rons-le\u00a0! Reprise de dialogue, n\u00e9cessaire. D\u00e9tendu, parlant en arabe dialectal, mais ferme, le pr\u00e9sident Kais Sa\u00efed a cr\u00e9\u00e9 une mini-surprise en recevant aujourd\u2019hui en audience pour la premi\u00e8re fois depuis des mois, le chef du gouvernement, Hichem Mechichi, \u00e9galement en sa qualit\u00e9 de ministre de l&rsquo;Int\u00e9rieur par int\u00e9rim, en pr\u00e9sence du ministre [&hellip;]<\/p>\n","protected":false},"author":1772,"featured_media":0,"comment_status":"closed","ping_status":"closed","sticky":false,"template":"","format":"standard","meta":{"fifu_image_url":"","fifu_image_alt":"","footnotes":""},"categories":[73,55],"tags":[],"class_list":["post-117440","post","type-post","status-publish","format-standard","hentry","category-actualite","category-tunisie"],"_links":{"self":[{"href":"https:\/\/linitiative.ca\/International\/wp-json\/wp\/v2\/posts\/117440","targetHints":{"allow":["GET"]}}],"collection":[{"href":"https:\/\/linitiative.ca\/International\/wp-json\/wp\/v2\/posts"}],"about":[{"href":"https:\/\/linitiative.ca\/International\/wp-json\/wp\/v2\/types\/post"}],"author":[{"embeddable":true,"href":"https:\/\/linitiative.ca\/International\/wp-json\/wp\/v2\/users\/1772"}],"replies":[{"embeddable":true,"href":"https:\/\/linitiative.ca\/International\/wp-json\/wp\/v2\/comments?post=117440"}],"version-history":[{"count":0,"href":"https:\/\/linitiative.ca\/International\/wp-json\/wp\/v2\/posts\/117440\/revisions"}],"wp:attachment":[{"href":"https:\/\/linitiative.ca\/International\/wp-json\/wp\/v2\/media?parent=117440"}],"wp:term":[{"taxonomy":"category","embeddable":true,"href":"https:\/\/linitiative.ca\/International\/wp-json\/wp\/v2\/categories?post=117440"},{"taxonomy":"post_tag","embeddable":true,"href":"https:\/\/linitiative.ca\/International\/wp-json\/wp\/v2\/tags?post=117440"}],"curies":[{"name":"wp","href":"https:\/\/api.w.org\/{rel}","templated":true}]}}