{"id":117441,"date":"2021-05-26T06:44:29","date_gmt":"2021-05-26T10:44:29","guid":{"rendered":"https:\/\/linitiative.ca\/International\/lahcen-mahraoui-2021-sera-une-annee-speciale-dans-les-relations-maroco-irlandaise\/"},"modified":"2021-05-26T06:44:29","modified_gmt":"2021-05-26T10:44:29","slug":"lahcen-mahraoui-2021-sera-une-annee-speciale-dans-les-relations-maroco-irlandaise","status":"publish","type":"post","link":"https:\/\/linitiative.ca\/International\/lahcen-mahraoui-2021-sera-une-annee-speciale-dans-les-relations-maroco-irlandaise\/","title":{"rendered":"Lahcen Mahraoui : \u00ab2021 sera une ann\u00e9e sp\u00e9ciale dans les relations maroco-irlandaise \u00bb"},"content":{"rendered":"<p><strong>Les deux pays sont engag\u00e9s \u00e0 faire \u00e9voluer leurs relations bilat\u00e9rales. Et dans ce sens, plusieurs initiatives d\u2019importance capitale au rang desquelles l\u2019ouverture d\u2019une ambassade de l\u2019Irlande \u00e0 Rabat dans les prochains mois. Selon Lahcen Mahraoui, Ambassadeur du Maroc en Irlande, \u00ab\u00a02021 sera une ann\u00e9e sp\u00e9ciale dans les relations entre le Maroc et l\u2019Irlande<\/strong> <strong>\u00bb<\/strong>.<\/p>\n<div class=\"c10\">\n<\/div>\n<p>Le royaume et l\u2019Irlande veulent passer \u00e0 la vitesse sup\u00e9rieure dans leurs relations bilat\u00e9rales. Dans cette perspective, les deux pays mettent les bouch\u00e9es doubles sur leur coop\u00e9ration. Et, selon Lahcen Mahraoui, Ambassadeur du Maroc en Irlande, \u00ab\u00a02021 sera une ann\u00e9e sp\u00e9ciale dans les relations entre le Maroc et l\u2019Irlande avec l\u2019ouverture prochaine d\u2019une ambassade de ce pays ami \u00e0 Rabat\u00a0\u00bb. Une information confirm\u00e9e, de nouveau, par le ministre ministre des Affaires \u00e9trang\u00e8res de l\u2019Irlande, Simon Coveney, lors de sa participation \u00e0 l\u2019Africa Day 2021 (Journ\u00e9e mondiale de l\u2019Afrique), c\u00e9l\u00e9br\u00e9e le 25 mai.<\/p>\n<p>Selon lui, l\u2019ouverture de cette ambassade va permettre \u00e0 l\u2019Irlande de capitaliser sur la dynamique de croissance avec le continent en termes d\u2019\u00e9changes commerciaux. Il a d\u2019ailleurs laiss\u00e9 entendre aussi que son pays ira plus loin dans sa dynamique avec l\u2019Afrique dans les prochaines ann\u00e9es \u00e0 l\u2019aune de l\u2019\u00e9volution des \u00e9changes et des investissements dans les deux directions.<\/p>\n<p><strong>Lire aussi| <a href=\"https:\/\/www.challenge.ma\/lahcen-mahraoui-le-secteur-des-energies-renouvelables-marocain-offre-dimportantes-opportunites-aux-hommes-daffaires-irlandais-180760\/\">Lahcen Mahraoui : \u00able secteur des \u00e9nergies renouvelables marocain offre d\u2019importantes opportunit\u00e9s aux hommes d\u2019affaires irlandais\u00bb<\/a><\/strong><\/p>\n<p>Simon Coveney a de m\u00eame fait savoir qu\u2019il va pr\u00e9senter cette semaine un rapport au gouvernement sur la mise en \u0153uvre de la premi\u00e8re \u00e9tape de la strat\u00e9gie africaine de l\u2019Irlande. Il va sans dire que le Maroc, en tant que porte d\u2019entr\u00e9e sur le continent africain, aura un r\u00f4le important \u00e0 jouer dans ce sens. Force est de rappeler qu\u2019en mars dernier, l\u2019Ambassade du Royaume du Maroc en Irlande, en collaboration avec Enterprise Ireland, l\u2019Agence gouvernementale charg\u00e9e du d\u00e9veloppement et de la croissance des entreprises irlandaises sur les march\u00e9s mondiaux, la Chambre de commerce arabo-irlandaise ont organis\u00e9 \u00ab\u00a0La semaine virtuelle du Maroc\u00a0\u00bb. L\u2019Ambassadeur Lahcen Mahraoui avait alors exhort\u00e9 les op\u00e9rateurs \u00e9conomiques irlandais \u00e0 saisir les opportunit\u00e9s offertes dans les divers secteurs de l\u2019\u00e9conomie marocaine, dont celui des \u00e9nergies renouvelables notamment.<\/p>\n<p><strong>Lire aussi| <a href=\"https:\/\/www.challenge.ma\/gaz-naturel-liquefie-le-maroc-recoit-une-offre-du-britannique-predator-oil-gas-185768\/\">Gaz naturel liqu\u00e9fi\u00e9 : le Maroc re\u00e7oit une offre du britannique Predator Oil &amp; Gas<\/a><\/strong><\/p>\n<p>\u00ab\u00a0Le secteur des \u00e9nergies renouvelables offre d\u2019importantes opportunit\u00e9s aux hommes d\u2019affaires irlandais. Je les invite \u00e0 venir en prospection au Maroc et \u00e0 rencontrer les parties prenantes marocaines pour nouer des partenariats fructueux. J\u2019exhorte \u00e0 une forte coop\u00e9ration entre nos deux pays dans ce domaine pour saisir les opportunit\u00e9s qui existent\u00a0\u00bb, avait ainsi d\u00e9clar\u00e9 Lahcen Mahraoui lors de sa participation \u00e0 la pl\u00e9ni\u00e8re d\u2019ouverture de cette rencontre en ligne (webinaire) ayant r\u00e9uni op\u00e9rateurs \u00e9conomiques marocains et irlandais autour de plusieurs th\u00e9matiques.<\/p>\n<p>Auteur: challenge<br \/>\n<a href=\"https:\/\/www.challenge.ma\/lahcen-mahraoui-2021-sera-une-annee-speciale-dans-les-relations-maroco-irlandaise-185779\/\">Cliquez ici pour lire l&rsquo;article depuis sa source.<\/a><\/p>\n","protected":false},"excerpt":{"rendered":"<p>Les deux pays sont engag\u00e9s \u00e0 faire \u00e9voluer leurs relations bilat\u00e9rales. Et dans ce sens, plusieurs initiatives d\u2019importance capitale au rang desquelles l\u2019ouverture d\u2019une ambassade de l\u2019Irlande \u00e0 Rabat dans les prochains mois. Selon Lahcen Mahraoui, Ambassadeur du Maroc en Irlande, \u00ab\u00a02021 sera une ann\u00e9e sp\u00e9ciale dans les relations entre le Maroc et l\u2019Irlande \u00bb. [&hellip;]<\/p>\n","protected":false},"author":1787,"featured_media":0,"comment_status":"closed","ping_status":"closed","sticky":false,"template":"","format":"standard","meta":{"fifu_image_url":"","fifu_image_alt":"","footnotes":""},"categories":[78,54],"tags":[],"class_list":["post-117441","post","type-post","status-publish","format-standard","hentry","category-economie","category-maroc"],"_links":{"self":[{"href":"https:\/\/linitiative.ca\/International\/wp-json\/wp\/v2\/posts\/117441","targetHints":{"allow":["GET"]}}],"collection":[{"href":"https:\/\/linitiative.ca\/International\/wp-json\/wp\/v2\/posts"}],"about":[{"href":"https:\/\/linitiative.ca\/International\/wp-json\/wp\/v2\/types\/post"}],"author":[{"embeddable":true,"href":"https:\/\/linitiative.ca\/International\/wp-json\/wp\/v2\/users\/1787"}],"replies":[{"embeddable":true,"href":"https:\/\/linitiative.ca\/International\/wp-json\/wp\/v2\/comments?post=117441"}],"version-history":[{"count":0,"href":"https:\/\/linitiative.ca\/International\/wp-json\/wp\/v2\/posts\/117441\/revisions"}],"wp:attachment":[{"href":"https:\/\/linitiative.ca\/International\/wp-json\/wp\/v2\/media?parent=117441"}],"wp:term":[{"taxonomy":"category","embeddable":true,"href":"https:\/\/linitiative.ca\/International\/wp-json\/wp\/v2\/categories?post=117441"},{"taxonomy":"post_tag","embeddable":true,"href":"https:\/\/linitiative.ca\/International\/wp-json\/wp\/v2\/tags?post=117441"}],"curies":[{"name":"wp","href":"https:\/\/api.w.org\/{rel}","templated":true}]}}