{"id":117447,"date":"2021-05-26T16:43:50","date_gmt":"2021-05-26T20:43:50","guid":{"rendered":"https:\/\/linitiative.ca\/International\/tunisie-le-president-du-conseil-presidentiel-libyen-en-visite-officielle-a-tunis\/"},"modified":"2021-05-26T16:43:50","modified_gmt":"2021-05-26T20:43:50","slug":"tunisie-le-president-du-conseil-presidentiel-libyen-en-visite-officielle-a-tunis","status":"publish","type":"post","link":"https:\/\/linitiative.ca\/International\/tunisie-le-president-du-conseil-presidentiel-libyen-en-visite-officielle-a-tunis\/","title":{"rendered":"Tunisie \u2013 Le pr\u00e9sident du conseil pr\u00e9sidentiel libyen en visite officielle \u00e0 Tunis"},"content":{"rendered":"<div class=\"post-cont-in left relative\">\n<div id=\"post-info-wrap\" class=\"left relative post-info-out\">\n<div class=\"post-info-img left relative\"><img decoding=\"async\" alt=\"\" src=\"https:\/\/secure.gravatar.com\/avatar\/047123be9d5e8513774383916ee72db2?s=50&amp;d=mm&amp;r=g\" srcset=\"https:\/\/secure.gravatar.com\/avatar\/047123be9d5e8513774383916ee72db2?s=100&amp;d=mm&amp;r=g 2x\" class=\"avatar avatar-50 photo\" height=\"50\" width=\"50\" loading=\"lazy\"\/><\/div>\n<div class=\"post-info-in\">\n<div class=\"post-info-right left relative post-info-name left relative\"><span><span class=\"post-info-text\">Par<\/span> <span class=\"author-name vcard fn author\"><a href=\"https:\/\/www.tunisienumerique.com\/author\/lm\/\" title=\"Articles par LM\" rel=\"author\">LM<\/a><\/span><\/span> <span class=\"post-date updated\"><time class=\"post-date updated\" datetime=\"2021-05-26\">\u00a0| Il y a 34 secondes<\/time><\/span><br \/>\n<meta itemprop=\"dateModified\" content=\"2021-05-26\"\/><\/div>\n<div class=\"left relative\"><button id=\"listenButton1\" class=\"responsivevoice-button\" type=\"button\" value=\"Play\" title=\"\u00c9coutez l'article\"><span>\ud83d\udd0a \u00c9coutez l&rsquo;article<\/span><\/button>\n<\/div>\n<\/div>\n<\/div>\n<p>Il est attendu que le pr\u00e9sident du conseil pr\u00e9sidentiel libyen, Mohamed Menfi, vienne en visite officielle en Tunisie, les vendredi 28 et samedi 29 mai courant. Et ce, en retour de la derni\u00e8re visite du pr\u00e9sident tunisien en Libye.<\/p>\n<div class=\"code-block code-block-1 c4\">\n <ins class=\"adsbygoogle c3\" data-ad-layout=\"in-article\" data-ad-format=\"fluid\" data-ad-client=\"ca-pub-2102118777505746\" data-ad-slot=\"7301775417\"\/>\n<\/div>\n<p>Menfi va, bien \u00e9videmment, s\u2019entretenir, au cours de cette visite, avec le pr\u00e9sident tunisien Ka\u00efs Sa\u00efed.<\/p>\n<p>Il est pr\u00e9vu que les deux pr\u00e9sidents finalisent, au cours de leur rencontre les accords conclus lors de la derni\u00e8re visite de Hichem Mechichi en Libye.<\/p>\n<p>Il est, donc, attendu que le pr\u00e9sident libyen confirme le d\u00e9p\u00f4t d\u2019une somme d\u2019argent dans la banque centrale de Tunisie, et qu\u2019\u00e0 l\u2019occasion, cette somme sera revue \u00e0 la hausse.<\/p>\n<p>Par ailleurs, il va r\u00e9it\u00e9rer l\u2019intention de la Libye d\u2019aider la Tunisie \u00e0 s\u2019octroyer la quantit\u00e9 de vaccins n\u00e9cessaires, pour faire face \u00e0 la pand\u00e9mie.<\/p>\n<p>En contrepartie, la Tunisie devra prendre en charge, au m\u00eame titre que les tunisiens, les quelques 600 mille ressortissants libyens qui vivent en Tunisie, et les inclure dans l\u2019agenda de la vaccination, selon les m\u00eames priorit\u00e9s que les tunisiens.<\/p>\n<div class=\"swp_social_panel swp_horizontal_panel swp_flat_fresh swp_default_full_color swp_individual_full_color swp_other_full_color scale-100 scale-\" data-min-width=\"1100\" data-float-color=\"#ffffff\" data-float=\"bottom\" data-float-mobile=\"bottom\" data-transition=\"slide\">\n<div class=\"nc_tweetContainer swp_share_button total_shares total_sharesalt\"><span class=\"swp_count\">0 <span class=\"swp_label\">Partages<\/span><\/span><\/div>\n<\/div>\n<p><strong>Que se passe-t-il en Tunisie?<\/strong><br \/>Nous expliquons sur notre <a href=\"https:\/\/www.youtube.com\/channel\/UCRzypVq0B_yBad5eGrwBx0Q?sub_confirmation=1\" target=\"_blank\" rel=\"noopener\">cha\u00eene YouTube<\/a> . <a href=\"https:\/\/www.youtube.com\/channel\/UCRzypVq0B_yBad5eGrwBx0Q?sub_confirmation=1\" target=\"_blank\" rel=\"noopener\">Abonnez-vous!<\/a><\/p>\n<div class=\"mvp-org-wrap\" itemprop=\"publisher\">\n<div class=\"mvp-org-logo\" itemprop=\"logo\"><img decoding=\"async\" src=\"https:\/\/www.tunisienumerique.com\/wp-content\/uploads\/2017\/02\/logo_tunisie_numerique.png\"\/><br \/>\n<meta itemprop=\"url\" content=\"https:\/\/www.tunisienumerique.com\/wp-content\/uploads\/2017\/02\/logo_tunisie_numerique.png\"\/><\/div>\n<p><meta content=\"Tunisie\"\/><\/div>\n<div class=\"mvp-related-posts left relative\">\n<h4 class=\"post-header\"><span class=\"post-header\">Lire aussi<\/span><\/h4>\n<\/div>\n<div id=\"article-ad\">\n <ins class=\"adsbygoogle c5\" data-ad-client=\"ca-pub-2102118777505746\" data-ad-slot=\"6513972734\" data-ad-format=\"auto\" data-full-width-responsive=\"true\"\/>\n<\/div>\n<\/div>\n<div id=\"post-sidebar-wrap\">\n <ins class=\"adsbygoogle c5\" data-ad-client=\"ca-pub-2102118777505746\" data-ad-slot=\"6168283410\" data-ad-format=\"auto\" data-full-width-responsive=\"true\"\/>\n<\/div>\n<p>Auteur: LM<br \/>\n<a href=\"https:\/\/www.tunisienumerique.com\/tunisie-le-president-du-conseil-presidentiel-libyen-en-visite-officielle-a-tunis\/\">Cliquez ici pour lire l&rsquo;article depuis sa source.<\/a><\/p>\n","protected":false},"excerpt":{"rendered":"<p>Par LM \u00a0| Il y a 34 secondes \ud83d\udd0a \u00c9coutez l&rsquo;article Il est attendu que le pr\u00e9sident du conseil pr\u00e9sidentiel libyen, Mohamed Menfi, vienne en visite officielle en Tunisie, les vendredi 28 et samedi 29 mai courant. Et ce, en retour de la derni\u00e8re visite du pr\u00e9sident tunisien en Libye. Menfi va, bien \u00e9videmment, s\u2019entretenir, [&hellip;]<\/p>\n","protected":false},"author":1789,"featured_media":0,"comment_status":"closed","ping_status":"closed","sticky":false,"template":"","format":"standard","meta":{"fifu_image_url":"https:\/\/secure.gravatar.com\/avatar\/047123be9d5e8513774383916ee72db2?s=50&d=mm&r=g","fifu_image_alt":"Tunisie \u2013 Le pr\u00e9sident du conseil pr\u00e9sidentiel libyen en visite officielle \u00e0 Tunis","footnotes":""},"categories":[73,55],"tags":[],"class_list":["post-117447","post","type-post","status-publish","format-standard","hentry","category-actualite","category-tunisie"],"_links":{"self":[{"href":"https:\/\/linitiative.ca\/International\/wp-json\/wp\/v2\/posts\/117447","targetHints":{"allow":["GET"]}}],"collection":[{"href":"https:\/\/linitiative.ca\/International\/wp-json\/wp\/v2\/posts"}],"about":[{"href":"https:\/\/linitiative.ca\/International\/wp-json\/wp\/v2\/types\/post"}],"author":[{"embeddable":true,"href":"https:\/\/linitiative.ca\/International\/wp-json\/wp\/v2\/users\/1789"}],"replies":[{"embeddable":true,"href":"https:\/\/linitiative.ca\/International\/wp-json\/wp\/v2\/comments?post=117447"}],"version-history":[{"count":0,"href":"https:\/\/linitiative.ca\/International\/wp-json\/wp\/v2\/posts\/117447\/revisions"}],"wp:attachment":[{"href":"https:\/\/linitiative.ca\/International\/wp-json\/wp\/v2\/media?parent=117447"}],"wp:term":[{"taxonomy":"category","embeddable":true,"href":"https:\/\/linitiative.ca\/International\/wp-json\/wp\/v2\/categories?post=117447"},{"taxonomy":"post_tag","embeddable":true,"href":"https:\/\/linitiative.ca\/International\/wp-json\/wp\/v2\/tags?post=117447"}],"curies":[{"name":"wp","href":"https:\/\/api.w.org\/{rel}","templated":true}]}}