{"id":117450,"date":"2021-05-26T17:11:42","date_gmt":"2021-05-26T21:11:42","guid":{"rendered":"https:\/\/linitiative.ca\/International\/ben-arous-annulation-de-la-greve-des-municipalites-prevue-les-27-et-28-mai\/"},"modified":"2021-05-26T17:11:42","modified_gmt":"2021-05-26T21:11:42","slug":"ben-arous-annulation-de-la-greve-des-municipalites-prevue-les-27-et-28-mai","status":"publish","type":"post","link":"https:\/\/linitiative.ca\/International\/ben-arous-annulation-de-la-greve-des-municipalites-prevue-les-27-et-28-mai\/","title":{"rendered":"Ben Arous : Annulation de la gr\u00e8ve des municipalit\u00e9s pr\u00e9vue les 27 et 28 mai"},"content":{"rendered":"<div class=\"post-cont-in left relative\">\n<div id=\"post-info-wrap\" class=\"left relative post-info-out\">\n<div class=\"post-info-img left relative\"><img decoding=\"async\" alt=\"\" src=\"https:\/\/secure.gravatar.com\/avatar\/ea481d7287ad38ca1787f44b5bb1b70e?s=50&amp;d=mm&amp;r=g\" srcset=\"https:\/\/secure.gravatar.com\/avatar\/ea481d7287ad38ca1787f44b5bb1b70e?s=100&amp;d=mm&amp;r=g 2x\" class=\"avatar avatar-50 photo\" height=\"50\" width=\"50\" loading=\"lazy\"\/><\/div>\n<div class=\"post-info-in\">\n<div class=\"post-info-right left relative post-info-name left relative\"><span><span class=\"post-info-text\">Par<\/span> <span class=\"author-name vcard fn author\"><a href=\"https:\/\/www.tunisienumerique.com\/author\/rania-ben-slimane\/\" title=\"Articles par rania ben slimane\" rel=\"author\">rania ben slimane<\/a><\/span><\/span> <span class=\"post-date updated\"><time class=\"post-date updated\" datetime=\"2021-05-26\">\u00a0| Il y a 4 minutes<\/time><\/span><br \/>\n<meta itemprop=\"dateModified\" content=\"2021-05-26\"\/><\/div>\n<div class=\"left relative\"><button id=\"listenButton1\" class=\"responsivevoice-button\" type=\"button\" value=\"Play\" title=\"\u00c9coutez l'article\"><span>\ud83d\udd0a \u00c9coutez l&rsquo;article<\/span><\/button>\n<\/div>\n<\/div>\n<\/div>\n<p>Le Chef du Comit\u00e9 de r\u00e9conciliation dans le gouvernorat de Ben Arous, Mohamed Ben Khalifa, a d\u00e9clar\u00e9 le 26 mai 2021, qu\u2019\u00e0 l\u2019issue de la s\u00e9ance de r\u00e9conciliation tenue aujourd\u2019hui \u00e0 l\u2019h\u00f4tel du gouvernorat de Ben Arous, il a \u00e9t\u00e9 d\u00e9cid\u00e9 d\u2019annuler la d\u00e9cision de gr\u00e8ve du secteur r\u00e9gional pr\u00e9vue le 27 et 28 mai 2021, apr\u00e8s avoir trouv\u00e9 un accord.<\/p>\n<div class=\"code-block code-block-1 c4\">\n <ins class=\"adsbygoogle c3\" data-ad-layout=\"in-article\" data-ad-format=\"fluid\" data-ad-client=\"ca-pub-2102118777505746\" data-ad-slot=\"7301775417\"\/>\n<\/div>\n<p>En effet, le syndicat r\u00e9gional de Ben Arous a \u00e9mis en date du 29 avril 2021, un t\u00e9l\u00e9gramme d\u2019avertissement de gr\u00e8ve du secteur r\u00e9gional les 10 et 11 mai, qui a \u00e9t\u00e9 report\u00e9 aux deux jours suivants puis annul\u00e9e apr\u00e8s avoir tenu une session de r\u00e9conciliation conclue par un accord.<\/p>\n<p>Dans le t\u00e9l\u00e9gramme, le syndicat a appel\u00e9 \u00e0 purifier le climat social au sein des municipalit\u00e9s, \u00e0 mettre fin \u00e0 la sous-traitance dans la r\u00e9gion conform\u00e9ment aux accords conclus \u00e0 cet effet et l\u2019application de tous les accords conclus avec la partie syndicale.<\/p>\n<p>Il a exig\u00e9 \u00e9galement de mettre un terme \u00e0 ce qu\u2019il a qualifi\u00e9 de \u00abcampagnes de diffamation\u00bb ciblant les agents et les ouvriers, d\u2019appliquer les protocoles sanitaires, d\u2019inclure les agents municipaux au reste des corps prioritaires \u00e0 la vaccination et d\u2019activer la prime de travail de nuit.<\/p>\n<div class=\"swp_social_panel swp_horizontal_panel swp_flat_fresh swp_default_full_color swp_individual_full_color swp_other_full_color scale-100 scale-\" data-min-width=\"1100\" data-float-color=\"#ffffff\" data-float=\"bottom\" data-float-mobile=\"bottom\" data-transition=\"slide\">\n<div class=\"nc_tweetContainer swp_share_button total_shares total_sharesalt\"><span class=\"swp_count\">0 <span class=\"swp_label\">Partages<\/span><\/span><\/div>\n<\/div>\n<p><strong>Que se passe-t-il en Tunisie?<\/strong><br \/>Nous expliquons sur notre <a href=\"https:\/\/www.youtube.com\/channel\/UCRzypVq0B_yBad5eGrwBx0Q?sub_confirmation=1\" target=\"_blank\" rel=\"noopener\">cha\u00eene YouTube<\/a> . <a href=\"https:\/\/www.youtube.com\/channel\/UCRzypVq0B_yBad5eGrwBx0Q?sub_confirmation=1\" target=\"_blank\" rel=\"noopener\">Abonnez-vous!<\/a><\/p>\n<div class=\"mvp-org-wrap\" itemprop=\"publisher\">\n<div class=\"mvp-org-logo\" itemprop=\"logo\"><img decoding=\"async\" src=\"https:\/\/www.tunisienumerique.com\/wp-content\/uploads\/2017\/02\/logo_tunisie_numerique.png\"\/><br \/>\n<meta itemprop=\"url\" content=\"https:\/\/www.tunisienumerique.com\/wp-content\/uploads\/2017\/02\/logo_tunisie_numerique.png\"\/><\/div>\n<p><meta content=\"Tunisie\"\/><\/div>\n<div class=\"mvp-related-posts left relative\">\n<h4 class=\"post-header\"><span class=\"post-header\">Lire aussi<\/span><\/h4>\n<\/div>\n<div id=\"article-ad\">\n <ins class=\"adsbygoogle c5\" data-ad-client=\"ca-pub-2102118777505746\" data-ad-slot=\"6513972734\" data-ad-format=\"auto\" data-full-width-responsive=\"true\"\/>\n<\/div>\n<\/div>\n<div id=\"post-sidebar-wrap\">\n <ins class=\"adsbygoogle c5\" data-ad-client=\"ca-pub-2102118777505746\" data-ad-slot=\"6168283410\" data-ad-format=\"auto\" data-full-width-responsive=\"true\"\/>\n<\/div>\n<p>Auteur: rania ben slimane<br \/>\n<a href=\"https:\/\/www.tunisienumerique.com\/ben-arous-annulation-de-la-greve-des-municipalites-prevue-les-27-et-28-mai\/\">Cliquez ici pour lire l&rsquo;article depuis sa source.<\/a><\/p>\n","protected":false},"excerpt":{"rendered":"<p>Par rania ben slimane \u00a0| Il y a 4 minutes \ud83d\udd0a \u00c9coutez l&rsquo;article Le Chef du Comit\u00e9 de r\u00e9conciliation dans le gouvernorat de Ben Arous, Mohamed Ben Khalifa, a d\u00e9clar\u00e9 le 26 mai 2021, qu\u2019\u00e0 l\u2019issue de la s\u00e9ance de r\u00e9conciliation tenue aujourd\u2019hui \u00e0 l\u2019h\u00f4tel du gouvernorat de Ben Arous, il a \u00e9t\u00e9 d\u00e9cid\u00e9 d\u2019annuler [&hellip;]<\/p>\n","protected":false},"author":1789,"featured_media":0,"comment_status":"closed","ping_status":"closed","sticky":false,"template":"","format":"standard","meta":{"fifu_image_url":"https:\/\/secure.gravatar.com\/avatar\/ea481d7287ad38ca1787f44b5bb1b70e?s=50&d=mm&r=g","fifu_image_alt":"Ben Arous : Annulation de la gr\u00e8ve des municipalit\u00e9s pr\u00e9vue les 27 et 28 mai","footnotes":""},"categories":[73,55],"tags":[],"class_list":["post-117450","post","type-post","status-publish","format-standard","hentry","category-actualite","category-tunisie"],"_links":{"self":[{"href":"https:\/\/linitiative.ca\/International\/wp-json\/wp\/v2\/posts\/117450","targetHints":{"allow":["GET"]}}],"collection":[{"href":"https:\/\/linitiative.ca\/International\/wp-json\/wp\/v2\/posts"}],"about":[{"href":"https:\/\/linitiative.ca\/International\/wp-json\/wp\/v2\/types\/post"}],"author":[{"embeddable":true,"href":"https:\/\/linitiative.ca\/International\/wp-json\/wp\/v2\/users\/1789"}],"replies":[{"embeddable":true,"href":"https:\/\/linitiative.ca\/International\/wp-json\/wp\/v2\/comments?post=117450"}],"version-history":[{"count":0,"href":"https:\/\/linitiative.ca\/International\/wp-json\/wp\/v2\/posts\/117450\/revisions"}],"wp:attachment":[{"href":"https:\/\/linitiative.ca\/International\/wp-json\/wp\/v2\/media?parent=117450"}],"wp:term":[{"taxonomy":"category","embeddable":true,"href":"https:\/\/linitiative.ca\/International\/wp-json\/wp\/v2\/categories?post=117450"},{"taxonomy":"post_tag","embeddable":true,"href":"https:\/\/linitiative.ca\/International\/wp-json\/wp\/v2\/tags?post=117450"}],"curies":[{"name":"wp","href":"https:\/\/api.w.org\/{rel}","templated":true}]}}