{"id":117451,"date":"2021-05-25T17:47:52","date_gmt":"2021-05-25T21:47:52","guid":{"rendered":"https:\/\/linitiative.ca\/International\/mali-limprevisible-junte-militaire\/"},"modified":"2021-05-25T17:47:52","modified_gmt":"2021-05-25T21:47:52","slug":"mali-limprevisible-junte-militaire","status":"publish","type":"post","link":"https:\/\/linitiative.ca\/International\/mali-limprevisible-junte-militaire\/","title":{"rendered":"Mali : l\u2019impr\u00e9visible junte militaire"},"content":{"rendered":"<div class=\"td-post-featured-image\"><a href=\"https:\/\/www.sidwaya.info\/wp-content\/uploads\/2021\/04\/mercure-1.jpg\" data-caption=\"\"><img loading=\"lazy\" decoding=\"async\" width=\"696\" height=\"501\" class=\"entry-thumb td-modal-image\" src=\"https:\/\/www.sidwaya.info\/wp-content\/uploads\/2021\/04\/mercure-1-696x501.jpg\" srcset=\"https:\/\/www.sidwaya.info\/wp-content\/uploads\/2021\/04\/mercure-1-696x501.jpg 696w, https:\/\/www.sidwaya.info\/wp-content\/uploads\/2021\/04\/mercure-1-300x216.jpg 300w, https:\/\/www.sidwaya.info\/wp-content\/uploads\/2021\/04\/mercure-1-150x108.jpg 150w, https:\/\/www.sidwaya.info\/wp-content\/uploads\/2021\/04\/mercure-1-584x420.jpg 584w, https:\/\/www.sidwaya.info\/wp-content\/uploads\/2021\/04\/mercure-1.jpg 709w\" sizes=\"auto, (max-width: 696px) 100vw, 696px\" alt=\"\" title=\"mercure\"\/><\/a><\/div>\n<p>Depuis que le pr\u00e9sident de la transition malienne, Bah N\u2019Daw et son Premier ministre, Moctar Ouane ont \u00e9t\u00e9 d\u00e9barqu\u00e9s de leurs postes, le lundi 24 mai, par la junte militaire, la situation \u00e0 Bamako ne cesse de cristalliser les tensions au sein de la communaut\u00e9 internationale. Les appels se multiplient pour exiger la remise en selle des autorit\u00e9s de la transition. D\u00e8s l\u2019annonce de leur \u00ab d\u00e9portation \u00bb au camp militaire de Kati, le bastion de la junte militaire, le Comit\u00e9 local de suivi de la transition a donn\u00e9 le ton r\u00e9it\u00e9rant son soutien aux autorit\u00e9s de la transition. Dans un communiqu\u00e9 conjoint, l\u2019Union africaine et la CEDEAO ont \u00e9galement condamn\u00e9 ce qu\u2019elles qualifient d\u2019\u00ab acte d\u2019une extr\u00eame gravit\u00e9 \u00bb. Par la m\u00eame occasion, les deux structures ont lanc\u00e9 un appel aux acteurs maliens \u00e0 \u00ab privil\u00e9gier l\u2019esprit de dialogue pour r\u00e9gler les malentendus autour de la mise en place du gouvernement \u00bb. Le pr\u00e9sident fran\u00e7ais, Emmanuel Macron, de son c\u00f4t\u00e9 condamne \u00ab un coup d\u2019Etat inacceptable \u00bb.<\/p>\n<p>Ces messages seront-ils entendus par les hommes en treillis, auteurs de ce coup de force ? Il n\u2019est pas certain que ces bidasses en col\u00e8re reviendront sur leurs pas de si t\u00f4t. Pour s\u2019en convaincre, il suffit de s\u2019en tenir au communiqu\u00e9 du vice-pr\u00e9sident de la Transition, le colonel Assimi Go\u00efta, rendu public, le 25 mai 2021. La premi\u00e8re raison avanc\u00e9e par la grande muette en col\u00e8re est l\u2019incapacit\u00e9 du gouvernement de Moctar Ouane \u00e0 constituer un interlocuteur fiable, susceptible de mobiliser la confiance des acteurs sociaux et politiques \u00e0 l\u2019effet de contenir les diverses gr\u00e8ves et manifestations. L\u2019autre argument, qui pourrait \u00eatre le plus plausible, les positionnements au sein du nouveau gouvernement. En effet, la d\u00e9signation de nouveaux chefs des d\u00e9partements minist\u00e9riels en charge de la s\u00e9curit\u00e9 et de la d\u00e9fense semble \u00eatre la v\u00e9ritable pomme de discorde. Remont\u00e9 pour n\u2019avoir pas \u00e9t\u00e9 consult\u00e9 comme le \u00ab stipule la charte de la transition sur ces secteurs strat\u00e9giques \u00bb, le colonel Go\u00efta n\u2019a pas mis du temps pour montrer \u00e0 Bah N\u2019Daw et Moctar Ouane qu\u2019il demeure le faiseur de roi.<\/p>\n<p>Un message qu\u2019il a r\u00e9ussi \u00e0 faire passer dans la mesure o\u00f9 il est parvenu \u00e0 gripper l\u2019appareil d\u2019Etat. Cependant, il reste \u00e0 savoir jusqu\u2019o\u00f9 l\u2019app\u00e9tit de l\u2019homme fort du Mali peut le conduire. Sans nul doute, lui et ses hommes sont au laboratoire pour trouver la formule qui pourra faire baisser la fi\u00e8vre sans pour autant casser le thermom\u00e8tre. Une chose est s\u00fbre le colonel Go\u00efta est conscient que placer des militaires \u00e0 la t\u00eate de ces deux institutions s\u2019av\u00e8re une mission difficile, voire une pilule am\u00e8re \u00e0 faire avaler. Placer sa confiance en de nouveaux civils sera le moindre mal. Mais le colonel n\u2019a pas la garantie qu\u2019il ne se fera pas une seconde fois roul\u00e9 dans la farine. Que faire alors ? Tel est le v\u00e9ritable casse-t\u00eate malien auquel les hommes forts du moment sont confront\u00e9s \u00e0 Bamako. Le temps joue en leur d\u00e9faveur, car la pression continuera de monter. Visiblement au pied du mur, la junte gagnerait rapidement \u00e0 tracer un sch\u00e9ma de sortie de crise qu\u2019elle a contribu\u00e9 \u00e0 exacerber, au risque de subir le m\u00eame sort que les putschistes burkinab\u00e8 \u00e0 la suite du coup d\u2019Etat manqu\u00e9 de septembre 2015.<\/p>\n<p class=\"c1\"><strong>Abdoulaye BALBONE<\/strong><\/p>\n<div class=\"td-a-rec td-a-rec-id-content_bottom tdi_33_21b td_block_template_1\">\n<p><img loading=\"lazy\" decoding=\"async\" class=\"aligncenter size-full wp-image-27454\" src=\"https:\/\/www.sidwaya.info\/wp-content\/uploads\/2020\/10\/PUB-Bandeau-paiement-mobile-siteweb.jpg\" alt=\"\" width=\"728\" height=\"90\"\/><\/div>\n<p>Auteur: BM. Sidwaya<br \/>\n<a href=\"https:\/\/www.sidwaya.info\/blog\/2021\/05\/25\/mali-limprevisible-junte-militaire\/\">Cliquez ici pour lire l&rsquo;article depuis sa source.<\/a><\/p>\n","protected":false},"excerpt":{"rendered":"<p>Depuis que le pr\u00e9sident de la transition malienne, Bah N\u2019Daw et son Premier ministre, Moctar Ouane ont \u00e9t\u00e9 d\u00e9barqu\u00e9s de leurs postes, le lundi 24 mai, par la junte militaire, la situation \u00e0 Bamako ne cesse de cristalliser les tensions au sein de la communaut\u00e9 internationale. Les appels se multiplient pour exiger la remise en [&hellip;]<\/p>\n","protected":false},"author":1816,"featured_media":0,"comment_status":"closed","ping_status":"closed","sticky":false,"template":"","format":"standard","meta":{"fifu_image_url":"https:\/\/www.sidwaya.info\/wp-content\/uploads\/2021\/04\/mercure-1-696x501.jpg","fifu_image_alt":"Mali : l\u2019impr\u00e9visible junte militaire","footnotes":""},"categories":[73,81],"tags":[],"class_list":["post-117451","post","type-post","status-publish","format-standard","hentry","category-actualite","category-burkina-faso"],"_links":{"self":[{"href":"https:\/\/linitiative.ca\/International\/wp-json\/wp\/v2\/posts\/117451","targetHints":{"allow":["GET"]}}],"collection":[{"href":"https:\/\/linitiative.ca\/International\/wp-json\/wp\/v2\/posts"}],"about":[{"href":"https:\/\/linitiative.ca\/International\/wp-json\/wp\/v2\/types\/post"}],"author":[{"embeddable":true,"href":"https:\/\/linitiative.ca\/International\/wp-json\/wp\/v2\/users\/1816"}],"replies":[{"embeddable":true,"href":"https:\/\/linitiative.ca\/International\/wp-json\/wp\/v2\/comments?post=117451"}],"version-history":[{"count":0,"href":"https:\/\/linitiative.ca\/International\/wp-json\/wp\/v2\/posts\/117451\/revisions"}],"wp:attachment":[{"href":"https:\/\/linitiative.ca\/International\/wp-json\/wp\/v2\/media?parent=117451"}],"wp:term":[{"taxonomy":"category","embeddable":true,"href":"https:\/\/linitiative.ca\/International\/wp-json\/wp\/v2\/categories?post=117451"},{"taxonomy":"post_tag","embeddable":true,"href":"https:\/\/linitiative.ca\/International\/wp-json\/wp\/v2\/tags?post=117451"}],"curies":[{"name":"wp","href":"https:\/\/api.w.org\/{rel}","templated":true}]}}