{"id":117452,"date":"2021-05-25T17:50:22","date_gmt":"2021-05-25T21:50:22","guid":{"rendered":"https:\/\/linitiative.ca\/International\/le-super-galian-recoit-sa-villa-ce-mercredi\/"},"modified":"2021-05-25T17:50:22","modified_gmt":"2021-05-25T21:50:22","slug":"le-super-galian-recoit-sa-villa-ce-mercredi","status":"publish","type":"post","link":"https:\/\/linitiative.ca\/International\/le-super-galian-recoit-sa-villa-ce-mercredi\/","title":{"rendered":"Le super Galian re\u00e7oit  sa villa ce mercredi"},"content":{"rendered":"<div class=\"td-post-featured-image\"><a href=\"https:\/\/www.sidwaya.info\/wp-content\/uploads\/2021\/05\/on-m.jpg\" data-caption=\"\"><img loading=\"lazy\" decoding=\"async\" width=\"696\" height=\"464\" class=\"entry-thumb td-modal-image\" src=\"https:\/\/www.sidwaya.info\/wp-content\/uploads\/2021\/05\/on-m-696x464.jpg\" srcset=\"https:\/\/www.sidwaya.info\/wp-content\/uploads\/2021\/05\/on-m-696x464.jpg 696w, https:\/\/www.sidwaya.info\/wp-content\/uploads\/2021\/05\/on-m-300x200.jpg 300w, https:\/\/www.sidwaya.info\/wp-content\/uploads\/2021\/05\/on-m-768x512.jpg 768w, https:\/\/www.sidwaya.info\/wp-content\/uploads\/2021\/05\/on-m-150x100.jpg 150w, https:\/\/www.sidwaya.info\/wp-content\/uploads\/2021\/05\/on-m-630x420.jpg 630w, https:\/\/www.sidwaya.info\/wp-content\/uploads\/2021\/05\/on-m.jpg 787w\" sizes=\"auto, (max-width: 696px) 100vw, 696px\" alt=\"\" title=\"on m\"\/><\/a><\/div>\n<p><strong>CMA de Dafra : le groupe \u00e9lectrog\u00e8ne hors d\u2019usage<\/strong><br \/>Kantigui a accompagn\u00e9, tr\u00e8s t\u00f4t le matin du lundi 24 mai 2021, un proche au Centre m\u00e9dical avec antenne chirurgicale (CMA) de Dafra, \u00e0 Bobo-Dioulasso, pour des soins. Malgr\u00e9 cette arriv\u00e9e matinale sur les lieux, le malade de Kantigui n\u2019a pas pu avoir les soins escompt\u00e9s. La cause, il y avait coupure d\u2019\u00e9lectricit\u00e9 g\u00e9n\u00e9rale dans le CMA. Dans un premier temps, Kantigui n\u2019avait pas d\u00e9sesp\u00e9r\u00e9, s\u2019attendant \u00e0 ce qu\u2019un groupe \u00e9lectrog\u00e8ne prenne le relai, comme il en existe g\u00e9n\u00e9ralement dans les centres de sant\u00e9 de ce rang. Mais quel ne fut pas son d\u00e9sarroi d\u2019apprendre, dans les coulisses, que depuis \u00ab un bon bout de temps \u00bb ce centre de sant\u00e9 fonctionne au rythme des d\u00e9lestages de la SONABEL.<\/p>\n<p>Lire la suite sur Sidwaya num\u00e9rique\u00a0<a href=\"https:\/\/www.sidwaya.info\/numerique\/2021\/05\/25\/sidwaya-du-26-05-2021\/\">https:\/\/www.sidwaya.info\/numerique\/2021\/05\/25\/sidwaya-du-26-05-2021\/<\/a><\/p>\n<div class=\"td-a-rec td-a-rec-id-content_bottom tdi_33_da7 td_block_template_1\">\n<p><img loading=\"lazy\" decoding=\"async\" class=\"aligncenter size-full wp-image-27454\" src=\"https:\/\/www.sidwaya.info\/wp-content\/uploads\/2020\/10\/PUB-Bandeau-paiement-mobile-siteweb.jpg\" alt=\"\" width=\"728\" height=\"90\"\/><\/div>\n<p>Auteur: BM. Sidwaya<br \/>\n<a href=\"https:\/\/www.sidwaya.info\/blog\/2021\/05\/25\/le-super-galian-recoit-sa-villa-ce-mercredi\/\">Cliquez ici pour lire l&rsquo;article depuis sa source.<\/a><\/p>\n","protected":false},"excerpt":{"rendered":"<p>CMA de Dafra : le groupe \u00e9lectrog\u00e8ne hors d\u2019usageKantigui a accompagn\u00e9, tr\u00e8s t\u00f4t le matin du lundi 24 mai 2021, un proche au Centre m\u00e9dical avec antenne chirurgicale (CMA) de Dafra, \u00e0 Bobo-Dioulasso, pour des soins. Malgr\u00e9 cette arriv\u00e9e matinale sur les lieux, le malade de Kantigui n\u2019a pas pu avoir les soins escompt\u00e9s. La [&hellip;]<\/p>\n","protected":false},"author":1816,"featured_media":0,"comment_status":"closed","ping_status":"closed","sticky":false,"template":"","format":"standard","meta":{"fifu_image_url":"https:\/\/www.sidwaya.info\/wp-content\/uploads\/2021\/05\/on-m-696x464.jpg","fifu_image_alt":"Le super Galian re\u00e7oit  sa villa ce mercredi","footnotes":""},"categories":[73,81],"tags":[],"class_list":["post-117452","post","type-post","status-publish","format-standard","hentry","category-actualite","category-burkina-faso"],"_links":{"self":[{"href":"https:\/\/linitiative.ca\/International\/wp-json\/wp\/v2\/posts\/117452","targetHints":{"allow":["GET"]}}],"collection":[{"href":"https:\/\/linitiative.ca\/International\/wp-json\/wp\/v2\/posts"}],"about":[{"href":"https:\/\/linitiative.ca\/International\/wp-json\/wp\/v2\/types\/post"}],"author":[{"embeddable":true,"href":"https:\/\/linitiative.ca\/International\/wp-json\/wp\/v2\/users\/1816"}],"replies":[{"embeddable":true,"href":"https:\/\/linitiative.ca\/International\/wp-json\/wp\/v2\/comments?post=117452"}],"version-history":[{"count":0,"href":"https:\/\/linitiative.ca\/International\/wp-json\/wp\/v2\/posts\/117452\/revisions"}],"wp:attachment":[{"href":"https:\/\/linitiative.ca\/International\/wp-json\/wp\/v2\/media?parent=117452"}],"wp:term":[{"taxonomy":"category","embeddable":true,"href":"https:\/\/linitiative.ca\/International\/wp-json\/wp\/v2\/categories?post=117452"},{"taxonomy":"post_tag","embeddable":true,"href":"https:\/\/linitiative.ca\/International\/wp-json\/wp\/v2\/tags?post=117452"}],"curies":[{"name":"wp","href":"https:\/\/api.w.org\/{rel}","templated":true}]}}