{"id":117456,"date":"2021-05-26T14:18:02","date_gmt":"2021-05-26T18:18:02","guid":{"rendered":"https:\/\/linitiative.ca\/International\/cote-divoire-la-validite-des-cni-prorogee-jusquau-31-decembre-2021\/"},"modified":"2021-05-26T14:18:02","modified_gmt":"2021-05-26T18:18:02","slug":"cote-divoire-la-validite-des-cni-prorogee-jusquau-31-decembre-2021","status":"publish","type":"post","link":"https:\/\/linitiative.ca\/International\/cote-divoire-la-validite-des-cni-prorogee-jusquau-31-decembre-2021\/","title":{"rendered":"C\u00f4te d\u2019Ivoire: la validit\u00e9 des CNI prorog\u00e9e jusqu\u2019au 31 d\u00e9cembre 2021"},"content":{"rendered":"<div readability=\"32\">\n<p>Publi\u00e9 le 26.05.2021 \u00e0 19h18 par APA News<\/p>\n<\/div>\n<div readability=\"63\">\n<p>Le porte-parole du gouvernement ivoirien, Amadou Coulibaly, a annonc\u00e9 mercredi une prorogation de la validit\u00e9 des Cartes nationales d\u2019identit\u00e9 (CNI), arrivant \u00e0 expiration le 30 juin 2021, jusqu\u2019au 31 d\u00e9cembre 2021, \u00e0 l\u2019issue d\u2019un Conseil des ministres.<\/p>\n<p>\u00ab\u00a0Le Conseil a adopt\u00e9 un d\u00e9cret de prorogation de la p\u00e9riode transitoire de validit\u00e9 des Cartes nationales d\u2019identit\u00e9 (CNI) ainsi que des communications y aff\u00e9rentes\u00a0\u00bb, \u00a0a indiqu\u00e9 le porte-parole du gouvernement, Amadou Coulibaly, face \u00e0 la presse.\u00a0<\/p>\n<p>De ce fait, \u00ab\u00a0la p\u00e9riode de validit\u00e9 des Cartes nationales d\u2019identit\u00e9 arrivant \u00e0 expiration le 30 juin 2021, au terme du d\u00e9cret 526 du 24 juin 2020, est prorog\u00e9e jusqu\u2019au 31 d\u00e9cembre 2021\u00a0\u00bb, a ajout\u00e9 M. Amadou Coulibaly, ministre de la Communication, des m\u00e9dias et de la Francophonie.\u00a0<\/p>\n<p>Ces cartes nationales d\u2019identit\u00e9 ivoiriennes dont la validit\u00e9 vient d\u2019\u00eatre \u00e0 nouveau prorog\u00e9e pour un peu plus de six mois, avaient \u00e9t\u00e9 confectionn\u00e9es en 2009, sous l\u2019\u00e8re de l\u2019ancien pr\u00e9sident Laurent Gbagbo.\u00a0<\/p>\n<\/div>\n<p>Auteur: APA News<br \/>\n<a href=\"https:\/\/www.journalducameroun.com\/cote-divoire-la-validite-des-cni-prorogee-jusquau-31-decembre-2021\/\">Cliquez ici pour lire l&rsquo;article depuis sa source.<\/a><\/p>\n","protected":false},"excerpt":{"rendered":"<p>Publi\u00e9 le 26.05.2021 \u00e0 19h18 par APA News Le porte-parole du gouvernement ivoirien, Amadou Coulibaly, a annonc\u00e9 mercredi une prorogation de la validit\u00e9 des Cartes nationales d\u2019identit\u00e9 (CNI), arrivant \u00e0 expiration le 30 juin 2021, jusqu\u2019au 31 d\u00e9cembre 2021, \u00e0 l\u2019issue d\u2019un Conseil des ministres. \u00ab\u00a0Le Conseil a adopt\u00e9 un d\u00e9cret de prorogation de la [&hellip;]<\/p>\n","protected":false},"author":1965,"featured_media":0,"comment_status":"closed","ping_status":"closed","sticky":false,"template":"","format":"standard","meta":{"fifu_image_url":"","fifu_image_alt":"","footnotes":""},"categories":[73,82],"tags":[],"class_list":["post-117456","post","type-post","status-publish","format-standard","hentry","category-actualite","category-cameroun"],"_links":{"self":[{"href":"https:\/\/linitiative.ca\/International\/wp-json\/wp\/v2\/posts\/117456","targetHints":{"allow":["GET"]}}],"collection":[{"href":"https:\/\/linitiative.ca\/International\/wp-json\/wp\/v2\/posts"}],"about":[{"href":"https:\/\/linitiative.ca\/International\/wp-json\/wp\/v2\/types\/post"}],"author":[{"embeddable":true,"href":"https:\/\/linitiative.ca\/International\/wp-json\/wp\/v2\/users\/1965"}],"replies":[{"embeddable":true,"href":"https:\/\/linitiative.ca\/International\/wp-json\/wp\/v2\/comments?post=117456"}],"version-history":[{"count":0,"href":"https:\/\/linitiative.ca\/International\/wp-json\/wp\/v2\/posts\/117456\/revisions"}],"wp:attachment":[{"href":"https:\/\/linitiative.ca\/International\/wp-json\/wp\/v2\/media?parent=117456"}],"wp:term":[{"taxonomy":"category","embeddable":true,"href":"https:\/\/linitiative.ca\/International\/wp-json\/wp\/v2\/categories?post=117456"},{"taxonomy":"post_tag","embeddable":true,"href":"https:\/\/linitiative.ca\/International\/wp-json\/wp\/v2\/tags?post=117456"}],"curies":[{"name":"wp","href":"https:\/\/api.w.org\/{rel}","templated":true}]}}