{"id":117457,"date":"2021-05-26T14:31:44","date_gmt":"2021-05-26T18:31:44","guid":{"rendered":"https:\/\/linitiative.ca\/International\/celebration-du-20eme-anniversaire-de-la-telephonie-mobile-au-cameroun-huawei-illumine-les-festivites\/"},"modified":"2021-05-26T14:31:44","modified_gmt":"2021-05-26T18:31:44","slug":"celebration-du-20eme-anniversaire-de-la-telephonie-mobile-au-cameroun-huawei-illumine-les-festivites","status":"publish","type":"post","link":"https:\/\/linitiative.ca\/International\/celebration-du-20eme-anniversaire-de-la-telephonie-mobile-au-cameroun-huawei-illumine-les-festivites\/","title":{"rendered":"C\u00e9l\u00e9bration du 20\u00e8me anniversaire de la t\u00e9l\u00e9phonie mobile au Cameroun : Huawei illumine les festivit\u00e9s !"},"content":{"rendered":"<div readability=\"32\">\n<p>Publi\u00e9 le 26.05.2021 \u00e0 19h31 par Bertin ONANA<\/p>\n<\/div>\n<div readability=\"121\">\n<p>L\u2019ann\u00e9e 2021 restera dans les annales, comme celle au cours de laquelle notre pays a c\u00e9l\u00e9br\u00e9 de mani\u00e8re d\u00e9cal\u00e9e du fait de la pand\u00e9mie \u00e0 Coronavirus, le 20<sup>\u00e8me<\/sup> anniversaire de la t\u00e9l\u00e9phonie mobile au Cameroun. Le pr\u00e9texte de l\u2019\u00e9v\u00e8nement \u00e9tait une manifestation d\u00e9nomm\u00e9e CAMMOB 20-20 du 17 au 19 mai 2021 au Yaound\u00e9 Hilton h\u00f4tel. Opportunit\u00e9 savamment saisie par Huawei Cameroon, filiale local\u00a0 du g\u00e9ant mondial\u00a0 de d\u00e9veloppement des solutions technologiques pour mettre en exergue son savoir et son savoir-faire.<\/p>\n<p>Partenaire Gold de la manifestation, le moins que l\u2019on puisse dire, c\u2019est que Huawei a illumin\u00e9 le CAMMOB 20-20 par un d\u00e9ploiement digne des standards internationaux, \u00e0 travers une forte participation de son top management aux conf\u00e9rences de haut niveau, d\u2019un dispositif d\u2019accueil par de jolies h\u00f4tesses drap\u00e9s\u00a0 aux couleurs harmonieuses de la marque, fondues dans un stand chatoyant et attrayant aliment\u00e9 par diff\u00e9rents supports contenant avec clart\u00e9 et pr\u00e9cisions, quelques-unes des nombreuses r\u00e9alisations de Huawei au Cameroun\u00a0; Toutes choses qui ont fait dire\u00a0 \u00e0 Minette Libom Li Likeng ministre des Postes et T\u00e9l\u00e9communications lque <strong><em>\u00ab\u00a0nous savons que Huawei est un g\u00e9ant dans le monde. Nous esp\u00e9rons voir cette entreprise se d\u00e9ployer davantage dans notre pays, comme ailleurs\u00a0\u00bb.<\/em><\/strong> C\u2019\u00e9tait lors de la visite officielle des stands d\u2019exposition. La Minpostel \u00e9tait alors accompagn\u00e9e entre autres, du Pr Jacques Fame Ndongo, ministre d\u2019Etat, ministre de l\u2019Enseignement sup\u00e9rieur qui a aussi appr\u00e9ci\u00e9 le d\u00e9ploiement et l\u2019engagement de cette entreprise, ainsi que\u00a0 F\u00e9lix Mbanyu, ministre d\u00e9l\u00e9gu\u00e9 aupr\u00e8s du ministre des Relations ext\u00e9rieures charg\u00e9 du Commonwealth.<\/p>\n<p><strong>HUAWEI, Acteur strat\u00e9gique pour le d\u00e9veloppement de la t\u00e9l\u00e9phonie mobile au Cameroun<\/strong><\/p>\n<p><img loading=\"lazy\" decoding=\"async\" class=\"alignnone size-medium wp-image-388479\" src=\"https:\/\/www.journalducameroun.com\/wp-content\/uploads\/2021\/05\/WhatsApp-Image-2021-05-26-at-16.13.28-1-300x200.jpeg\" alt=\"\" width=\"300\" height=\"200\" srcset=\"https:\/\/www.journalducameroun.com\/wp-content\/uploads\/2021\/05\/WhatsApp-Image-2021-05-26-at-16.13.28-1-300x200.jpeg 300w, https:\/\/www.journalducameroun.com\/wp-content\/uploads\/2021\/05\/WhatsApp-Image-2021-05-26-at-16.13.28-1-768x512.jpeg 768w, https:\/\/www.journalducameroun.com\/wp-content\/uploads\/2021\/05\/WhatsApp-Image-2021-05-26-at-16.13.28-1-1024x683.jpeg 1024w, https:\/\/www.journalducameroun.com\/wp-content\/uploads\/2021\/05\/WhatsApp-Image-2021-05-26-at-16.13.28-1-660x440.jpeg 660w, https:\/\/www.journalducameroun.com\/wp-content\/uploads\/2021\/05\/WhatsApp-Image-2021-05-26-at-16.13.28-1-600x400.jpeg 600w, https:\/\/www.journalducameroun.com\/wp-content\/uploads\/2021\/05\/WhatsApp-Image-2021-05-26-at-16.13.28-1.jpeg 1080w\" sizes=\"auto, (max-width: 300px) 100vw, 300px\"\/><\/p>\n<p>Prenant la parole devant les Hommes de m\u00e9dia, la Ministre des Postes et T\u00e9l\u00e9communications, Madame Minette LIBOM LII LIKENG, sans doute faisant implicitement r\u00e9f\u00e9rence \u00e0 l\u2019\u00e9quipementier chinois HUAWEI, a parl\u00e9 de cette 5G que le Cameroun souhaite de tous ses v\u0153ux. Avis\u00e9e, la Ministre des Postes et T\u00e9l\u00e9communications est au fait de la tr\u00e8s haute expertise de HUAWEI. C\u2019est ainsi qu\u2019\u00e0 dessein, lorsqu\u2019elle arrive au stand principal du leader mondial des technologies num\u00e9riques, lance-t-elle : \u00a0\u00bb Ah oui, nous connaissons tous que HUAWEI est un grand, un g\u00e9ant des T\u00e9l\u00e9coms. Nous connaissons tous sa tr\u00e8s haute technologie et sa force\u00a0\u00bb. Des propos lapidaires et empreints de la plus grande simplicit\u00e9, et\u00a0 qui, pouvaient appara\u00eetre aga\u00e7ants pour des \u00e2mes au verbe d\u00e9licat et recherch\u00e9. Mais que non. La Ministre des Postes et T\u00e9l\u00e9communications a voulu dire \u00e0 l\u2019assistance que la tr\u00e8s haute et in\u00e9galable expertise technique et technologique de HUAWEI, ne se pr\u00e9sente plus, et qu\u2019en tant que Ministre de tutelle, elle ne la connait que trop bien.<\/p>\n<p>\u00a0\u00bb Nous sommes partis de la 2eme G\u00e9n\u00e9ration \u00e0 la\u00a0 3G, puis \u00e0 la 4G. La 5 \u00e8me G\u00e9n\u00e9ration, la 5G, c\u2019est sure chose. Avant d\u2019y entrer, il faudra faire une \u00e9valuation, voir ce que la t\u00e9l\u00e9phonie mobile a apport\u00e9. Vous voyez tous les probl\u00e8mes que le secteur a sembl\u00e9\u00a0 rencontrer. \u00c7a \u00e9t\u00e9 le passage de la 2G \u00e0 la 3G et 4G qui ont pos\u00e9 des probl\u00e8mes de convergence [\u2026]. La 5G apportera un autre changement de paradigme o\u00f9 les objets seront connect\u00e9s. Vous vous imaginez que nous aurons des voitures sans chauffeur. Il nous faut alors op\u00e9rer le bilan du cadre r\u00e9glementaire et du cadre technologique. Je crois que le Gouvernement du Cameroun sous l\u2019impulsion du Chef de l\u2019\u00c9tat, Son Excellence Paul Biya et sous l\u2019impulsion du Premier Ministre Chef du Gouvernement, nous demande de garantir la souverainet\u00e9 num\u00e9rique du Cameroun\u00a0\u00bb, dira la Ministre des Postes et T\u00e9l\u00e9communications devant la presse, pour sa r\u00e9action de fin de c\u00e9r\u00e9monie d\u2019ouverture du CAMMOB 2020.<\/p>\n<p><strong>HUAWEI ou 15 ans de collaboration fructueuse avec le Cameroun<\/strong><\/p>\n<p><img loading=\"lazy\" decoding=\"async\" class=\"alignnone size-medium wp-image-388478\" src=\"https:\/\/www.journalducameroun.com\/wp-content\/uploads\/2021\/05\/WhatsApp-Image-2021-05-26-at-16.13.28-300x200.jpeg\" alt=\"\" width=\"300\" height=\"200\" srcset=\"https:\/\/www.journalducameroun.com\/wp-content\/uploads\/2021\/05\/WhatsApp-Image-2021-05-26-at-16.13.28-300x200.jpeg 300w, https:\/\/www.journalducameroun.com\/wp-content\/uploads\/2021\/05\/WhatsApp-Image-2021-05-26-at-16.13.28-768x512.jpeg 768w, https:\/\/www.journalducameroun.com\/wp-content\/uploads\/2021\/05\/WhatsApp-Image-2021-05-26-at-16.13.28-1024x683.jpeg 1024w, https:\/\/www.journalducameroun.com\/wp-content\/uploads\/2021\/05\/WhatsApp-Image-2021-05-26-at-16.13.28-660x440.jpeg 660w, https:\/\/www.journalducameroun.com\/wp-content\/uploads\/2021\/05\/WhatsApp-Image-2021-05-26-at-16.13.28-600x400.jpeg 600w, https:\/\/www.journalducameroun.com\/wp-content\/uploads\/2021\/05\/WhatsApp-Image-2021-05-26-at-16.13.28.jpeg 1080w\" sizes=\"auto, (max-width: 300px) 100vw, 300px\"\/><\/p>\n<p>Les statistiques sur l\u2019\u00e9volution de la t\u00e9l\u00e9phonie mobile au Cameroun, \u00a0font \u00e9tat de ce que pour une population camerounaise estim\u00e9e \u00e0 24 millions d\u2019habitants, le nombre d\u2019abonn\u00e9s \u00e0 la t\u00e9l\u00e9phonie mobile, qui \u00e9tait de 0,67% en 2000, est pass\u00e9 en 2020 \u00e0 plus de 88%, soit plus de 15 millions de personnes. Tandis que la population couverte par les r\u00e9seaux de t\u00e9l\u00e9phonie mobile, toutes g\u00e9n\u00e9rations confondues, a \u00e9volu\u00e9 de 37% en 2000 \u00e0 90% en fin 2019. Une \u00e9volution perceptible favoris\u00e9e par l\u2019installation de la fibre optique, fruit du partenariat entre le gouvernement Cameroun et le g\u00e9ant mondial de la t\u00e9l\u00e9phonie mobile. \u00a0A ce jour 20\u00a0000 km de fibre optique ont \u00e9t\u00e9 pos\u00e9s \u00e0 travers le pays, avec des boucles urbaines dans les 58 d\u00e9partements. On compte aussi quatre c\u00e2bles sous-marins install\u00e9s pour faciliter l\u2019acc\u00e8s \u00e0 internet et tous les services induits.<\/p>\n<p>Toujours dans le d\u00e9veloppement de l\u2019industrie des TIC, en marge du CAMMOB, mais dans la mouvance de la c\u00e9l\u00e9bration du 20<sup>\u00e8me<\/sup> anniversaire de la t\u00e9l\u00e9phonie mobile au Cameroun, \u00a0Huawei a r\u00e9affirm\u00e9 son soutien \u00e0 l\u2019endroit du gouvernement. En effet, au cours d\u2019une audience que lui accord\u00e9e le premier ministre chef du gouvernement Joseph Dion Ngute, le pr\u00e9sident de Huamei Northern Africa <strong>Terry HE,<\/strong> a fait don Cameroun de 20 unit\u00e9s de syst\u00e8mes de conf\u00e9rence intelligents <strong>\u00ab Huawei Ideal Hub\u00a0\u00bb.<\/strong> Don qui vient s\u2019ajouter au programme tr\u00e8s enrichissant de la mise en \u0153uvre de l\u2019accord de partenariat strat\u00e9gique dans le domaine des TICs avec la R\u00e9publique du Cameroun dans lequel, Huawei, s\u2019est engag\u00e9e \u00e0 former pr\u00e8s de 2000 candidats en TIC en 2021 dans le cadre du programme HUAWEI ICT ACADEMY en partenariat avec les 7 universit\u00e9s camerounaises. C\u2019est dire que\u00a0 Huawei attache une grande importance \u00e0 la formation des talents en TIC au Cameroun et est \u00e0 juste titre comme le partenaire strat\u00e9gique par excellence du Cameroun dans le d\u00e9veloppement des infrastructures et l\u2019\u00e9conomie num\u00e9rique.<\/p>\n<\/div>\n<p>Auteur: Cyrille Nono<br \/>\n<a href=\"https:\/\/www.journalducameroun.com\/celebration-du-20eme-anniversaire-de-la-telephonie-mobile-au-cameroun-huawei-illumine-les-festivites\/\">Cliquez ici pour lire l&rsquo;article depuis sa source.<\/a><\/p>\n","protected":false},"excerpt":{"rendered":"<p>Publi\u00e9 le 26.05.2021 \u00e0 19h31 par Bertin ONANA L\u2019ann\u00e9e 2021 restera dans les annales, comme celle au cours de laquelle notre pays a c\u00e9l\u00e9br\u00e9 de mani\u00e8re d\u00e9cal\u00e9e du fait de la pand\u00e9mie \u00e0 Coronavirus, le 20\u00e8me anniversaire de la t\u00e9l\u00e9phonie mobile au Cameroun. Le pr\u00e9texte de l\u2019\u00e9v\u00e8nement \u00e9tait une manifestation d\u00e9nomm\u00e9e CAMMOB 20-20 du 17 [&hellip;]<\/p>\n","protected":false},"author":1965,"featured_media":0,"comment_status":"closed","ping_status":"closed","sticky":false,"template":"","format":"standard","meta":{"fifu_image_url":"https:\/\/www.journalducameroun.com\/wp-content\/uploads\/2021\/05\/WhatsApp-Image-2021-05-26-at-16.13.28-1-300x200.jpeg","fifu_image_alt":"C\u00e9l\u00e9bration du 20\u00e8me anniversaire de la t\u00e9l\u00e9phonie mobile au Cameroun : Huawei illumine les festivit\u00e9s !","footnotes":""},"categories":[73,82],"tags":[],"class_list":["post-117457","post","type-post","status-publish","format-standard","hentry","category-actualite","category-cameroun"],"_links":{"self":[{"href":"https:\/\/linitiative.ca\/International\/wp-json\/wp\/v2\/posts\/117457","targetHints":{"allow":["GET"]}}],"collection":[{"href":"https:\/\/linitiative.ca\/International\/wp-json\/wp\/v2\/posts"}],"about":[{"href":"https:\/\/linitiative.ca\/International\/wp-json\/wp\/v2\/types\/post"}],"author":[{"embeddable":true,"href":"https:\/\/linitiative.ca\/International\/wp-json\/wp\/v2\/users\/1965"}],"replies":[{"embeddable":true,"href":"https:\/\/linitiative.ca\/International\/wp-json\/wp\/v2\/comments?post=117457"}],"version-history":[{"count":0,"href":"https:\/\/linitiative.ca\/International\/wp-json\/wp\/v2\/posts\/117457\/revisions"}],"wp:attachment":[{"href":"https:\/\/linitiative.ca\/International\/wp-json\/wp\/v2\/media?parent=117457"}],"wp:term":[{"taxonomy":"category","embeddable":true,"href":"https:\/\/linitiative.ca\/International\/wp-json\/wp\/v2\/categories?post=117457"},{"taxonomy":"post_tag","embeddable":true,"href":"https:\/\/linitiative.ca\/International\/wp-json\/wp\/v2\/tags?post=117457"}],"curies":[{"name":"wp","href":"https:\/\/api.w.org\/{rel}","templated":true}]}}