{"id":117458,"date":"2021-05-26T15:18:02","date_gmt":"2021-05-26T19:18:02","guid":{"rendered":"https:\/\/linitiative.ca\/International\/rabat-et-accra-soulignent-linteret-dactiver-le-conseil-economique-bilateral\/"},"modified":"2021-05-26T15:18:02","modified_gmt":"2021-05-26T19:18:02","slug":"rabat-et-accra-soulignent-linteret-dactiver-le-conseil-economique-bilateral","status":"publish","type":"post","link":"https:\/\/linitiative.ca\/International\/rabat-et-accra-soulignent-linteret-dactiver-le-conseil-economique-bilateral\/","title":{"rendered":"Rabat et Accra soulignent l\u2019int\u00e9r\u00eat d\u2019activer le conseil \u00e9conomique bilat\u00e9ral"},"content":{"rendered":"<div readability=\"32\">\n<p>Publi\u00e9 le 26.05.2021 \u00e0 20h18 par APA News<\/p>\n<\/div>\n<div readability=\"85\">\n<p>Le Maroc et le Ghana ont soulev\u00e9 l\u2019int\u00e9r\u00eat d\u2019activer le conseil \u00e9conomique bilat\u00e9ral dans l\u2019optique d\u2019encourager les secteurs priv\u00e9s des deux pays \u00e0 explorer d\u2019autres opportunit\u00e9s d\u2019investissement et de booster des partenariats public-priv\u00e9 \u00e0 m\u00eame de servir de mod\u00e8le de coop\u00e9ration Sud-Sud en Afrique.Lors d\u2019in entretien mardi par visioconf\u00e9rence entre le ministre marocain des Affaires \u00e9trang\u00e8res, Nasser Bourita, avec son homologue ghan\u00e9enne, Mme Shirley Ayorkor Botchwey, les deux parties se sont r\u00e9jouies de l\u2019excellence des relations d\u2019amiti\u00e9 et de solidarit\u00e9 entre les deux pays qui se sont consolid\u00e9es davantage lors de la visite du Roi Mohammed VI, en f\u00e9vrier 2017, \u00e0 Accra et qui a \u00e9t\u00e9 couronn\u00e9e par la signature de 25 instruments juridiques comprenant des accords gouvernementaux et d\u2019autres relatifs au partenariat public-priv\u00e9 dans diff\u00e9rents domaines de coop\u00e9ration.<\/p>\n<p>Elles se sont f\u00e9licit\u00e9es aussi des r\u00e9sultats des \u00e9lections g\u00e9n\u00e9rales tenues au Ghana, le 07 d\u00e9cembre 2020, qui se sont d\u00e9roul\u00e9es dans un climat libre, transparent et dans le respect de la volont\u00e9 populaire, consacrant un afro-optimisme fond\u00e9 sur les r\u00e9formes politiques engag\u00e9es par le Pr\u00e9sident Nana Akufo-Addo, rapporte un communiqu\u00e9 du minist\u00e8re marocain des Affaires \u00e9trang\u00e8res.\u00a0<\/p>\n<p>Le ministre marocain a tenu \u00e0 saluer la d\u00e9signation du Ghana pour abriter le si\u00e8ge du Secr\u00e9tariat G\u00e9n\u00e9ral de la Zone de Libre Echange Continentale Africaine ZLECAf et sa r\u00e9cente reconduction \u00e0 la Pr\u00e9sidence de la CEDEAO pour un second mandat, mettant en avant l\u2019engagement personnel du Pr\u00e9sident Akufo-Addo en sa qualit\u00e9 de Pr\u00e9sident de la CEDEAO pour la r\u00e9solution de la crise politique au Mali.<\/p>\n<p>S\u2019agissant de la question du Sahara, Mme Botchwey a lou\u00e9 les efforts du Royaume en vue de parvenir \u00e0 une solution politique n\u00e9goci\u00e9e au diff\u00e9rend r\u00e9gional autour de cette question.<\/p>\n<p>Saisissant cette occasion, la ministre ghan\u00e9enne a r\u00e9it\u00e9r\u00e9 le soutien ferme de son pays \u00e0 la d\u00e9cision 693 du Sommet des Chefs d\u2019Etat et de Gouvernement de l\u2019Union Africaine de juillet 2018, qui a consacr\u00e9 l\u2019exclusivit\u00e9 de l\u2019ONU comme cadre consensuel de processus devant mener \u00e0 une solution politique, mutuellement acceptable, r\u00e9aliste, pragmatique et d\u00e9finitive \u00e0 cette question.<\/p>\n<p>Anim\u00e9es par la volont\u00e9 de d\u00e9velopper un partenariat \u00e9conomique mutuellement b\u00e9n\u00e9fique, les deux parties ont convenu de renforcer la coop\u00e9ration dans les secteurs prioritaires tels que l\u2019agriculture, le tourisme, la sant\u00e9, la formation professionnelle et les \u00e9nergies et mines.<\/p>\n<p>Sur le plan multilat\u00e9ral, les deux ministres se sont engag\u00e9s \u00e0 assurer une meilleure coordination de leurs actions et \u00e0 s\u2019accorder un soutien r\u00e9ciproque au sein des instances r\u00e9gionales et internationales et de promouvoir le partenariat \u00e0 un niveau sup\u00e9rieur en mati\u00e8re de paix et de s\u00e9curit\u00e9.<\/p>\n<\/div>\n<p>Auteur: APA News<br \/>\n<a href=\"https:\/\/www.journalducameroun.com\/rabat-et-accra-soulignent-linteret-dactiver-le-conseil-economique-bilateral\/\">Cliquez ici pour lire l&rsquo;article depuis sa source.<\/a><\/p>\n","protected":false},"excerpt":{"rendered":"<p>Publi\u00e9 le 26.05.2021 \u00e0 20h18 par APA News Le Maroc et le Ghana ont soulev\u00e9 l\u2019int\u00e9r\u00eat d\u2019activer le conseil \u00e9conomique bilat\u00e9ral dans l\u2019optique d\u2019encourager les secteurs priv\u00e9s des deux pays \u00e0 explorer d\u2019autres opportunit\u00e9s d\u2019investissement et de booster des partenariats public-priv\u00e9 \u00e0 m\u00eame de servir de mod\u00e8le de coop\u00e9ration Sud-Sud en Afrique.Lors d\u2019in entretien mardi [&hellip;]<\/p>\n","protected":false},"author":1965,"featured_media":0,"comment_status":"closed","ping_status":"closed","sticky":false,"template":"","format":"standard","meta":{"fifu_image_url":"","fifu_image_alt":"","footnotes":""},"categories":[73,82],"tags":[],"class_list":["post-117458","post","type-post","status-publish","format-standard","hentry","category-actualite","category-cameroun"],"_links":{"self":[{"href":"https:\/\/linitiative.ca\/International\/wp-json\/wp\/v2\/posts\/117458","targetHints":{"allow":["GET"]}}],"collection":[{"href":"https:\/\/linitiative.ca\/International\/wp-json\/wp\/v2\/posts"}],"about":[{"href":"https:\/\/linitiative.ca\/International\/wp-json\/wp\/v2\/types\/post"}],"author":[{"embeddable":true,"href":"https:\/\/linitiative.ca\/International\/wp-json\/wp\/v2\/users\/1965"}],"replies":[{"embeddable":true,"href":"https:\/\/linitiative.ca\/International\/wp-json\/wp\/v2\/comments?post=117458"}],"version-history":[{"count":0,"href":"https:\/\/linitiative.ca\/International\/wp-json\/wp\/v2\/posts\/117458\/revisions"}],"wp:attachment":[{"href":"https:\/\/linitiative.ca\/International\/wp-json\/wp\/v2\/media?parent=117458"}],"wp:term":[{"taxonomy":"category","embeddable":true,"href":"https:\/\/linitiative.ca\/International\/wp-json\/wp\/v2\/categories?post=117458"},{"taxonomy":"post_tag","embeddable":true,"href":"https:\/\/linitiative.ca\/International\/wp-json\/wp\/v2\/tags?post=117458"}],"curies":[{"name":"wp","href":"https:\/\/api.w.org\/{rel}","templated":true}]}}