{"id":117459,"date":"2021-05-26T15:18:02","date_gmt":"2021-05-26T19:18:02","guid":{"rendered":"https:\/\/linitiative.ca\/International\/maroc-tv-les-chaines-2m-et-medi1tv-passent-sous-le-giron-de-la-snrt\/"},"modified":"2021-05-26T15:18:02","modified_gmt":"2021-05-26T19:18:02","slug":"maroc-tv-les-chaines-2m-et-medi1tv-passent-sous-le-giron-de-la-snrt","status":"publish","type":"post","link":"https:\/\/linitiative.ca\/International\/maroc-tv-les-chaines-2m-et-medi1tv-passent-sous-le-giron-de-la-snrt\/","title":{"rendered":"Maroc\/TV : les chaines 2M et Medi1TV passent sous le giron de la SNRT"},"content":{"rendered":"<div readability=\"32\">\n<p>Publi\u00e9 le 26.05.2021 \u00e0 20h18 par APA News<\/p>\n<\/div>\n<div readability=\"73\">\n<p>C\u2019est act\u00e9. La Soci\u00e9t\u00e9 Nationale de Radiodiffusion T\u00e9l\u00e9vision marocaine (SNRT) vient de faire l\u2019acquisition de 100% du capital de 2M et de Medi 1 TV, ce qu\u2019a annonc\u00e9, le ministre de tutelle, Othmane El Ferdaous devant une commission parlementaire.Le d\u00e9fi est de r\u00e9aliser des \u00e9conomies d\u2019\u00e9chelle, stopper l\u2019h\u00e9morragie budg\u00e9taire et parvenir \u00e0 r\u00e9sorber les d\u00e9ficits cumul\u00e9s depuis plusieurs ann\u00e9es et surtout monter un v\u00e9ritable mod\u00e8le \u00e9conomique viable.<\/p>\n<p>Selon le ministre, qui a pr\u00e9sent\u00e9 les contours du projet de restructuration du p\u00f4le audiovisuel, ce regroupement SNRT, 2M et Medi 1 TV s\u2019inscrit dans le cadre de la feuille de route 2024 de la strat\u00e9gie du d\u00e9veloppement du secteur de l\u2019audiovisuel public et selon une logique qui permet \u00e0 l\u2019\u00c9tat de g\u00e9rer ses biens en fonction d\u2019une vision strat\u00e9gique et int\u00e9gr\u00e9e.<\/p>\n<p>Lors de la premi\u00e8re \u00e9tape, ce regroupement s\u2019op\u00e9rera \u00e0 travers le processus \u00ab coup d\u2019accord\u00e9on \u00bb lequel concernera les capitaux de SOREAD-2M et Medi1 TV, tandis que la deuxi\u00e8me \u00e9tape portera sur l\u2019int\u00e9gration de \u00ab\u00a0Radio Medi 1\u2033et de \u00ab R\u00e9gie 3 \u00bb (sa filiale \u00e0 100%) au secteur public apr\u00e8s \u00e9valuation par des experts ind\u00e9pendants, a-t-il.<\/p>\n<p>La troisi\u00e8me phase s\u2019op\u00e9rera \u00e0 travers la cr\u00e9ation d\u2019un Holding SNRT avec des soci\u00e9t\u00e9s professionnelles.<\/p>\n<p>S\u2019agissant des cahiers de charges et du contrat-programme, le ministre a relev\u00e9 que le contrat entre l\u2019\u00c9tat et la SNRT s\u2019effectuera \u00e0 travers un contrat-programme \u00e9quilibr\u00e9 incluant un plan de synergie d\u00e9taill\u00e9 en parall\u00e8le avec la modernisation des cahiers de charges, l\u2019assouplissement des restrictions \u00e9conomiques lorsque cela s\u2019av\u00e8re possible et l\u2019adaptation aux \u00e9volutions technologiques.<\/p>\n<p>Pour ce qui est du volet l\u00e9gislatif, M. El Ferdaous a fait savoir qu\u2019il sera proc\u00e9d\u00e9 \u00e0 la pr\u00e9sentation d\u2019un projet d\u2019amendement du statut juridique et organique du secteur audiovisuel, outre l\u2019encouragement des petites et moyennes soci\u00e9t\u00e9s \u00e0 opter pour les publicit\u00e9s audiovisuelles en vue de renforcer le label commercial national, ainsi que l\u2019instauration de la politique de concurrence et des plateformes num\u00e9riques (2\/3 de l\u2019investissement num\u00e9rique national) et l\u2019adoption d\u2019une fiscalit\u00e9 sectorielle plus \u00e9quitable et plus efficace.<\/p>\n<\/div>\n<p>Auteur: APA News<br \/>\n<a href=\"https:\/\/www.journalducameroun.com\/maroc-tv-les-chaines-2m-et-medi1tv-passent-sous-le-giron-de-la-snrt\/\">Cliquez ici pour lire l&rsquo;article depuis sa source.<\/a><\/p>\n","protected":false},"excerpt":{"rendered":"<p>Publi\u00e9 le 26.05.2021 \u00e0 20h18 par APA News C\u2019est act\u00e9. La Soci\u00e9t\u00e9 Nationale de Radiodiffusion T\u00e9l\u00e9vision marocaine (SNRT) vient de faire l\u2019acquisition de 100% du capital de 2M et de Medi 1 TV, ce qu\u2019a annonc\u00e9, le ministre de tutelle, Othmane El Ferdaous devant une commission parlementaire.Le d\u00e9fi est de r\u00e9aliser des \u00e9conomies d\u2019\u00e9chelle, stopper [&hellip;]<\/p>\n","protected":false},"author":1965,"featured_media":0,"comment_status":"closed","ping_status":"closed","sticky":false,"template":"","format":"standard","meta":{"fifu_image_url":"","fifu_image_alt":"","footnotes":""},"categories":[73,82],"tags":[],"class_list":["post-117459","post","type-post","status-publish","format-standard","hentry","category-actualite","category-cameroun"],"_links":{"self":[{"href":"https:\/\/linitiative.ca\/International\/wp-json\/wp\/v2\/posts\/117459","targetHints":{"allow":["GET"]}}],"collection":[{"href":"https:\/\/linitiative.ca\/International\/wp-json\/wp\/v2\/posts"}],"about":[{"href":"https:\/\/linitiative.ca\/International\/wp-json\/wp\/v2\/types\/post"}],"author":[{"embeddable":true,"href":"https:\/\/linitiative.ca\/International\/wp-json\/wp\/v2\/users\/1965"}],"replies":[{"embeddable":true,"href":"https:\/\/linitiative.ca\/International\/wp-json\/wp\/v2\/comments?post=117459"}],"version-history":[{"count":0,"href":"https:\/\/linitiative.ca\/International\/wp-json\/wp\/v2\/posts\/117459\/revisions"}],"wp:attachment":[{"href":"https:\/\/linitiative.ca\/International\/wp-json\/wp\/v2\/media?parent=117459"}],"wp:term":[{"taxonomy":"category","embeddable":true,"href":"https:\/\/linitiative.ca\/International\/wp-json\/wp\/v2\/categories?post=117459"},{"taxonomy":"post_tag","embeddable":true,"href":"https:\/\/linitiative.ca\/International\/wp-json\/wp\/v2\/tags?post=117459"}],"curies":[{"name":"wp","href":"https:\/\/api.w.org\/{rel}","templated":true}]}}