{"id":117460,"date":"2021-05-26T17:18:01","date_gmt":"2021-05-26T21:18:01","guid":{"rendered":"https:\/\/linitiative.ca\/International\/crise-malienne-le-parena-pour-la-tenue-dune-table-ronde\/"},"modified":"2021-05-26T17:18:01","modified_gmt":"2021-05-26T21:18:01","slug":"crise-malienne-le-parena-pour-la-tenue-dune-table-ronde","status":"publish","type":"post","link":"https:\/\/linitiative.ca\/International\/crise-malienne-le-parena-pour-la-tenue-dune-table-ronde\/","title":{"rendered":"Crise malienne : le Parena pour la tenue d\u2019une table ronde"},"content":{"rendered":"<div readability=\"32\">\n<p>Publi\u00e9 le 26.05.2021 \u00e0 22h18 par APA News<\/p>\n<\/div>\n<div readability=\"73\">\n<p>Le Parti pour la renaissance africaine (Parena) de l\u2019ancien ministre malien des Affaires \u00e9trang\u00e8res, Ti\u00e9bil\u00e9 Dram\u00e9, propose un dialogue inclusif des forces vives de la nation pour trouver une solution de sortie de crise.Le Parena, dans un communiqu\u00e9 dat\u00e9 du 26 mai, a indiqu\u00e9 que cette rencontre permettrait d\u2019 \u00ab \u00e9valuer la situation d\u2019ensemble du pays et (de) forger un consensus national sur les prochaines \u00e9tapes de la transition\u00a0\u00bb.<\/p>\n<p>Le Comit\u00e9 Directeur du Parti pour la renaissance africaine, r\u00e9uni en session extraordinaire, a condamn\u00e9 \u00ab le coup de force perp\u00e9tr\u00e9 contre les autorit\u00e9s civiles de la transition \u00bb.<\/p>\n<p>En effet, le pr\u00e9sident Bah N\u2019Daw et son Premier ministre, Moctar Ouane, arr\u00eat\u00e9s puis conduits lundi dernier \u00e0 la base militaire de Kati (situ\u00e9e \u00e0 15 kilom\u00e8tres de la capitale Bamako), ont finalement d\u00e9missionn\u00e9 ce mercredi.<\/p>\n<p>Le parti de Ti\u00e9bil\u00e9 Dram\u00e9, l\u2019ex-chef de la diplomatie malienne, a exig\u00e9 leur \u00ab lib\u00e9ration inconditionnelle \u00bb ainsi que celle \u00ab des ministres et autres personnalit\u00e9s arbitrairement d\u00e9tenus\u00a0\u00bb.<\/p>\n<p>Le Parena a, en outre, regrett\u00e9 les r\u00e9cents \u00e9v\u00e8nements car \u00ab la transition \u00e9tait entr\u00e9e dans une phase plus inclusive avec la cr\u00e9ation du Comit\u00e9 d\u2019orientation strat\u00e9gique sur les r\u00e9formes politiques et institutionnelles (Cos- RPI) \u00bb.<\/p>\n<p>C\u2019est pourquoi, il a invit\u00e9 \u00ab la junte militaire \u00e0 se ressaisir et \u00e0 ne pas se maintenir en dehors de la l\u00e9galit\u00e9 nationale et internationale \u00bb. \u00a0Pour cette formation politique, \u00ab les soubresauts en cours, quelqu\u2019en soient les raisons, sont de nature \u00e0 retarder l\u2019atteinte des objectifs initialement assign\u00e9s \u00e0 la transition \u00bb.<\/p>\n<\/div>\n<p>Auteur: APA News<br \/>\n<a href=\"https:\/\/www.journalducameroun.com\/crise-malienne-le-parena-pour-la-tenue-dune-table-ronde\/\">Cliquez ici pour lire l&rsquo;article depuis sa source.<\/a><\/p>\n","protected":false},"excerpt":{"rendered":"<p>Publi\u00e9 le 26.05.2021 \u00e0 22h18 par APA News Le Parti pour la renaissance africaine (Parena) de l\u2019ancien ministre malien des Affaires \u00e9trang\u00e8res, Ti\u00e9bil\u00e9 Dram\u00e9, propose un dialogue inclusif des forces vives de la nation pour trouver une solution de sortie de crise.Le Parena, dans un communiqu\u00e9 dat\u00e9 du 26 mai, a indiqu\u00e9 que cette rencontre [&hellip;]<\/p>\n","protected":false},"author":1965,"featured_media":0,"comment_status":"closed","ping_status":"closed","sticky":false,"template":"","format":"standard","meta":{"fifu_image_url":"","fifu_image_alt":"","footnotes":""},"categories":[73,82],"tags":[],"class_list":["post-117460","post","type-post","status-publish","format-standard","hentry","category-actualite","category-cameroun"],"_links":{"self":[{"href":"https:\/\/linitiative.ca\/International\/wp-json\/wp\/v2\/posts\/117460","targetHints":{"allow":["GET"]}}],"collection":[{"href":"https:\/\/linitiative.ca\/International\/wp-json\/wp\/v2\/posts"}],"about":[{"href":"https:\/\/linitiative.ca\/International\/wp-json\/wp\/v2\/types\/post"}],"author":[{"embeddable":true,"href":"https:\/\/linitiative.ca\/International\/wp-json\/wp\/v2\/users\/1965"}],"replies":[{"embeddable":true,"href":"https:\/\/linitiative.ca\/International\/wp-json\/wp\/v2\/comments?post=117460"}],"version-history":[{"count":0,"href":"https:\/\/linitiative.ca\/International\/wp-json\/wp\/v2\/posts\/117460\/revisions"}],"wp:attachment":[{"href":"https:\/\/linitiative.ca\/International\/wp-json\/wp\/v2\/media?parent=117460"}],"wp:term":[{"taxonomy":"category","embeddable":true,"href":"https:\/\/linitiative.ca\/International\/wp-json\/wp\/v2\/categories?post=117460"},{"taxonomy":"post_tag","embeddable":true,"href":"https:\/\/linitiative.ca\/International\/wp-json\/wp\/v2\/tags?post=117460"}],"curies":[{"name":"wp","href":"https:\/\/api.w.org\/{rel}","templated":true}]}}