{"id":117463,"date":"2021-05-26T13:25:11","date_gmt":"2021-05-26T17:25:11","guid":{"rendered":"https:\/\/linitiative.ca\/International\/le-pr-alice-ngah-minkala-est-le-nouveau-directeur-de-lesstic\/"},"modified":"2021-05-26T13:25:11","modified_gmt":"2021-05-26T17:25:11","slug":"le-pr-alice-ngah-minkala-est-le-nouveau-directeur-de-lesstic","status":"publish","type":"post","link":"https:\/\/linitiative.ca\/International\/le-pr-alice-ngah-minkala-est-le-nouveau-directeur-de-lesstic\/","title":{"rendered":"Le Pr Alice Ngah Minkala est le nouveau Directeur de l\u2019Esstic"},"content":{"rendered":"<div class=\"featured-area featured-area-inner\">\n<figure class=\"single-featured-image\">\n<p><img loading=\"lazy\" decoding=\"async\" width=\"780\" height=\"470\" src=\"https:\/\/ecomatin.net\/wp-content\/uploads\/2021\/05\/essticao-780x470.jpg\" class=\"attachment-jannah-image-post size-jannah-image-post wp-post-image\" alt=\"\" is_main_img=\"1\"\/><\/p>\n<\/figure>\n<\/div>\n<div class=\"entry-content entry clearfix\" readability=\"43\">\n<p>Le Professeur Alice Ngah Minkala, est le nouveau Directeur de l\u2019Ecole sup\u00e9rieure des sciences et techniques de l\u2019information et de la communication (Esstic). Elle a \u00e9t\u00e9 port\u00e9e \u00e0 ce poste ce 26 mai 2021, par d\u00e9cret pr\u00e9sidentiel. Elle remplace\u00a0ainsi le Pr Laurent Charles Boyomo Assala, admis \u00e0 faire valoir ses droits\u00a0\u00e0\u00a0la retraite et qui occupait cette fonction depuis plusieurs ann\u00e9es.<\/p>\n<p>La nouvelle promue avant sa nomination occupait le poste de Directrice adjointe charg\u00e9e des \u00e9tudes (Dace), au sein de cet \u00e9tablissement d\u2019enseignement sup\u00e9rieur de renom sp\u00e9cialis\u00e9 dans la communication.<\/p>\n<\/div>\n<div class=\"toggle-post-content clearfix\"><a id=\"toggle-post-button\" class=\"button\" href=\"#\">Afficher plus <\/a><\/div>\n<p>Auteur: Cindy MBALA<br \/>\n<a href=\"https:\/\/ecomatin.net\/le-pr-alice-ngah-minkala-est-le-nouveauu-directeurr-de-lesstic\/\">Cliquez ici pour lire l&rsquo;article depuis sa source.<\/a><\/p>\n","protected":false},"excerpt":{"rendered":"<p>Le Professeur Alice Ngah Minkala, est le nouveau Directeur de l\u2019Ecole sup\u00e9rieure des sciences et techniques de l\u2019information et de la communication (Esstic). Elle a \u00e9t\u00e9 port\u00e9e \u00e0 ce poste ce 26 mai 2021, par d\u00e9cret pr\u00e9sidentiel. Elle remplace\u00a0ainsi le Pr Laurent Charles Boyomo Assala, admis \u00e0 faire valoir ses droits\u00a0\u00e0\u00a0la retraite et qui occupait [&hellip;]<\/p>\n","protected":false},"author":1969,"featured_media":0,"comment_status":"closed","ping_status":"closed","sticky":false,"template":"","format":"standard","meta":{"fifu_image_url":"https:\/\/ecomatin.net\/wp-content\/uploads\/2021\/05\/essticao-780x470.jpg","fifu_image_alt":"Le Pr Alice Ngah Minkala est le nouveau Directeur de l\u2019Esstic","footnotes":""},"categories":[82,78],"tags":[],"class_list":["post-117463","post","type-post","status-publish","format-standard","hentry","category-cameroun","category-economie"],"_links":{"self":[{"href":"https:\/\/linitiative.ca\/International\/wp-json\/wp\/v2\/posts\/117463","targetHints":{"allow":["GET"]}}],"collection":[{"href":"https:\/\/linitiative.ca\/International\/wp-json\/wp\/v2\/posts"}],"about":[{"href":"https:\/\/linitiative.ca\/International\/wp-json\/wp\/v2\/types\/post"}],"author":[{"embeddable":true,"href":"https:\/\/linitiative.ca\/International\/wp-json\/wp\/v2\/users\/1969"}],"replies":[{"embeddable":true,"href":"https:\/\/linitiative.ca\/International\/wp-json\/wp\/v2\/comments?post=117463"}],"version-history":[{"count":0,"href":"https:\/\/linitiative.ca\/International\/wp-json\/wp\/v2\/posts\/117463\/revisions"}],"wp:attachment":[{"href":"https:\/\/linitiative.ca\/International\/wp-json\/wp\/v2\/media?parent=117463"}],"wp:term":[{"taxonomy":"category","embeddable":true,"href":"https:\/\/linitiative.ca\/International\/wp-json\/wp\/v2\/categories?post=117463"},{"taxonomy":"post_tag","embeddable":true,"href":"https:\/\/linitiative.ca\/International\/wp-json\/wp\/v2\/tags?post=117463"}],"curies":[{"name":"wp","href":"https:\/\/api.w.org\/{rel}","templated":true}]}}