{"id":117464,"date":"2021-05-26T15:38:01","date_gmt":"2021-05-26T19:38:01","guid":{"rendered":"https:\/\/linitiative.ca\/International\/courtage-dassurances-carole-epee-designee-country-manager-de-willis-towers-watson-cameroun\/"},"modified":"2021-05-26T15:38:01","modified_gmt":"2021-05-26T19:38:01","slug":"courtage-dassurances-carole-epee-designee-country-manager-de-willis-towers-watson-cameroun","status":"publish","type":"post","link":"https:\/\/linitiative.ca\/International\/courtage-dassurances-carole-epee-designee-country-manager-de-willis-towers-watson-cameroun\/","title":{"rendered":"Courtage d\u2019assurances : Carole \u00c9p\u00e9e d\u00e9sign\u00e9e Country Manager de Willis Towers Watson Cameroun"},"content":{"rendered":"<p>C\u2019est en 2016 que Carole \u00c9p\u00e9e rejoint les rangs \u00a0de Willis Towers Watson Cameroun (ex- Gras Savoye Cameroun) au poste de Responsable du d\u00e9partement Sant\u00e9. Apr\u00e8s 5 ans au sein de cette entreprise,\u00a0filiale camerounaise du cabinet irlandais Willis Towers Watson, sp\u00e9cialis\u00e9e dans le conseil, le courtage et les solutions logicielles dans le monde, elle occupe officiellement depuis le 13 avril 2021, le poste de Directrice g\u00e9n\u00e9rale. La camerounaise \u00e2g\u00e9e de 42 ans, est d\u00e9sormais charg\u00e9e de relever les d\u00e9fis de cette entreprise. Ancienne du Lyc\u00e9e Joss de Douala (1991-1994), Carole \u00c9p\u00e9e est biologiste de formation.\u00a0Apr\u00e8s le Cameroun, elle poursuit ses \u00e9tudes en France (1995-1997: Lyc\u00e9e Camille Claudel en France, 1997-2002: Universit\u00e9 Lille l, 2002-2003: Polytech\u2019Lille), o\u00f9 elle obtiendra une ma\u00eetrise en biologie, pr\u00e9cis\u00e9ment \u00e0 l\u2019Universit\u00e9 de Lille. Elle est \u00e9galement titulaire d\u2019un Master en Qualit\u00e9 et Marketing de l\u2019Universit\u00e9 des Sciences et Technologies de Lille.\u00a0<\/p>\n<p><strong>Lire aussi<\/strong> : <strong><a href=\"https:\/\/ecomatin.net\/covid-19-les-compagnies-dassurances-appelees-a-etre-plus-flexibles\/\">Covid-19 : les compagnies d\u2019assurances appel\u00e9es \u00e0 \u00eatre plus flexibles<\/a><\/strong><\/p>\n<p>A son retour au Cameroun, elle int\u00e8gre le Cr\u00e9dit lyonnais Cameroun en qualit\u00e9 de Responsable Qualit\u00e9. Elle sera ensuite recrut\u00e9e \u00e0 Maersk Sealand comme Responsable Marketing. En septembre 2006, elle quitte Maersk Sealand pour AES Sonel. Elle occupera le poste de Head of HSE Reporting.\u00a0Carole \u00c9p\u00e9e sera charg\u00e9e au sein de\u00a0l\u2019entreprise de production et de distribution du courant \u00e9lectrique au Cameroun, de la formation des agents et des cadres de cette entreprise. Ses grandes aptitudes professionnelles et la ma\u00eetrise des dossiers sp\u00e9cifiques lui permettront de b\u00e9n\u00e9ficier d\u2019une promotion comme Apex Supervisor.\u00a0La reprise d\u2019AES Sonel par le fonds d\u2019investissement britannique Actis en 2014 lui ouvrira les portes d\u2019une autre promotion au poste de Manager Qualit\u00e9 et Organisation en charge de la restructuration, de l\u2019optimisation et de l\u2019am\u00e9lioration continue des performances du personnel technique \u00e0 Eneo Cameroon S.A, jusqu\u2019\u00e0 son entr\u00e9e Willis Towers Watson.\u00a0<\/p>\n<p><strong>Lire aussi<\/strong> : <strong><a href=\"https:\/\/ecomatin.net\/assurance-la-digitalisation-au-coeur-des-preoccupations-de-lmr-et-nsia-assurances\/\">Assurance : la digitalisation au c\u0153ur des pr\u00e9occupations de LMR et NSIA assurances<\/a><\/strong><\/p>\n<p>La filiale camerounaise du groupe irlandais est sp\u00e9cialis\u00e9e dans l\u2019assurance (sauf assurance vie), la r\u00e9assurance et de caisse de retraite (sauf s\u00e9curit\u00e9 sociale), la\u00a0conception des solutions de ma\u00eetrise du risque, de gestion des avantages sociaux, l\u2019accompagnement des talents et l\u2019optimisation du capital pour prot\u00e9ger et aider les institutions et les particuliers, et le conseil (responsabilit\u00e9s essentielles des propri\u00e9taires d\u2019actifs, plans de gestion de risque, r\u00e9partition d\u2019actif, budgets de risque, construction du portefeuille, s\u00e9lection des gestionnaires des actifs de tiers, recherche et suivi des entreprises de gestion d\u2019actifs etc).\u00a0Cr\u00e9\u00e9 en 1828, le groupe\u00a0\u00a0Willis Towers Watson compte 45.000 collaborateurs dans plus de 140 pays et march\u00e9s dont le Cameroun, parmi les 15 filiales africaines.\u00a0D\u2019apr\u00e8s des statistiques de 2018, le groupe g\u00e8re plus de 119,6 milliards d\u2019actifs d\u00e9l\u00e9gu\u00e9s dans le monde entier. Willis Towers Watson Cameroun est dot\u00e9 d\u2019un capital de 663,6 millions de FCFA. Carole \u00c9p\u00e9e, la nouvelle Country Manager de Willis Towers Watson Cameroun\u00a0remplace Samb Loufty Fayez.<\/p>\n<p><strong>Lire aussi<\/strong> : <strong><a href=\"https:\/\/ecomatin.net\/chanas-assurances-lance-quick-paiement-auto\/\">Chanas Assurances lance Quick Paiement Auto<\/a><\/strong><\/p>\n<p>Auteur: Georges Semey<br \/>\n<a href=\"https:\/\/ecomatin.net\/courtage-dassurances-carole-epee-designee-country-manager-de-willis-towers-watson-cameroun\/\">Cliquez ici pour lire l&rsquo;article depuis sa source.<\/a><\/p>\n","protected":false},"excerpt":{"rendered":"<p>C\u2019est en 2016 que Carole \u00c9p\u00e9e rejoint les rangs \u00a0de Willis Towers Watson Cameroun (ex- Gras Savoye Cameroun) au poste de Responsable du d\u00e9partement Sant\u00e9. Apr\u00e8s 5 ans au sein de cette entreprise,\u00a0filiale camerounaise du cabinet irlandais Willis Towers Watson, sp\u00e9cialis\u00e9e dans le conseil, le courtage et les solutions logicielles dans le monde, elle occupe [&hellip;]<\/p>\n","protected":false},"author":1969,"featured_media":0,"comment_status":"closed","ping_status":"closed","sticky":false,"template":"","format":"standard","meta":{"fifu_image_url":"","fifu_image_alt":"","footnotes":""},"categories":[82,78],"tags":[],"class_list":["post-117464","post","type-post","status-publish","format-standard","hentry","category-cameroun","category-economie"],"_links":{"self":[{"href":"https:\/\/linitiative.ca\/International\/wp-json\/wp\/v2\/posts\/117464","targetHints":{"allow":["GET"]}}],"collection":[{"href":"https:\/\/linitiative.ca\/International\/wp-json\/wp\/v2\/posts"}],"about":[{"href":"https:\/\/linitiative.ca\/International\/wp-json\/wp\/v2\/types\/post"}],"author":[{"embeddable":true,"href":"https:\/\/linitiative.ca\/International\/wp-json\/wp\/v2\/users\/1969"}],"replies":[{"embeddable":true,"href":"https:\/\/linitiative.ca\/International\/wp-json\/wp\/v2\/comments?post=117464"}],"version-history":[{"count":0,"href":"https:\/\/linitiative.ca\/International\/wp-json\/wp\/v2\/posts\/117464\/revisions"}],"wp:attachment":[{"href":"https:\/\/linitiative.ca\/International\/wp-json\/wp\/v2\/media?parent=117464"}],"wp:term":[{"taxonomy":"category","embeddable":true,"href":"https:\/\/linitiative.ca\/International\/wp-json\/wp\/v2\/categories?post=117464"},{"taxonomy":"post_tag","embeddable":true,"href":"https:\/\/linitiative.ca\/International\/wp-json\/wp\/v2\/tags?post=117464"}],"curies":[{"name":"wp","href":"https:\/\/api.w.org\/{rel}","templated":true}]}}