{"id":117465,"date":"2021-05-26T15:56:13","date_gmt":"2021-05-26T19:56:13","guid":{"rendered":"https:\/\/linitiative.ca\/International\/la-premiere-edition-du-forum-economique-de-douala-tire-sa-reverence\/"},"modified":"2021-05-26T15:56:13","modified_gmt":"2021-05-26T19:56:13","slug":"la-premiere-edition-du-forum-economique-de-douala-tire-sa-reverence","status":"publish","type":"post","link":"https:\/\/linitiative.ca\/International\/la-premiere-edition-du-forum-economique-de-douala-tire-sa-reverence\/","title":{"rendered":"La premi\u00e8re \u00e9dition du Forum \u00e9conomique de Douala tire sa r\u00e9v\u00e9rence"},"content":{"rendered":"<p>Plusieurs entreprises et institutions ont r\u00e9pondu pr\u00e9sents au premier Forum \u00e9conomique de Douala: la Soci\u00e9t\u00e9 camerounaise des d\u00e9p\u00f4ts p\u00e9troliers (Scdp), le Port autonome de Kribi (Pak), l\u2019Agence de promotion des investissements (Api), les minist\u00e8res des Finances, des Travaux publics, des Transports, de l\u2019Economie du plan et de l\u2019am\u00e9nagement du territoire, le Port autonome de Douala (Pad), ou le Conseil national des chargeurs du Cameroun. Le th\u00e8me g\u00e9n\u00e9ral du Fed portant sur \u00abl\u2019occupation des sols, la grande distribution et la probl\u00e9matique du transport urbain \u00e0 Douala : enjeux et d\u00e9fis pour une modernisation soutenue de la capitale \u00e9conomique\u00bb a \u00e9galement drain\u00e9 les syndicats des transporteurs, les entreprises d\u2019am\u00e9nagement et de gestion des sols, et les entreprises de grande distribution.<\/p>\n<p><strong>Lire aussi<\/strong> : <strong><a href=\"https:\/\/ecomatin.net\/competitivite-le-forum-economique-de-douala-ouvre-ses-portes\/\">Comp\u00e9titivit\u00e9 : le forum \u00e9conomique de Douala ouvre ses portes<\/a><\/strong><\/p>\n<p>Ce th\u00e8me \u00e9pouse d\u2019ailleurs parfaitement la vision de la Communaut\u00e9 urbaine de Douala (Cud), parrain de l\u2019\u00e9v\u00e9nement. En effet, le Dr. Roger Mbassa Ndine, le Maire de Douala \u00abLes probl\u00e9matiques \u00e9voqu\u00e9es dans le cadre de ce forum sont des questions pressantes dans la ville de Douala. Pour transformer Douala en m\u00e9tropole moderne et attractive, les d\u00e9fis du d\u00e9veloppement sont nombreux. Selon le Plan directeur d\u2019urbanisme de Douala, il s\u2019agit d\u2019abord de favoriser l\u2019\u00e9mergence d\u2019un quartier international des affaires (Central business district), de faire en sorte que Douala soit dot\u00e9 de 7 centres secondaires. La contrainte fonci\u00e8re pour la mise en \u0153uvre de ce plan est \u00e9vidente. Le plan d\u2019occupation des sols \u00e9galement adopt\u00e9 en 2015 n\u2019est pas toujours respect\u00e9. Ce qui entra\u00eene une occupation anarchique de l\u2019espace public et priv\u00e9 malgr\u00e9 les facilit\u00e9s offertes par le guichet unique de d\u00e9livrance des actes d\u2019urbanisme au sein de la Cud. La probl\u00e9matique de la mobilit\u00e9 urbaine, la ville de Douala dispose d\u2019un plan de mobilit\u00e9 urbaine soutenable adopt\u00e9 en 2019 qui n\u00e9cessite divers financements\u00bb, a pr\u00e9cis\u00e9 le Maire de Douala.<\/p>\n<p><strong>Communes de production<\/strong><\/p>\n<p>Pour le Pr\u00e9sident du conseil scientifique du Fed, le Pr. D\u00e9sir\u00e9 Anvom, Doyen de la facult\u00e9 de sciences \u00e9conomiques et de gestions de l\u2019universit\u00e9 de Yaound\u00e9 ll, agr\u00e9g\u00e9 des facult\u00e9s d\u2019\u00e9conomie, \u00abla question de l\u2019attractivit\u00e9 \u00e9conomique des territoires est une question essentielle pour Douala qui constitue 40 % du Pib sous-r\u00e9gional et 60% du Cameroun. Mais Douala est de plus en plus concurrenc\u00e9e. Elle doit se doter d\u2019actifs productifs et r\u00e9sidentiels. La capitale \u00e9conomique du Cameroun doit passer d\u2019une attractivit\u00e9 naturelle pour converger vers une attractivit\u00e9 dynamique durable. Le Forum \u00e9conomique de Douala pose ainsi les jalons d\u2019une meilleure attractivit\u00e9 dans une d\u00e9marche inclusive\u00bb. L\u2019universitaire distingue ainsi trois sortes d\u2019attractivit\u00e9 profitables \u00e0 Douala: l\u2019attractivit\u00e9 productive (capacit\u00e9 d\u2019une ville \u00e0 attirer des activit\u00e9s nouvelles, des facteurs de production, des emplois qualifi\u00e9s qui entra\u00eenent l\u2019\u00e9conomie locale), l\u2019attractivit\u00e9 \u00e9conomique r\u00e9sidentielle (proposer des meilleures conditions de vie aux populations, meilleures r\u00e9mun\u00e9rations pour les emplois etc), l\u2019attractivit\u00e9 immat\u00e9rielle (services, banques, assurances, transports, assiette fiscale etc). Toujours d\u2019apr\u00e8s le Pr. D\u00e9sir\u00e9 Anvom, l\u2019attractivit\u00e9 convoque quatre piliers : technologique, \u00e9conomique, social, et environnemental.<\/p>\n<p><strong>Lire aussi<\/strong> : <strong><a href=\"https:\/\/ecomatin.net\/communaute-urbaine-le-maire-de-la-villee-de-douala-opte-pour-un-budget-realiste\/\">Communaut\u00e9 urbaine : le Maire de la ville de Douala opte pour un budget r\u00e9aliste<\/a><\/strong><\/p>\n<p>Augustin Tamba, Maire de Yaound\u00e9 7, et Pr\u00e9sident des Communes et villes unies du Cameroun (Cvuc) fait pour sa part campagne en faveur d\u2019une \u00abcha\u00eene de valeurs locales pour accro\u00eetre les capacit\u00e9s de production des collectivit\u00e9s territoriales d\u00e9centralis\u00e9es\u00bb. Le magistrat municipal opt\u00e9 d\u00e9sormais pour \u00abdes communes de production\u00bb. Augustin Tamba annonce la publication prochaine d\u2019un manuel contenant les donn\u00e9es sur le recensement du potentiel \u00e9conomique local des collectivit\u00e9s territoriales d\u00e9centralis\u00e9es du Cameroun.<\/p>\n<p>Les sous-th\u00e8mes ayant marqu\u00e9 le Fed, 1\u00e8re \u00e9dition, portait sur la probl\u00e9matique des transports, la mobilit\u00e9 urbaine et l\u2019occupation des sols dans la ville de Douala, le r\u00f4le des ports du Cameroun comme levier de d\u00e9sengorgement des villes, l\u2019attractivit\u00e9 \u00e9conomique et territoriale de Douala (panel constitu\u00e9 du Maire de Douala Roger Mbassa Ndine, Polycarpe Banlog, le Pr\u00e9sident du Conseil r\u00e9gional du Littoral, Marthe Mindja, Directrice g\u00e9n\u00e9rale de l\u2019Api), les politiques d\u2019am\u00e9nagement des territoires dans les grandes m\u00e9tropoles du Cameroun, les opportunit\u00e9s du Plan directeur d\u2019industrialisation pour la ville de Douala etc. Lanc\u00e9e le 23 mai 2021, la premi\u00e8re \u00e9dition du Fed s\u2019est achev\u00e9e le 25 mai.<\/p>\n<p><strong>Lire aussi<\/strong> : <strong><a href=\"https:\/\/ecomatin.net\/degradation-de-la-chaussee-la-mairie-de-douala-tend-la-facture-a-eneo-camwater-et-camtel\/\">D\u00e9gradation de la chauss\u00e9e : la mairie de Douala tend la facture \u00e0 Eneo, Camwater et Camtel<\/a><\/strong><\/p>\n<p>Auteur: Georges Semey<br \/>\n<a href=\"https:\/\/ecomatin.net\/la-premiere-edition-du-forum-economique-de-douala-tire-sa-reverence\/\">Cliquez ici pour lire l&rsquo;article depuis sa source.<\/a><\/p>\n","protected":false},"excerpt":{"rendered":"<p>Plusieurs entreprises et institutions ont r\u00e9pondu pr\u00e9sents au premier Forum \u00e9conomique de Douala: la Soci\u00e9t\u00e9 camerounaise des d\u00e9p\u00f4ts p\u00e9troliers (Scdp), le Port autonome de Kribi (Pak), l\u2019Agence de promotion des investissements (Api), les minist\u00e8res des Finances, des Travaux publics, des Transports, de l\u2019Economie du plan et de l\u2019am\u00e9nagement du territoire, le Port autonome de Douala [&hellip;]<\/p>\n","protected":false},"author":1969,"featured_media":0,"comment_status":"closed","ping_status":"closed","sticky":false,"template":"","format":"standard","meta":{"fifu_image_url":"","fifu_image_alt":"","footnotes":""},"categories":[82,78],"tags":[],"class_list":["post-117465","post","type-post","status-publish","format-standard","hentry","category-cameroun","category-economie"],"_links":{"self":[{"href":"https:\/\/linitiative.ca\/International\/wp-json\/wp\/v2\/posts\/117465","targetHints":{"allow":["GET"]}}],"collection":[{"href":"https:\/\/linitiative.ca\/International\/wp-json\/wp\/v2\/posts"}],"about":[{"href":"https:\/\/linitiative.ca\/International\/wp-json\/wp\/v2\/types\/post"}],"author":[{"embeddable":true,"href":"https:\/\/linitiative.ca\/International\/wp-json\/wp\/v2\/users\/1969"}],"replies":[{"embeddable":true,"href":"https:\/\/linitiative.ca\/International\/wp-json\/wp\/v2\/comments?post=117465"}],"version-history":[{"count":0,"href":"https:\/\/linitiative.ca\/International\/wp-json\/wp\/v2\/posts\/117465\/revisions"}],"wp:attachment":[{"href":"https:\/\/linitiative.ca\/International\/wp-json\/wp\/v2\/media?parent=117465"}],"wp:term":[{"taxonomy":"category","embeddable":true,"href":"https:\/\/linitiative.ca\/International\/wp-json\/wp\/v2\/categories?post=117465"},{"taxonomy":"post_tag","embeddable":true,"href":"https:\/\/linitiative.ca\/International\/wp-json\/wp\/v2\/tags?post=117465"}],"curies":[{"name":"wp","href":"https:\/\/api.w.org\/{rel}","templated":true}]}}