{"id":117466,"date":"2021-05-27T09:15:57","date_gmt":"2021-05-27T13:15:57","guid":{"rendered":"https:\/\/linitiative.ca\/International\/quand-la-femme-journaliste-interrogee-revendique-ses-droits-les-plus-elementaires\/"},"modified":"2021-05-27T09:15:57","modified_gmt":"2021-05-27T13:15:57","slug":"quand-la-femme-journaliste-interrogee-revendique-ses-droits-les-plus-elementaires","status":"publish","type":"post","link":"https:\/\/linitiative.ca\/International\/quand-la-femme-journaliste-interrogee-revendique-ses-droits-les-plus-elementaires\/","title":{"rendered":"Quand la femme journaliste, interrog\u00e9e, revendique ses droits les plus \u00e9l\u00e9mentaires\u2026"},"content":{"rendered":"<figure class=\"post-thumbnail\" itemprop=\"associatedMedia\" itemscope=\"itemscope\" itemtype=\"http:\/\/schema.org\/ImageObject\"><img decoding=\"async\" class=\"post_layout_5_img\" src=\"http:\/\/aujourdhui.ma\/wp-content\/uploads\/2021\/05\/Quand-la-femme-journaliste-interrogee-revendique-ses-droits-les-plus-elementaires\u2026.jpg\" alt=\"Quand la femme journaliste, interrog\u00e9e, revendique ses droits les plus \u00e9l\u00e9mentaires\u2026\"\/><\/figure>\n<p><span class=\"c7\"><strong>C\u2019est gr\u00e2ce \u00e0 l\u2019effort coll\u00e9gial des membres de l\u2019Union Presse Francophone, en partenariat avec l\u2019ambassade de France au Maroc, qu\u2019a pu \u00eatre r\u00e9alis\u00e9e la premi\u00e8re \u00e9tude sur la question genre dans la presse.<\/strong><\/span><span id=\"more-377523\"\/><br \/>Il en est ressorti un tableau plut\u00f4t assombri des conditions de la femme journaliste au Maroc. Pr\u00e9carit\u00e9, in\u00e9galit\u00e9 salariale, difficult\u00e9 \u00e0 gravir les \u00e9chelons sans endosser une personnalit\u00e9 masculine le d\u00e9crivant\u2026 La question de la femme interpelle. L\u2019UPF a mis le doigt sur un dossier \u00e9pineux d\u2019ordre national. Les d\u00e9tails.<br \/>C\u2019est une premi\u00e8re au Maroc. Une \u00e9tude quantitative et qualitative sur les femmes journalistes vient d\u2019\u00eatre r\u00e9alis\u00e9e. Et c\u2019est l\u2019UPF Maroc (Union Presse Francophone Maroc) en partenariat avec l\u2019ambassade de France qui en est l\u2019instigateur. Pr\u00e8s de 400 femmes journalistes ont \u00e9t\u00e9 questionn\u00e9es soit en focus groupe, soit en appel t\u00e9l\u00e9phonique pour administration de questionnaire. L\u2019\u00e9tude a pu \u00eatre r\u00e9alis\u00e9e par un cabinet qui a mis en exergue les principales tendances.<br \/>D\u00e9j\u00e0 sur le plan de l\u2019\u00e9tude qualitative, toutes les femmes qui ont r\u00e9pondu ont revendiqu\u00e9 le m\u00e9tier comme une vocation, une passion\u2026<br \/>Par rapport aux mutations qu\u2019a subies le m\u00e9tier face \u00e0 la progression fulgurante de la presse en ligne, les femmes journalistes ont eu, pour la plupart du temps, \u00e0 y faire face, parfois seules, sans formation ni pr\u00e9paration.<br \/>A la question de savoir quel r\u00f4le a jou\u00e9 la presse dans la soci\u00e9t\u00e9, toutes les participantes de l\u2019\u00e9tude ont affirm\u00e9 que \u00abc\u2019est une profession de valeurs, bas\u00e9e sur l\u2019\u00e9thique et la d\u00e9ontologie car l\u2019information cr\u00e9dible, rigoureuse et transparente est sacr\u00e9e\u00bb.<br \/>Sur les conditions de travail, la tendance est claire: difficult\u00e9 et pr\u00e9carit\u00e9 sont les deux mots qui ont d\u00e9crit le plus souvent cet axe. Pour elles, \u00abla stabilit\u00e9 dans le m\u00e9tier est difficile. Les perspectives d\u2019\u00e9volution de carri\u00e8res, les conditions d\u2019exercice parfois pesantes face au fonctionnariat de plus en plus fort dans les r\u00e9dactions demeurent pr\u00e9occupantes\u00bb. Cerise sur le g\u00e2teau, la sensation de culpabilit\u00e9 par rapport au regard de la soci\u00e9t\u00e9 et de la famille, la sensation de devoir constamment prouver ses comp\u00e9tences ont \u00e9t\u00e9 relev\u00e9es, lors des diff\u00e9rents focus groupes r\u00e9alis\u00e9s.<br \/>Les discriminations li\u00e9es \u00e0 l\u2019embauche, aux salaires, aux promotions ont \u00e9t\u00e9, \u00e9galement, point\u00e9es du doigt par ces femmes. Il en est ressorti, en effet, que le match demeure in\u00e9quitable.<br \/>Sur la question de sexisme, les journalistes femmes interrog\u00e9es ont d\u00e9clar\u00e9 qu\u2019elles ne pr\u00e9f\u00e9raient plus s\u2019attarder sur ces faits. \u00abElles arrivent \u00e0 les g\u00e9rer et les d\u00e9passer\u00bb. Chez l\u2019ancienne g\u00e9n\u00e9ration, les relations hommes-femmes sont tr\u00e8s correctes voire cordiales. Et cet \u00e9tat permet de mieux g\u00e9rer le personnel avec le professionnel, compte tenu de la sp\u00e9cificit\u00e9 du m\u00e9tier qui impose des d\u00e9placements, tr\u00e8s souvent hors heures de travail et dans des cadres souvent conviviaux en fin d\u2019\u00e9v\u00e9nements. L\u2019\u00e9tude qualitative a fait ressortir, n\u00e9anmoins, que \u00ables plus jeunes sont moins arm\u00e9es et aussi moins engag\u00e9es et donc davantage expos\u00e9es aux d\u00e9sagr\u00e9ments dans l\u2019exercice du m\u00e9tier. Elles s\u2019imposent moins dans leur vie priv\u00e9e\u00bb. Les femmes aux commandes deviennent des hommes. Cet axe parle de lui-m\u00eame. Et les journalistes femmes pr\u00e9f\u00e8rent les patrons hommes\u2026 \u00abl\u2019autorit\u00e9, le leadership et autres comp\u00e9tences manag\u00e9riales toujours consid\u00e9r\u00e9s comme des attributs masculins\u00bb.<br \/>Par ailleurs, l\u2019\u00e9tude qualitative a d\u00e9montr\u00e9 qu\u2019\u00ab\u00e0 comp\u00e9tences \u00e9gales, les hommes sont privil\u00e9gi\u00e9s\u00bb.<br \/>Partant de ces principaux axes, les membres de l\u2019UPF Maroc en concertation avec les membres associ\u00e9s de l\u2019ambassade de France recommandent, principalement, de se constituer en r\u00e9seaux pour augmenter la solidarit\u00e9. La formation qui augmenterait les comp\u00e9tences et faciliterait les \u00e9volutions de carri\u00e8re a, \u00e9galement, \u00e9t\u00e9 recommand\u00e9e. L\u2019instauration d\u2019un contre-pouvoir au f\u00e9minin permettrait aussi de contrecarrer cette culture patriarcale. Sur le plan quantitatif, les grandes tendances ont concern\u00e9 291 femmes journalistes interrog\u00e9es. Il ressort de l\u2019\u00e9tude que \u00absi la grande majorit\u00e9 des femmes en exercice a un dipl\u00f4me national, pr\u00e8s d\u2019une journaliste sur deux n\u2019a pas suivi de cursus journalistique\u00bb.<br \/>Au-del\u00e0 des crit\u00e8res de comp\u00e9tences et de rentabilit\u00e9, la mobilit\u00e9 au sein d\u2019un m\u00eame organisme de presse semble \u00eatre corr\u00e9l\u00e9e au facteur temps. Concr\u00e8tement, les \u00e9volutions concernent les femmes journalistes de 45 ans et plus, mari\u00e9es et celles ayant des enfants.<br \/>Il a \u00e9t\u00e9 d\u00e9montr\u00e9 que \u00able bond en avant dans la carri\u00e8re d\u00e9pend souvent d\u2019un changement d\u2019organisme\u00bb. Pour ce qui est du travail \u00e0 distance qui s\u2019est impos\u00e9 par la force des choses avec la crise sanitaire due \u00e0 la Covid 19, \u00ables femmes \u00e0 responsabilit\u00e9 manag\u00e9riale pratiquent davantage le t\u00e9l\u00e9travail\u00bb.<br \/>Par ailleurs, le facteur discrimination ne semble pas avoir d\u2019impact sur la question du genre. De mani\u00e8re indirecte n\u00e9anmoins, le statut de m\u00e8re peut dans certains cas constituer un ralentisseur de d\u00e9veloppement de carri\u00e8re. Selon l\u2019\u00e9tude en effet, \u00ab60% des journalistes interrog\u00e9es ayant des enfants ont d\u00fb faire un choix entre leur vie professionnelle et personnelle. Par ailleurs, 48% d\u2019entre elles ont d\u00fb renoncer \u00e0 une offre (contre 16% dans le cas des journalistes sans enfant)\u00bb.<br \/>En d\u00e9finitive et compte tenu des chiffres qu\u2019ils ressortent de cette \u00e9tude quantitative, les femmes interrog\u00e9es pr\u00e9conisent pour am\u00e9liorer leurs conditions de journalistes au moins 4 actions. 80% d\u2019entre elles proposent d\u2019\u00e9duquer davantage les familles quant aux sp\u00e9cificit\u00e9s de ce m\u00e9tier. 60% recommandent aussi une action p\u00e9dagogique au sein des \u00e9tablissements scolaires. 10,5% d\u2019entre elles d\u00e9clarent que \u00ables m\u00e9dias doivent sensibiliser les publics \u00e0 cette probl\u00e9matique\u00bb. Enfin, 3,5% estiment que \u00abl\u2019Etat doit entreprendre des campagnes de sensibilisation sur le sujet\u00bb.<br \/>Bref, la question du genre ne cessera d\u2019interpeller. Dans le journalisme comme dans d\u2019autres m\u00e9tiers o\u00f9 la pr\u00e9dominance est masculine pour des raisons de sp\u00e9cificit\u00e9s de m\u00e9tier, il est clair que s\u2019y engager en tant que femme sous-entend obstacles et emb\u00fbches. Et c\u2019est dans cette optique que l\u2019Union Presse Francophone et le service consulaire fran\u00e7ais comptent mettre les bouch\u00e9es doubles pour soutenir la femme journaliste dans l\u2019exercice de ses fonctions. A suivre\u2026<\/p>\n<p>Auteur: Dounia Essabban<br \/>\n<a href=\"https:\/\/aujourdhui.ma\/societe\/quand-la-femme-journaliste-interrogee-revendique-ses-droits-les-plus-elementaires\">Cliquez ici pour lire l&rsquo;article depuis sa source.<\/a><\/p>\n","protected":false},"excerpt":{"rendered":"<p>C\u2019est gr\u00e2ce \u00e0 l\u2019effort coll\u00e9gial des membres de l\u2019Union Presse Francophone, en partenariat avec l\u2019ambassade de France au Maroc, qu\u2019a pu \u00eatre r\u00e9alis\u00e9e la premi\u00e8re \u00e9tude sur la question genre dans la presse.Il en est ressorti un tableau plut\u00f4t assombri des conditions de la femme journaliste au Maroc. Pr\u00e9carit\u00e9, in\u00e9galit\u00e9 salariale, difficult\u00e9 \u00e0 gravir les [&hellip;]<\/p>\n","protected":false},"author":1759,"featured_media":0,"comment_status":"closed","ping_status":"closed","sticky":false,"template":"","format":"standard","meta":{"fifu_image_url":"http:\/\/aujourdhui.ma\/wp-content\/uploads\/2021\/05\/Quand-la-femme-journaliste-interrogee-revendique-ses-droits-les-plus-elementaires\u2026.jpg","fifu_image_alt":"Quand la femme journaliste, interrog\u00e9e, revendique ses droits les plus \u00e9l\u00e9mentaires\u2026","footnotes":""},"categories":[73,54],"tags":[],"class_list":["post-117466","post","type-post","status-publish","format-standard","hentry","category-actualite","category-maroc"],"_links":{"self":[{"href":"https:\/\/linitiative.ca\/International\/wp-json\/wp\/v2\/posts\/117466","targetHints":{"allow":["GET"]}}],"collection":[{"href":"https:\/\/linitiative.ca\/International\/wp-json\/wp\/v2\/posts"}],"about":[{"href":"https:\/\/linitiative.ca\/International\/wp-json\/wp\/v2\/types\/post"}],"author":[{"embeddable":true,"href":"https:\/\/linitiative.ca\/International\/wp-json\/wp\/v2\/users\/1759"}],"replies":[{"embeddable":true,"href":"https:\/\/linitiative.ca\/International\/wp-json\/wp\/v2\/comments?post=117466"}],"version-history":[{"count":0,"href":"https:\/\/linitiative.ca\/International\/wp-json\/wp\/v2\/posts\/117466\/revisions"}],"wp:attachment":[{"href":"https:\/\/linitiative.ca\/International\/wp-json\/wp\/v2\/media?parent=117466"}],"wp:term":[{"taxonomy":"category","embeddable":true,"href":"https:\/\/linitiative.ca\/International\/wp-json\/wp\/v2\/categories?post=117466"},{"taxonomy":"post_tag","embeddable":true,"href":"https:\/\/linitiative.ca\/International\/wp-json\/wp\/v2\/tags?post=117466"}],"curies":[{"name":"wp","href":"https:\/\/api.w.org\/{rel}","templated":true}]}}