{"id":117468,"date":"2021-05-27T10:15:16","date_gmt":"2021-05-27T14:15:16","guid":{"rendered":"https:\/\/linitiative.ca\/International\/avec-un-design-aerodynamique-et-des-equipements-de-connectivite-avances-la-hyundai-i-30-restylee\/"},"modified":"2021-05-27T10:15:16","modified_gmt":"2021-05-27T14:15:16","slug":"avec-un-design-aerodynamique-et-des-equipements-de-connectivite-avances-la-hyundai-i-30-restylee","status":"publish","type":"post","link":"https:\/\/linitiative.ca\/International\/avec-un-design-aerodynamique-et-des-equipements-de-connectivite-avances-la-hyundai-i-30-restylee\/","title":{"rendered":"Avec un design a\u00e9rodynamique et des \u00e9quipements de connectivit\u00e9 avanc\u00e9s : La Hyundai i 30 restyl\u00e9e"},"content":{"rendered":"<header>\n<\/header>\n<div class=\"entry-content clearfix\" readability=\"55\">\n<figure class=\"post-thumbnail\" itemprop=\"associatedMedia\" itemscope=\"itemscope\" itemtype=\"http:\/\/schema.org\/ImageObject\"><img decoding=\"async\" class=\"post_layout_5_img\" src=\"http:\/\/aujourdhui.ma\/wp-content\/uploads\/2021\/05\/La-Hyundai-i-30-restylee.jpg\" alt=\"Avec un design a\u00e9rodynamique et des \u00e9quipements de connectivit\u00e9 avanc\u00e9s : La Hyundai i 30 restyl\u00e9e\"\/><\/figure>\n<p><span class=\"c7\"><strong>Hyundai Maroc a mis sur le march\u00e9 marocain au d\u00e9but de l\u2019ann\u00e9e 2021 la nouvelle i30.<\/strong><\/span><span id=\"more-377381\"\/><\/p>\n<p>Avec un design aux lignes gracieuses et des \u00e9quipements de connectivit\u00e9 avanc\u00e9s, la compacte attire le regard. Elle se caract\u00e9rise par toute une s\u00e9rie d\u2019am\u00e9liorations au niveau du design ext\u00e9rieur pour un look plus moderne et ac\u00e9r\u00e9, qui ne manquera pas de s\u00e9duire les amoureux des compacts sportives. Un nouveau design intemporel int\u00e9grant la nouvelle signature stylistique \u00abSensuous Sportiness\u00bb en plus de quelques am\u00e9liorations par rapport \u00e0 son pr\u00e9d\u00e9cesseur. Sa calandre \u00e9largie int\u00e8gre un motif 3D accentu\u00e9 rehaussant le sentiment d\u2019agilit\u00e9 qui se d\u00e9gage du v\u00e9hicule. De nouveaux projecteurs affin\u00e9s avec technologie LED et de nouveaux feux de jour \u00e0 LED en V compl\u00e8tent le design de la face avant redessin\u00e9e et r\u00e9solument moderne. Ce mod\u00e8le 5 portes se distingue par un nouveau bouclier, d\u00e9velopp\u00e9 pour am\u00e9liorer les performances a\u00e9rodynamiques.<\/p>\n<p>Les blocs-feux arri\u00e8re \u00e0 LED forment un V pour cr\u00e9er un effet de sym\u00e9trie entre les faces avant et arri\u00e8re. La nouvelle i30 est d\u00e9sormais disponible avec de nouvelles jantes alliage 16 et 17\u2019\u2019 diamant\u00e9es rehaussant sa silhouette. A l\u2019int\u00e9rieur, la nouvelle i30 mise sur la technologie, l\u2019individualit\u00e9 stylistique et la flexibilit\u00e9. Le design int\u00e9rieur de la nouvelle i30 est sous le signe du confort. Elle pr\u00e9sente une panoplie d\u2019options high-tech pour une exp\u00e9rience de conduite plus agr\u00e9able au quotidien. La nouvelle i30 int\u00e8gre des \u00e9quipements de connectivit\u00e9 \u00e0 la pointe de la technologie.<\/p>\n<p>Un nouveau cluster conventionnel 3,5\u2019\u2019 TFT LCD et un nouvel \u00e9cran tactile de 8\u2019\u2019 multim\u00e9dia pour le syst\u00e8me de navigation garantissent une exp\u00e9rience de conduite plus personnalis\u00e9e. Ce v\u00e9hicule est dot\u00e9 d\u2019un moteur diesel 1,6 CRDi de 134 ch coupl\u00e9 au choix avec une bo\u00eete manuelle \u00e0 6 rapports ou une transmission automatique \u00e0 double embrayage (DCT-7). La nouvelle i30 est \u00e0 partir de 227.000 DH (Inventive MT), 248.000 DH (Inventive AT) et 269.000 DH (Seductive AT).<\/p>\n<\/div>\n<p>Auteur: Ouchagour Leila<br \/>\n<a href=\"https:\/\/aujourdhui.ma\/automobile\/avec-un-design-aerodynamique-et-des-equipements-de-connectivite-avances-la-hyundai-i-30-restylee\">Cliquez ici pour lire l&rsquo;article depuis sa source.<\/a><\/p>\n","protected":false},"excerpt":{"rendered":"<p>Hyundai Maroc a mis sur le march\u00e9 marocain au d\u00e9but de l\u2019ann\u00e9e 2021 la nouvelle i30. Avec un design aux lignes gracieuses et des \u00e9quipements de connectivit\u00e9 avanc\u00e9s, la compacte attire le regard. Elle se caract\u00e9rise par toute une s\u00e9rie d\u2019am\u00e9liorations au niveau du design ext\u00e9rieur pour un look plus moderne et ac\u00e9r\u00e9, qui ne [&hellip;]<\/p>\n","protected":false},"author":1759,"featured_media":0,"comment_status":"closed","ping_status":"closed","sticky":false,"template":"","format":"standard","meta":{"fifu_image_url":"http:\/\/aujourdhui.ma\/wp-content\/uploads\/2021\/05\/La-Hyundai-i-30-restylee.jpg","fifu_image_alt":"Avec un design a\u00e9rodynamique et des \u00e9quipements de connectivit\u00e9 avanc\u00e9s : La Hyundai i 30 restyl\u00e9e","footnotes":""},"categories":[73,54],"tags":[],"class_list":["post-117468","post","type-post","status-publish","format-standard","hentry","category-actualite","category-maroc"],"_links":{"self":[{"href":"https:\/\/linitiative.ca\/International\/wp-json\/wp\/v2\/posts\/117468","targetHints":{"allow":["GET"]}}],"collection":[{"href":"https:\/\/linitiative.ca\/International\/wp-json\/wp\/v2\/posts"}],"about":[{"href":"https:\/\/linitiative.ca\/International\/wp-json\/wp\/v2\/types\/post"}],"author":[{"embeddable":true,"href":"https:\/\/linitiative.ca\/International\/wp-json\/wp\/v2\/users\/1759"}],"replies":[{"embeddable":true,"href":"https:\/\/linitiative.ca\/International\/wp-json\/wp\/v2\/comments?post=117468"}],"version-history":[{"count":0,"href":"https:\/\/linitiative.ca\/International\/wp-json\/wp\/v2\/posts\/117468\/revisions"}],"wp:attachment":[{"href":"https:\/\/linitiative.ca\/International\/wp-json\/wp\/v2\/media?parent=117468"}],"wp:term":[{"taxonomy":"category","embeddable":true,"href":"https:\/\/linitiative.ca\/International\/wp-json\/wp\/v2\/categories?post=117468"},{"taxonomy":"post_tag","embeddable":true,"href":"https:\/\/linitiative.ca\/International\/wp-json\/wp\/v2\/tags?post=117468"}],"curies":[{"name":"wp","href":"https:\/\/api.w.org\/{rel}","templated":true}]}}