{"id":117472,"date":"2021-05-26T14:00:00","date_gmt":"2021-05-26T18:00:00","guid":{"rendered":"https:\/\/linitiative.ca\/International\/benmoussa-une-vision-prospective-du-maroc-de-demain\/"},"modified":"2021-05-26T14:00:00","modified_gmt":"2021-05-26T18:00:00","slug":"benmoussa-une-vision-prospective-du-maroc-de-demain","status":"publish","type":"post","link":"https:\/\/linitiative.ca\/International\/benmoussa-une-vision-prospective-du-maroc-de-demain\/","title":{"rendered":"Benmoussa : \u00abune vision prospective du Maroc de demain\u00bb"},"content":{"rendered":"<p class=\"has-text-align-center has-vivid-cyan-blue-color has-text-color\"><strong>Le nouveau mod\u00e8le de d\u00e9veloppement<\/strong><\/p>\n<p class=\"has-text-align-left\"><strong>Le mod\u00e8le de d\u00e9veloppement propos\u00e9 se veut une vision prospective du Maroc de demain, a affirm\u00e9, mardi \u00e0 F\u00e8s, le pr\u00e9sident de la Commission Sp\u00e9ciale sur le Mod\u00e8le de D\u00e9veloppement (CSMD), M. Chakib Benmoussa.<\/strong><\/p>\n<p class=\"has-text-align-left\">En se basant sur une approche d\u2019intelligence collective, cette vision s\u2019appuie sur la force des liens s\u00e9culaires entre la Monarchie et le Peuple, qui a \u00e9t\u00e9 le socle des grandes transformations qui ont jalonn\u00e9 la trajectoire de d\u00e9veloppement de notre pays \u00e0 travers son histoire, a soulign\u00e9 M. Benmoussa dans une allocution devant SM le Roi Mohammed VI lors de la c\u00e9r\u00e9monie de pr\u00e9sentation du rapport g\u00e9n\u00e9ral de la CSMD.<\/p>\n<p class=\"has-text-align-left\">Une vision prospective fond\u00e9e sur l\u2019histoire mill\u00e9naire du Royaume et une identit\u00e9 nationale riche et plurielle<br \/>M. Benmoussa a indiqu\u00e9 que la Commission a propos\u00e9 une vision prospective qui prend appui sur l\u2019histoire mill\u00e9naire du Royaume, l\u2019identit\u00e9 nationale riche de la diversit\u00e9 de ses affluents ainsi que sur ses valeurs religieuses bas\u00e9es sur les principes d\u2019ouverture, de mod\u00e9ration et de dialogue.\u00a0 Il a soutenu que le mod\u00e8le de d\u00e9veloppement se base sur une ambition nationale de propulser le Royaume, sur diff\u00e9rents domaines d\u2019ici 2035, dans le tiers sup\u00e9rieur des diff\u00e9rents classements mondiaux des Nations.\u00a0 Cette ambition, traduite en objectifs de d\u00e9veloppement, permettrait au Royaume de consacrer sa vocation de mod\u00e8le pour sa r\u00e9gion et bien au-del\u00e0, a-t-il ajout\u00e9, relevant que le rapport de la Commission est le fruit d\u2019id\u00e9es, de r\u00e9flexions et de propositions imagin\u00e9es et \u00e9labor\u00e9es par les Marocains, avec les Marocains et pour les Marocains, comme l\u2019avait affirm\u00e9 SM le Roi.<\/p>\n<p class=\"has-text-align-left\">Les acquis r\u00e9alis\u00e9s par le Royaume, dans une multitude de domaines, font consensus aupr\u00e8s des citoyennes et citoyens ainsi que de l\u2019ensemble des forces vives de la Nation \u00e9cout\u00e9es par la Commission, a-t-il ajout\u00e9, notant que ces acquis constituent des leviers importants pour construire l\u2019avenir.<\/p>\n<p class=\"has-text-align-left\">M. Benmoussa a soulign\u00e9 que les s\u00e9ances d\u2019\u00e9coute citoyennes et institutionnelles ont r\u00e9v\u00e9l\u00e9 le chemin qu\u2019il reste \u00e0 parcourir, en soulignant des pr\u00e9occupations li\u00e9es \u00e0 la mobilit\u00e9 sociale, avec les fractures sociales qui en d\u00e9coulent.<br \/>Une crise de confiance \u00e0 l\u2019\u00e9gard de certaines institutions s\u2019est \u00e9galement exprim\u00e9e avec acuit\u00e9, a-t-il not\u00e9, pr\u00e9cisant que si ces pr\u00e9occupations n\u2019alt\u00e8rent pas le sentiment d\u2019appartenance \u00e0 la Nation, il n\u2019en demeure pas moins qu\u2019elles alimentent la d\u00e9motivation, la perte de foi en l\u2019action publique et le sentiment de frustration nourri par le d\u00e9calage entre les promesses et leur concr\u00e9tisation sur le terrain.<\/p>\n<p class=\"has-text-align-left\">M. Benmoussa a fait savoir que la Commission a identifi\u00e9 quatre obstacles \u00e0 l\u2019origine de l\u2019essoufflement du mod\u00e8le actuel, \u00e0 savoir le manque de coh\u00e9rence entre la vision strat\u00e9gique et les politiques publiques; la lenteur de la transformation structurelle de l\u2019\u00e9conomie; les capacit\u00e9s limit\u00e9es du secteur public en termes de mise en \u0153uvre des politiques publiques ; et le poids des contraintes qui limitent les initiatives.<\/p>\n<p class=\"has-text-align-left\"><strong>Ancrage des valeurs de citoyennet\u00e9 et attachement aux constantes de la Nation<\/strong><\/p>\n<p>\u00a0Selon M. Benmoussa, ces choix strat\u00e9giques du nouveau mod\u00e8le portent aussi sur le renforcement du capital humain et l\u2019activation de l\u2019ascenseur social en agissant sur le d\u00e9veloppement des capacit\u00e9s gr\u00e2ce tout d\u2019abord, \u00e0 un syst\u00e8me de sant\u00e9 efficient et efficace, capable de produire les m\u00e9dicaments et les vaccins essentiels, en vue d\u2019anticiper la gestion des risques induits par des crises sanitaires dont l\u2019occurrence pourrait augmenter \u00e0 l\u2019avenir.<\/p>\n<p class=\"has-text-align-left\">Il a, en outre, plaid\u00e9, en faveur d\u2019un dispositif d\u2019\u00e9ducation-formation qui pr\u00e9pare les comp\u00e9tences futures, dans le cadre d\u2019une renaissance \u00e9ducative marocaine o\u00f9 l\u2019\u00e9l\u00e8ve est une priorit\u00e9 et assure une mobilisation totale des enseignants au sein d\u2019\u00e9tablissements pleinement responsabilis\u00e9s, soutenant que l\u2019\u00e9cole doit aussi jouer son r\u00f4le dans l\u2019ancrage des valeurs de citoyennet\u00e9 et d\u2019attachement aux constantes de la Nation.<\/p>\n<p class=\"has-text-align-left\">En vue de consolider le lien social, la Commission recommande de renforcer l\u2019inclusion de tous les citoyens, en particulier les femmes et les jeunes, \u00e0 travers l\u2019autonomisation et une plus large participation, tout en veillant \u00e0 la mise en \u0153uvre d\u2019une protection sociale plus efficace, conform\u00e9ment aux Hautes Orientations de SM le Roi, et en promouvant la diversit\u00e9 culturelle, comme levier d\u2019ouverture, de dialogue et de coh\u00e9sion sociale, a affirm\u00e9 M. Benmoussa.<\/p>\n<p class=\"has-text-align-left\">\u00ab\u00a0Il est aussi pr\u00e9conis\u00e9 de consacrer le r\u00f4le des territoires, comme lieu d\u2019ancrage de la dynamique de d\u00e9veloppement durable, et de veiller \u00e0 l\u2019am\u00e9lioration du cadre de vie des populations \u00e0 travers une offre de logement conforme aux standards de qualit\u00e9 et des services publics de proximit\u00e9 accessibles\u00a0\u00bb, a-t-il dit.<br \/>Parall\u00e8lement \u00e0 ces choix strat\u00e9giques, la Commission recommande cinq paris d\u2019avenir qui pourraient faire du Maroc un p\u00f4le r\u00e9gional dans le domaine de l\u2019enseignement sup\u00e9rieur, de la recherche et de l\u2019innovation; une Nation num\u00e9rique; un leader mondial dans le domaine de l\u2019\u00e9nergie comp\u00e9titive et verte; un hub financier continental et faire du label \u00abMade in Maroc\u00bb un moyen de valoriser les atouts du Royaume et un levier d\u2019une plus grande int\u00e9gration dans les cha\u00eenes de valeur mondiales.<\/p>\n<p class=\"has-text-align-left\"><strong>Un Pacte national et un m\u00e9canisme de suivi et d\u2019impulsion pour la r\u00e9ussite du mod\u00e8le de d\u00e9veloppement<\/strong><\/p>\n<p class=\"has-text-align-left\">Pour amorcer la dynamique de changement, a encha\u00een\u00e9 M. Benmoussa, la Commission pr\u00e9conise de mobiliser deux leviers principaux \u00e0 savoir \u00able renouvellement de l\u2019appareil administratif dans ses comp\u00e9tences et ses m\u00e9thodes, parall\u00e8lement aux r\u00e9formes sectorielles qui s\u2019imposent\u00a0\u00bb et \u00ab\u00a0le recours massif au num\u00e9rique permettant de relever la qualit\u00e9 des services publics, de renforcer la transparence, de lutter contre la corruption et de consolider la confiance \u00c9tat-citoyen\u00a0\u00bb.<\/p>\n<p class=\"has-text-align-left\">Il a estim\u00e9 que l\u2019op\u00e9rationnalisation du nouveau mod\u00e8le n\u00e9cessite un pilotage affirm\u00e9 pour assurer une mobilisation g\u00e9n\u00e9rale et une capacit\u00e9 optimale de mise en \u0153uvre et de suivi, relevant que deux m\u00e9canismes sont soumis \u00e0 la Haute Appr\u00e9ciation de SM le Roi.<\/p>\n<p class=\"has-text-align-left\">\u00ab\u00a0Le premier m\u00e9canisme est un Pacte National pour le D\u00e9veloppement, qui aurait pour objectif d\u2019ancrer le nouveau mod\u00e8le comme r\u00e9f\u00e9rentiel commun de toutes les forces vives dans leur pluralit\u00e9\u00a0\u00bb, a fait savoir M. Benmoussa, notant que \u00ab\u00a0Le second est un m\u00e9canisme de suivi et d\u2019impulsion, sous l\u2019Autorit\u00e9 directe de Sa Majest\u00e9 le Roi, ayant pour mission d\u2019accompagner les chantiers strat\u00e9giques qui s\u2019inscrivent dans le long terme et d\u2019appuyer la conduite du changement\u00a0\u00bb.<\/p>\n<p class=\"has-text-align-left\">Il a expliqu\u00e9 que ce m\u00e9canisme serait ainsi opportun pour mettre en responsabilit\u00e9 les acteurs concern\u00e9s et renforcerait l\u2019efficience de l\u2019action publique au profit de tous les Marocaines et les Marocains.<\/p>\n<p class=\"has-text-align-left\">Ce m\u00e9canisme, a-t-il relev\u00e9, s\u2019inscrit dans le cadre de l\u2019\u00e9quilibre des pouvoirs pr\u00e9vu par la Constitution et du r\u00f4le de l\u2019Institution Monarchique, comme cl\u00e9 de vo\u00fbte de l\u2019\u00c9tat, porteuse de la vision de d\u00e9veloppement, des chantiers strat\u00e9giques \u00e0 long terme et du suivi de leur ex\u00e9cution en faveur des citoyens.<\/p>\n<p class=\"has-text-align-left\">M. Benmoussa a soulign\u00e9 que le rapport de la Commission a relev\u00e9 que le Royaume, sous la conduite \u00e9clair\u00e9e de SM le Roi et gr\u00e2ce au potentiel exceptionnel dont il dispose, est en capacit\u00e9 de mobiliser sa population et ses forces vives pour consolider les bases d\u2019une soci\u00e9t\u00e9 ouverte, juste et \u00e9quitable, qui renforce les capacit\u00e9s de ses citoyens et garantit des opportunit\u00e9s pour tous, au service du d\u00e9veloppement du pays et d\u2019un monde meilleur.<\/p>\n<p class=\"has-text-align-left\"><strong>Une ambition, une doctrine et des choix strat\u00e9giques<\/strong><\/p>\n<p class=\"has-text-align-left\">M. Benmoussa a indiqu\u00e9 que parmi les objectifs du mod\u00e8le de d\u00e9veloppement figurent le doublement du produit int\u00e9rieur brut par habitant \u00e0 l\u2019horizon 2035, le renforcement de la capacit\u00e9 de l\u2019\u00e9conomie nationale \u00e0 cr\u00e9er des emplois d\u00e9cents et la r\u00e9duction significative des in\u00e9galit\u00e9s sociales et territoriales ainsi que la garantie d\u2019une \u00e9ducation de base de qualit\u00e9 et une couverture sociale g\u00e9n\u00e9ralis\u00e9e, conform\u00e9ment aux Hautes Orientations strat\u00e9giques et structurantes initi\u00e9es par SM le Roi en la mati\u00e8re, au mois de Ramadan.<\/p>\n<p class=\"has-text-align-left\">Pour atteindre ce cap escompt\u00e9, a ajout\u00e9 M. Benmoussa, la Commission pr\u00e9conise une nouvelle doctrine organisationnelle pour renforcer l\u2019action commune et sceller les engagements des acteurs, notant que cette doctrine organisationnelle est fond\u00e9e sur la compl\u00e9mentarit\u00e9 entre un \u00c9tat fort et une soci\u00e9t\u00e9 forte.<\/p>\n<p class=\"has-text-align-left\">\u00ab\u00a0Un \u00c9tat strat\u00e8ge, un \u00c9tat protecteur, un \u00c9tat r\u00e9gulateur qui lib\u00e8re les \u00e9nergies de tous les acteurs. Une soci\u00e9t\u00e9 plurielle, mobilis\u00e9e, libre et responsabilis\u00e9e qui consacre l\u2019autonomisation des individus et des groupes qui la constituent et \u0153uvre activement en faveur de la d\u00e9fense de l\u2019int\u00e9r\u00eat g\u00e9n\u00e9ral et la promotion des valeurs de citoyennet\u00e9\u00a0\u00bb, a-t-il expliqu\u00e9.<\/p>\n<p class=\"has-text-align-left\">Et M. Benmoussa de relever que cette doctrine permettra d\u2019instaurer un \u00e9quilibre cr\u00e9atif entre les politiques publiques port\u00e9es par l\u2019\u00c9tat dans la dur\u00e9e et la dynamique locale avec ses marges d\u2019actions, propices \u00e0 l\u2019exp\u00e9rimentation et \u00e0 l\u2019innovation.<\/p>\n<p class=\"has-text-align-left\">\u00ab\u00a0Cette doctrine, conforme \u00e0 la lettre et \u00e0 l\u2019esprit de la Constitution et \u00e0 la Vision Royale, est traduite en principes d\u2019action; elle d\u00e9termine le r\u00f4le et l\u2019engagement des acteurs publics, priv\u00e9s et du tiers secteur dans la trajectoire de d\u00e9veloppement du pays, et les inscrit dans un cadre de confiance qui lib\u00e8re les \u00e9nergies et les responsabilise\u00a0\u00bb, a-t-il poursuivi.<\/p>\n<p class=\"has-text-align-left\">Dans le but de concr\u00e9tiser les objectifs de d\u00e9veloppement projet\u00e9s, la Commission recommande des choix strat\u00e9giques, a soulign\u00e9 M. Benmoussa, pr\u00e9cisant qu\u2019il s\u2019agit de jeter les bases d\u2019une \u00e9conomie forte et comp\u00e9titive, apte \u00e0 cr\u00e9er suffisamment de richesses pour tous, en lib\u00e9rant l\u2019initiative entrepreneuriale et en impulsant la mont\u00e9e en gamme du syst\u00e8me productif.<\/p>\n<p class=\"has-text-align-left\"><strong>Renforcer les capacit\u00e9s de r\u00e9silience de l\u2019\u00e9conomie nationale<\/strong><\/p>\n<p class=\"has-text-align-left\">Tenant compte des mutations que le monde post-Covid laisse entrevoir, le pr\u00e9sident de la CSMD a estim\u00e9 qu\u2019il s\u2019av\u00e8re n\u00e9cessaire de renforcer les capacit\u00e9s de r\u00e9silience de l\u2019\u00e9conomie nationale face aux crises et de transformer les risques qui y sont associ\u00e9s en opportunit\u00e9s.<\/p>\n<p class=\"has-text-align-left\">\u00ab\u00a0Dans certains secteurs au poids \u00e9conomique important, comme l\u2019agriculture, il est n\u00e9cessaire d\u2019accorder un int\u00e9r\u00eat particulier aux enjeux de souverainet\u00e9 alimentaire et de durabilit\u00e9\u00a0\u00bb, a-t-il pr\u00e9conis\u00e9, ajoutant que dans un secteur comme le tourisme, il faut anticiper et s\u2019adapter aux transformations de la demande mondiale et nationale.<\/p>\n<p class=\"has-text-align-left\">M. Benmoussa n\u2019a pas manqu\u00e9 de souligner \u00e9galement dans ce cadre les recommandations de la Commission portant sur la promotion d\u2019un syst\u00e8me de sant\u00e9 efficace, d\u2019un enseignement-formation capable de doter le Maroc de demain de comp\u00e9tences n\u00e9cessaires et la mise en place d\u2019une protection sociale plus efficiente.<\/p>\n<p>Auteur: M&rsquo;hammed rahal<br \/>\n<a href=\"http:\/\/albayane.press.ma\/benmoussa-une-vision-prospective-du-maroc-de-demain.html\">Cliquez ici pour lire l&rsquo;article depuis sa source.<\/a><\/p>\n","protected":false},"excerpt":{"rendered":"<p>Le nouveau mod\u00e8le de d\u00e9veloppement Le mod\u00e8le de d\u00e9veloppement propos\u00e9 se veut une vision prospective du Maroc de demain, a affirm\u00e9, mardi \u00e0 F\u00e8s, le pr\u00e9sident de la Commission Sp\u00e9ciale sur le Mod\u00e8le de D\u00e9veloppement (CSMD), M. Chakib Benmoussa. En se basant sur une approche d\u2019intelligence collective, cette vision s\u2019appuie sur la force des liens [&hellip;]<\/p>\n","protected":false},"author":1760,"featured_media":0,"comment_status":"closed","ping_status":"closed","sticky":false,"template":"","format":"standard","meta":{"fifu_image_url":"","fifu_image_alt":"","footnotes":""},"categories":[73,54],"tags":[],"class_list":["post-117472","post","type-post","status-publish","format-standard","hentry","category-actualite","category-maroc"],"_links":{"self":[{"href":"https:\/\/linitiative.ca\/International\/wp-json\/wp\/v2\/posts\/117472","targetHints":{"allow":["GET"]}}],"collection":[{"href":"https:\/\/linitiative.ca\/International\/wp-json\/wp\/v2\/posts"}],"about":[{"href":"https:\/\/linitiative.ca\/International\/wp-json\/wp\/v2\/types\/post"}],"author":[{"embeddable":true,"href":"https:\/\/linitiative.ca\/International\/wp-json\/wp\/v2\/users\/1760"}],"replies":[{"embeddable":true,"href":"https:\/\/linitiative.ca\/International\/wp-json\/wp\/v2\/comments?post=117472"}],"version-history":[{"count":0,"href":"https:\/\/linitiative.ca\/International\/wp-json\/wp\/v2\/posts\/117472\/revisions"}],"wp:attachment":[{"href":"https:\/\/linitiative.ca\/International\/wp-json\/wp\/v2\/media?parent=117472"}],"wp:term":[{"taxonomy":"category","embeddable":true,"href":"https:\/\/linitiative.ca\/International\/wp-json\/wp\/v2\/categories?post=117472"},{"taxonomy":"post_tag","embeddable":true,"href":"https:\/\/linitiative.ca\/International\/wp-json\/wp\/v2\/tags?post=117472"}],"curies":[{"name":"wp","href":"https:\/\/api.w.org\/{rel}","templated":true}]}}