{"id":117473,"date":"2021-05-26T14:00:00","date_gmt":"2021-05-26T18:00:00","guid":{"rendered":"https:\/\/linitiative.ca\/International\/une-proximite-source-de-synergies-et-non-de-fourberies\/"},"modified":"2021-05-26T14:00:00","modified_gmt":"2021-05-26T18:00:00","slug":"une-proximite-source-de-synergies-et-non-de-fourberies","status":"publish","type":"post","link":"https:\/\/linitiative.ca\/International\/une-proximite-source-de-synergies-et-non-de-fourberies\/","title":{"rendered":"Une proximit\u00e9 source de synergies et non de fourberies"},"content":{"rendered":"<p class=\"has-vivid-cyan-blue-color has-text-color\"><strong>Il suffit d\u2019une goutte pour que le vase d\u00e9borde. C\u2019est ce qui a marqu\u00e9 ces derniers jours les relations entre les deux royaumes, l\u2019Espagne et le Maroc. La goutte est celle de l\u2019erreur politique du gouvernement espagnol induite par une appr\u00e9ciation minor\u00e9e de l\u2019int\u00e9r\u00eat sup\u00e9rieur du Royaume du Maroc.\u00a0<\/strong><\/p>\n<p>L\u2019\u00e9tablissement de la souverainet\u00e9 territoriale du Royaume du Maroc ne s\u2019est pas effectu\u00e9 d\u2019un seul tenant. Il reste encore la priorit\u00e9 des priorit\u00e9s du peuple marocain dont la mobilisation ne s\u2019est jamais d\u00e9mentie \u00e0 ce propos.<\/p>\n<p>Sans revenir aux diff\u00e9rentes r\u00e9sistances \u00e0 la p\u00e9n\u00e9tration coloniale dont la rapacit\u00e9 va \u00ab\u00a0d\u00e9chiqueter\u00a0\u00bb le territoire marocain, ni \u00e0 la lutte men\u00e9e pour l\u2019ind\u00e9pendance et aux efforts multiformes du Maroc pour retrouver son int\u00e9grit\u00e9 territoriale, il suffit de relever que les marocain(e)s n\u00e9(e)s depuis que leurs parents ont r\u00e9pondu massivement \u00e0 l\u2019appel de la Marche Verte, en novembre 1975, sont maintenant des adultes conscients de leurs devoirs et de leurs obligations envers eux-m\u00eames et envers leur patrie.<\/p>\n<p>L\u2019int\u00e9grit\u00e9 territoriale, pr\u00e9occupation majeure de l\u2019ensemble du peuple marocain, int\u00e9resse la totalit\u00e9 du pays et son extension marine. Cette conception n\u2019est pas partag\u00e9e par les voisins impos\u00e9s par la g\u00e9ographie. Si l\u2019Alg\u00e9rie use de tout pour porter atteinte \u00e0 la l\u00e9gitime consolidation de l\u2019int\u00e9grit\u00e9 territoriale du Maroc, l\u2019incompr\u00e9hension totale de l\u2019Espagne de cette revendication marocaine ne s\u2019est jamais d\u00e9mentie. Pour plusieurs raisons, le Royaume du Maroc affronte cet obstacle de la position espagnole avec diplomatie et en d\u00e9veloppant \u00ab\u00a0une coop\u00e9ration subordonn\u00e9e \u00e0 des int\u00e9r\u00eats \u00e9conomiques communs, ainsi que dans la lutte contre le terrorisme, la lutte contre le trafic de drogue ou l\u2019immigration ill\u00e9gale\u00a0\u00bb.<\/p>\n<p>Alors que l\u2019Espagne devient le premier fournisseur-client du Maroc, son appartenance \u00e0 l\u2019Union Europ\u00e9enne lui donne une autre interface pour \u00ab\u00a0g\u00e9rer\u00a0\u00bb l\u2019ambition du Maroc, puissance r\u00e9gionale, dans ses relations strat\u00e9giques, multidimensionnelles et privil\u00e9gi\u00e9es.<\/p>\n<p>L\u2019approche n\u00e9ocoloniale des dirigeants espagnols n\u2019approuve ni des n\u00e9gociations ardues sur les ressources halieutiques, ni une concurrence des produits agricoles, ni le d\u00e9veloppement du Rif, particuli\u00e8rement aux abords des villes marocaines colonis\u00e9es de Sebta et de Melillia et encore moins l\u2019affirmation du Maroc de sa juridiction sur son espace marin. Tant\u00f4t usant de la politique de la canonni\u00e8re, comme lors de la crise de l\u2019\u00eelot de Leila, tant\u00f4t profitant de sa couverture europ\u00e9enne, l\u2019Espagne se fourvoyait lourdement sur la volont\u00e9 du Royaume du Maroc de consolider son int\u00e9grit\u00e9 territoriale \u00ab\u00a0quoiqu\u2019il en co\u00fbte\u00a0\u00bb.<\/p>\n<p>C\u2019est ce que montre les larmes de crocodile de certains m\u00e9dias occidentaux sur l\u2019image du Maroc apr\u00e8s \u00ab\u00a0la crise migratoire\u00a0\u00bb qu\u2019a connue Sebta. \u00ab\u00a0Laissez nous vous d\u00e9poss\u00e9der, vivez dans votre mis\u00e8re et surtout ne venez pas perturber notre tranquillit\u00e9 europ\u00e9enne\u00a0\u00bb devenait un leitmotiv \u00e0 la place du \u00ab\u00a0d\u00e9veloppement \u00e9conomique et humain, inclusif et \u00e9quitable, l\u2019innovation et le partage des connaissances, la protection de l\u2019environnement et le d\u00e9veloppement durable, la justice, la s\u00e9curit\u00e9, le dialogue-interculturel, la mobilit\u00e9 et la migration, les droits de l\u2019homme et la bonne gouvernance. \u00bb.<\/p>\n<p>Aucune allusion au comportement chenapan du gouvernement espagnol d\u2019accepter dans son territoire, avec un faux passeport et une identit\u00e9 d\u00e9guis\u00e9e, un fauteur de guerre poursuivi pour crimes contre l\u2019humanit\u00e9, viols, corruption et autres crimes commis sur le territoire espagnol. Cela ne d\u00e9range pas la conscience humanitaire des espagnols et des europ\u00e9ens\u00a0; et l\u2019image de l\u2019Espagne, ainsi que celle de l\u2019Europe, ne se trouve pas \u00e9corn\u00e9e par \u00ab\u00a0l\u2019entr\u00e9e frauduleuse de cette personne sur le territoire espagnol avec des documents falsifi\u00e9s et une identit\u00e9 usurp\u00e9e\u00a0\u00bb. L\u2019int\u00e9r\u00eat impose la dissimulation et fait fi de la \u00ab concertation pr\u00e9coce, de la coordination renforc\u00e9e et du recours aux structures de travail pr\u00e9vues par le Partenariat Strat\u00e9gique\u00a0\u00bb.<\/p>\n<p>Qu\u2019en serait-il si la d\u00e9nonciation de ce comportement brigand n\u2019a pas pu \u00eatre faite\u00a0?<\/p>\n<p>Devrait-on faire confiance \u00e0 des responsables gouvernementaux qui oublient leurs engagements et traitent sous la table avec le terrorisme et ses tenants, avec un ge\u00f4lier qui prive les sahraoui(e)s des camps de la honte situ\u00e9s en Alg\u00e9rie de leurs droits reconnus par l\u2019ONU, qui abuse de l\u2019aide humanitaire et de son pouvoir f\u00e9lon.<\/p>\n<p>Quand au sort des marocain(e)s et de leur destin, ne vous en souciez pas. Fiers de leur patrie, pr\u00eats \u00e0 sacrifier\u00a0\u00ab\u00a0le cher et le pr\u00e9cieux\u00a0\u00bb qu\u2019ils ont pour elle, ils luttent pour consolider le processus d\u00e9mocratique et b\u00e2tir l\u2019Etat national, d\u00e9mocratique et moderne qu\u2019ils ambitionnent.<\/p>\n<p>Ni l\u2019Espagne, ni l\u2019Alg\u00e9rie ni l\u2019Afrique du Sud, ou tout autre ennemi ou adversaire, ne pourront \u00ab\u00a0toucher \u00e0 mon pays\u00a0\u00bb, \u00e0 son int\u00e9grit\u00e9 territoriale et \u00e0 sa position strat\u00e9gique en Afrique et dans le monde. Les envieux, au Nord ou \u00e0 l\u2019Est, n\u2019emp\u00eacheront pas le Royaume du Maroc d\u2019\u0153uvrer sans rel\u00e2che pour \u00ab\u00a0un Espace de convergence des Valeurs, un Espace de convergence \u00c9conomique et de Coh\u00e9sion sociale, un Espace de Connaissances Partag\u00e9es et un Espace de concertation politique et de Coop\u00e9ration accrue en mati\u00e8re de S\u00e9curit\u00e9\u00a0\u00bb, pour la paix et la prosp\u00e9rit\u00e9 partag\u00e9e.\u00a0\u00a0\u00a0\u00a0\u00a0\u00a0\u00a0\u00a0<\/p>\n<p>Auteur: M&rsquo;hammed rahal<br \/>\n<a href=\"http:\/\/albayane.press.ma\/une-proximite-source-de-synergies-et-non-de-fourberies.html\">Cliquez ici pour lire l&rsquo;article depuis sa source.<\/a><\/p>\n","protected":false},"excerpt":{"rendered":"<p>Il suffit d\u2019une goutte pour que le vase d\u00e9borde. C\u2019est ce qui a marqu\u00e9 ces derniers jours les relations entre les deux royaumes, l\u2019Espagne et le Maroc. La goutte est celle de l\u2019erreur politique du gouvernement espagnol induite par une appr\u00e9ciation minor\u00e9e de l\u2019int\u00e9r\u00eat sup\u00e9rieur du Royaume du Maroc.\u00a0 L\u2019\u00e9tablissement de la souverainet\u00e9 territoriale du [&hellip;]<\/p>\n","protected":false},"author":1760,"featured_media":0,"comment_status":"closed","ping_status":"closed","sticky":false,"template":"","format":"standard","meta":{"fifu_image_url":"","fifu_image_alt":"","footnotes":""},"categories":[73,54],"tags":[],"class_list":["post-117473","post","type-post","status-publish","format-standard","hentry","category-actualite","category-maroc"],"_links":{"self":[{"href":"https:\/\/linitiative.ca\/International\/wp-json\/wp\/v2\/posts\/117473","targetHints":{"allow":["GET"]}}],"collection":[{"href":"https:\/\/linitiative.ca\/International\/wp-json\/wp\/v2\/posts"}],"about":[{"href":"https:\/\/linitiative.ca\/International\/wp-json\/wp\/v2\/types\/post"}],"author":[{"embeddable":true,"href":"https:\/\/linitiative.ca\/International\/wp-json\/wp\/v2\/users\/1760"}],"replies":[{"embeddable":true,"href":"https:\/\/linitiative.ca\/International\/wp-json\/wp\/v2\/comments?post=117473"}],"version-history":[{"count":0,"href":"https:\/\/linitiative.ca\/International\/wp-json\/wp\/v2\/posts\/117473\/revisions"}],"wp:attachment":[{"href":"https:\/\/linitiative.ca\/International\/wp-json\/wp\/v2\/media?parent=117473"}],"wp:term":[{"taxonomy":"category","embeddable":true,"href":"https:\/\/linitiative.ca\/International\/wp-json\/wp\/v2\/categories?post=117473"},{"taxonomy":"post_tag","embeddable":true,"href":"https:\/\/linitiative.ca\/International\/wp-json\/wp\/v2\/tags?post=117473"}],"curies":[{"name":"wp","href":"https:\/\/api.w.org\/{rel}","templated":true}]}}