{"id":117474,"date":"2021-05-26T14:19:00","date_gmt":"2021-05-26T18:19:00","guid":{"rendered":"https:\/\/linitiative.ca\/International\/la-logistique-en-vogue-dans-le-souss\/"},"modified":"2021-05-26T14:19:00","modified_gmt":"2021-05-26T18:19:00","slug":"la-logistique-en-vogue-dans-le-souss","status":"publish","type":"post","link":"https:\/\/linitiative.ca\/International\/la-logistique-en-vogue-dans-le-souss\/","title":{"rendered":"La logistique en vogue dans le Souss !"},"content":{"rendered":"<p class=\"has-vivid-cyan-blue-color has-text-color\"><strong>La province d\u2019Inezgane A\u00eft Melloul se dote durant ces derni\u00e8res ann\u00e9es, d\u2019un essaim de projets structurants de haut standing pour placer la zone sur le socle de l\u2019essor multidimensionnel. Il sera loisible de dire qu\u2019elle a eu le privil\u00e8ge de se faire valoir de fond en comble, par le d\u00e9ploiement d\u2019un parterre directionnel, empreint de patriotisme. En si peu de temps, ce bout de territoire relevant de la r\u00e9gion Souss Massa, marqu\u00e9 par une si forte densit\u00e9 d\u00e9mographique \u00e9tal\u00e9e sur une superficie si \u00e9triqu\u00e9e, s\u2019\u00e9rige en centre commercial jaillissant et, partant, en p\u00f4le \u00e9conomique in\u00e9luctable.<\/strong><\/p>\n<p>Il faut reconna\u00eetre \u00e9galement que cet entrain ne date pas d\u2019aujourd\u2019hui mais il s\u2019accomplissait, \u00e0 l\u2019\u00e9poque, dans une sorte de d\u00e9perdition provoquant ainsi un certain d\u00e9ficit en termes de gestion et d\u2019efficience. Actuellement, aux termes de quatre ans, tout semble s\u2019organiser au grand bonheur de la population, \u00e0 travers la rigueur en mati\u00e8re de gouvernance, au point de canaliser et fructifier les revenus. R\u00e9cemment encore, dans le cadre de la mise en \u0153uvre de la strat\u00e9gie nationale du d\u00e9veloppement de la comp\u00e9titivit\u00e9 de la logistique, un cort\u00e8ge minist\u00e9riel, en compagnie des d\u00e9cideurs administratifs et repr\u00e9sentatifs de la r\u00e9gion, il a \u00e9t\u00e9 proc\u00e9d\u00e9 au lancement des travaux de la premi\u00e8re tranche du projet de la zone logistique sud d\u2019A\u00eft Melloul, d\u00e9pendant de la province sus mentionn\u00e9e. Cette zone s\u2019\u00e9tend sur une superficie estim\u00e9e \u00e0 172 hectares sur la route express 1 dans la commune de Lakli\u00e2, \u00e0 proximit\u00e9 de la zone industrielle d\u2019A\u00eft Melloul. Pour un co\u00fbt budg\u00e9taire de 17 milliards de centimes, ce projet dont la charge est confi\u00e9e \u00e0 l\u2019agence nationale de d\u00e9veloppement de logistique, permettra de recruter plus de 500 cadres de la zone.<\/p>\n<p>Il convient aussi de relever que ce projet qualitatif r\u00e9pondra aux besoins insistants de la zone conform\u00e9ment \u00e0 une approche participative entre les divers intervenants et op\u00e9rateurs concern\u00e9s, visant la mise en marche de l\u2019expansion p\u00e9renne et la mise en avant de l\u2019attractivit\u00e9 d\u2019investissement de la r\u00e9gion, en tant que premi\u00e8re zone de logistique du royaume pour le d\u00e9collage d\u00e9veloppemental de toute la r\u00e9gion Souss Massa. Effectivement, cette plate-forme logistique renferme nombre de volets \u00e0 normes modernes permettant la fluidit\u00e9 et la promptitude des afflux, notamment la plateforme de distribution et une autre pour les produits agricoles ainsi qu\u2019une troisi\u00e8me sp\u00e9cifique aux mat\u00e9riaux de construction, en plus des espaces destin\u00e9s aux services. Cette plateforme logistique in\u00e9dite s\u2019ins\u00e8re dans le sch\u00e9ma directeur englobant aussi la plateforme logistique de Tagadirt sur une superficie de 70 ha et constitue un levier socio-\u00e9conomique de la r\u00e9gion Souss Massa, \u00e9tant donn\u00e9 les commodit\u00e9s des acteurs de l\u2019\u00e9conomie. \u00a0<\/p>\n<p>Auteur: M&rsquo;hammed rahal<br \/>\n<a href=\"http:\/\/albayane.press.ma\/la-logistique-en-vogue-dans-le-souss.html\">Cliquez ici pour lire l&rsquo;article depuis sa source.<\/a><\/p>\n","protected":false},"excerpt":{"rendered":"<p>La province d\u2019Inezgane A\u00eft Melloul se dote durant ces derni\u00e8res ann\u00e9es, d\u2019un essaim de projets structurants de haut standing pour placer la zone sur le socle de l\u2019essor multidimensionnel. Il sera loisible de dire qu\u2019elle a eu le privil\u00e8ge de se faire valoir de fond en comble, par le d\u00e9ploiement d\u2019un parterre directionnel, empreint de [&hellip;]<\/p>\n","protected":false},"author":1760,"featured_media":0,"comment_status":"closed","ping_status":"closed","sticky":false,"template":"","format":"standard","meta":{"fifu_image_url":"","fifu_image_alt":"","footnotes":""},"categories":[73,54],"tags":[],"class_list":["post-117474","post","type-post","status-publish","format-standard","hentry","category-actualite","category-maroc"],"_links":{"self":[{"href":"https:\/\/linitiative.ca\/International\/wp-json\/wp\/v2\/posts\/117474","targetHints":{"allow":["GET"]}}],"collection":[{"href":"https:\/\/linitiative.ca\/International\/wp-json\/wp\/v2\/posts"}],"about":[{"href":"https:\/\/linitiative.ca\/International\/wp-json\/wp\/v2\/types\/post"}],"author":[{"embeddable":true,"href":"https:\/\/linitiative.ca\/International\/wp-json\/wp\/v2\/users\/1760"}],"replies":[{"embeddable":true,"href":"https:\/\/linitiative.ca\/International\/wp-json\/wp\/v2\/comments?post=117474"}],"version-history":[{"count":0,"href":"https:\/\/linitiative.ca\/International\/wp-json\/wp\/v2\/posts\/117474\/revisions"}],"wp:attachment":[{"href":"https:\/\/linitiative.ca\/International\/wp-json\/wp\/v2\/media?parent=117474"}],"wp:term":[{"taxonomy":"category","embeddable":true,"href":"https:\/\/linitiative.ca\/International\/wp-json\/wp\/v2\/categories?post=117474"},{"taxonomy":"post_tag","embeddable":true,"href":"https:\/\/linitiative.ca\/International\/wp-json\/wp\/v2\/tags?post=117474"}],"curies":[{"name":"wp","href":"https:\/\/api.w.org\/{rel}","templated":true}]}}