{"id":117476,"date":"2021-05-26T18:25:21","date_gmt":"2021-05-26T22:25:21","guid":{"rendered":"https:\/\/linitiative.ca\/International\/9e-conference-sur-les-ressources-en-eau-dans-le-bassin-mediterraneen\/"},"modified":"2021-05-26T18:25:21","modified_gmt":"2021-05-26T22:25:21","slug":"9e-conference-sur-les-ressources-en-eau-dans-le-bassin-mediterraneen","status":"publish","type":"post","link":"https:\/\/linitiative.ca\/International\/9e-conference-sur-les-ressources-en-eau-dans-le-bassin-mediterraneen\/","title":{"rendered":"9\u00e8 Conf\u00e9rence sur les Ressources en Eau dans le Bassin M\u00e9diterran\u00e9en"},"content":{"rendered":"<div readability=\"40\">\n<p>Marrakech \u2013 Les travaux de la 9\u00e8me \u00e9dition de la Conf\u00e9rence Virtuelle Internationale sur les Ressources en Eau dans le Bassin M\u00e9diterran\u00e9en (WATMED9) se sont ouverts, mercredi, \u00e0 Marrakech, avec la participation d\u2019un parterre de chercheurs, experts, professionnels et doctorants de diff\u00e9rents pays m\u00e9diterran\u00e9ens.<\/p>\n<\/div>\n<div readability=\"172\">\n<p>Initi\u00e9e par le Centre National d\u2019Etudes et de Recherche sur l\u2019Eau et l\u2019Energie (CNEREE) relevant de l\u2019Universit\u00e9 Cadi Ayyad de Marrakech, en collaboration avec la Facult\u00e9 des sciences Semlalia, la Facult\u00e9 des Sciences et Techniques (FST) et le Centre de d\u00e9veloppement de la R\u00e9gion Tensift (CDRT), WATMED 9 est une occasion de dialogue et d\u2019\u00e9change d\u2019exp\u00e9riences et de r\u00e9sultats entre les comp\u00e9tences du bassin m\u00e9diterran\u00e9en.<\/p>\n<p>L\u2019\u00e9v\u00e9nement virtuel de trois jours est \u00e9galement une opportunit\u00e9 pour la valorisation scientifique des travaux de recherches qui s\u2019int\u00e9ressent \u00e0 la probl\u00e9matique de l\u2019eau dans le bassin m\u00e9diterran\u00e9en et son impact sur le d\u00e9veloppement durable des pays de la r\u00e9gion.<\/p>\n<p>A cette occasion, le Pr\u00e9sident de l\u2019UCA, M. Moulay El Hassan Hbid, a soulign\u00e9 l\u2019importance de mener des recherches sur les domaines de gestion, protection et valorisation des ressources en eau au Maroc, un pays \u00e0 climat aride qui subit les al\u00e9as du changement climatique, ajoutant que le Royaume, ainsi que plusieurs pays du sud de la M\u00e9diterran\u00e9e, seront en dessous du seuil de p\u00e9nurie hydrique (500 m3\/hab\/an).<\/p>\n<p>\u00ab\u00a0Face \u00e0 ces changements climatiques, le Maroc a d\u00e9j\u00e0 r\u00e9alis\u00e9 certaines alternatives technologiques d\u2019adaptation, mais d\u2019autres doivent \u00eatre renforc\u00e9es dans certains bassins hydrauliques marocains en d\u00e9ficit hydrique, notamment le transfert des eaux entre les bassins, l\u2019irrigation localis\u00e9e, le dessalement des eaux saum\u00e2tres et marines, et la r\u00e9utilisation des eaux us\u00e9es trait\u00e9es\u00a0\u00bb, a-t-il expliqu\u00e9.<\/p>\n<p>L\u2019\u00e9change des avanc\u00e9es scientifiques dans les diff\u00e9rentes th\u00e9matiques choisies dans cette 9\u00e8me \u00e9dition de la conf\u00e9rence WATMED 9 contribueront surement \u00e0 lever les d\u00e9fis des pays m\u00e9diterran\u00e9ens en mati\u00e8re de pr\u00e9servation des ressources en eau contre la pollution, le recyclage et la valorisation des eaux non conventionnelles et mettre en exergue les liens entre l\u2019eau, l\u2019\u00e9nergie et l\u2019agriculture, a relev\u00e9 M. Hbid.<\/p>\n<p>De son c\u00f4t\u00e9, le Doyen de la Facult\u00e9 des Sciences et Techniques (FST) de Marrakech, M. Moha Taourirt, s\u2019est f\u00e9licit\u00e9 du choix de la th\u00e9matique de l\u2019eau qui est un probl\u00e8me mondial, rappelant qu\u2019un milliard d\u2019\u00eatres humains ne disposent pas d\u2019eau potable et 2,5 milliards n\u2019ont pas acc\u00e8s \u00e0 des services d\u2019assainissement liquide.<\/p>\n<p>\u00ab\u00a0Ce sujet est d\u2019une grande ampleur \u00e0 l\u2019\u00e9chelle nationale et locale, le gouvernement accordant une grande importance \u00e0 cette th\u00e9matique \u00e0 travers l\u2019organisation du Syst\u00e8me National de Recherche et d\u2019Innovation qui comprend l\u2019ensemble des acteurs d\u2019orientation, de coordination, de programmation et d\u2019appui \u00e0 la recherche et d\u2019ex\u00e9cution ou de mise en \u0153uvre de la recherche au Maroc\u00a0\u00bb, a indiqu\u00e9 M. Taourirt.<\/p>\n<p>S\u2019agissant des efforts consentis au niveau de la FST-Marrakech, le Doyen a fait savoir que plusieurs laboratoires relevant de la Facult\u00e9 m\u00e8nent des recherches qui visent \u00e0 d\u00e9gager des recommandations afin de sensibiliser l\u2019opinion publique en vue d\u2019inciter les dirigeants politiques \u00e0 r\u00e9former et am\u00e9liorer la gestion de l\u2019eau, et \u00e0 proposer des solutions et des instruments d\u2019action pour aider les pays qui souffrent d\u2019une p\u00e9nurie d\u2019eau, avec des approches qui peuvent \u00eatre mises en pratique.<\/p>\n<p>Pour sa part, le Doyen de la Facult\u00e9 des Sciences Semlalia de Marrakech (FSSM), M. Mohamed El Alaoui Talibi, a soulign\u00e9 que cette rencontre dynamisera sans nul doute le d\u00e9veloppement des relations interuniversitaires existantes et favorisera la collaboration entre les diff\u00e9rents laboratoires concern\u00e9s par la recherche dans les probl\u00e9matiques li\u00e9es aux probl\u00e8mes de la gestion de l\u2019eau dans le bassin m\u00e9diterran\u00e9en.<\/p>\n<p>\u00ab\u00a0Cette rencontre s\u2019organise \u00e0 un moment o\u00f9 les zones m\u00e9diterran\u00e9ennes sont confront\u00e9es \u00e0 des changements dramatiques qui affecteront la durabilit\u00e9, la quantit\u00e9, la qualit\u00e9 et la gestion des ressources, et donc c\u2019est une grande occasion pour la valorisation scientifique des travaux de recherches qui s\u2019int\u00e9ressent au d\u00e9veloppement durable des pays de la r\u00e9gion\u00a0\u00bb, a-t-il fait remarquer.<\/p>\n<p>Lors de son intervention, M. Andreas Angelakis, membre de l\u2019Acad\u00e9mie Europ\u00e9enne des Sciences et des Arts (Gr\u00e8ce), a pass\u00e9 en revue l\u2019\u00e9volution des technologies de la r\u00e9utilisation de l\u2019eau et de la gestion des eaux us\u00e9es depuis le d\u00e9but du 20\u00e8 si\u00e8cle, soulignant l\u2019importance de \u00ab\u00a0comprendre les pratiques et les solutions du pass\u00e9 pour mieux se placer pour relever les d\u00e9fis pr\u00e9sents et futurs\u00a0\u00bb.<\/p>\n<p>Faisant savoir que la r\u00e9utilisation de l\u2019eau jouera un r\u00f4le important dans les zones urbaines dens\u00e9ment peupl\u00e9es, l\u2019expert grec a indiqu\u00e9 que la r\u00e9utilisation de l\u2019eau sera un \u00e9l\u00e9ment cl\u00e9 dans le d\u00e9veloppement de strat\u00e9gies durables pour l\u2019approvisionnement en eau.<\/p>\n<p>Les autres interventions ont appel\u00e9 \u00e0 d\u00e9finir et \u00e0 renforcer les m\u00e9canismes institutionnels, juridiques et financiers appropri\u00e9s pour veiller \u00e0 ce que la politique de l\u2019eau et son application jouent le r\u00f4le d\u2019un catalyseur du progr\u00e8s social et d\u2019une croissance \u00e9conomique durable, ainsi qu\u2019\u00e0 mobiliser les innovations, le savoir et le savoir-faire pour faire avancer la cause de l\u2019eau, \u00e0 \u00e9largir l\u2019\u00e9change d\u2019exp\u00e9riences et de r\u00e9sultats de la recherche et permettre d\u2019amorcer des initiatives de coop\u00e9ration r\u00e9gionale et m\u00e9diterran\u00e9enne, pour mieux relever les d\u00e9fis et r\u00e9pondre de mani\u00e8re optimale aux menaces auxquelles font face les ressources hydriques.<\/p>\n<p>Lors de WATMED9, qui connait la participation de plus de 250 chercheurs, experts, professionnels et doctorants de diff\u00e9rents pays M\u00e9diterran\u00e9en (Maroc, Palestine, Alg\u00e9rie, Egypte, Espagne, Belgique, Tunisie, Gr\u00e8ce, France, Portugal, Jordanie, Inde, Chypre, Albanie), les principales th\u00e9matiques qui sont abord\u00e9es se rapportent \u00e0 \u00ab\u00a0La gestion des ressources hydriques\u00a0\u00bb, \u00ab\u00a0La qualit\u00e9 de l\u2019eau et la pollution\u00a0\u00bb, \u00ab\u00a0Le traitement, ainsi que le recyclage et la r\u00e9utilisation des eaux non-conventionnelles\u00a0\u00bb.<\/p>\n<p>A rappeler que la meilleure E-communication orale et le meilleur E-poster pr\u00e9sent\u00e9s par les doctorants seront s\u00e9lectionn\u00e9s par un comit\u00e9 d\u2019\u00e9valuation et se verront prim\u00e9s pour encourager les jeunes chercheurs (Doctorants).<\/p>\n<\/div>\n<p>Auteur: Meriem IGASS<br \/>\n<a href=\"http:\/\/www.mapmarrakech.ma\/fr\/9e-conference-sur-les-ressources-en-eau-dans-le-bassin-mediterraneen\/\">Cliquez ici pour lire l&rsquo;article depuis sa source.<\/a><\/p>\n","protected":false},"excerpt":{"rendered":"<p>Marrakech \u2013 Les travaux de la 9\u00e8me \u00e9dition de la Conf\u00e9rence Virtuelle Internationale sur les Ressources en Eau dans le Bassin M\u00e9diterran\u00e9en (WATMED9) se sont ouverts, mercredi, \u00e0 Marrakech, avec la participation d\u2019un parterre de chercheurs, experts, professionnels et doctorants de diff\u00e9rents pays m\u00e9diterran\u00e9ens. Initi\u00e9e par le Centre National d\u2019Etudes et de Recherche sur l\u2019Eau [&hellip;]<\/p>\n","protected":false},"author":1788,"featured_media":0,"comment_status":"closed","ping_status":"closed","sticky":false,"template":"","format":"standard","meta":{"fifu_image_url":"","fifu_image_alt":"","footnotes":""},"categories":[54,76],"tags":[],"class_list":["post-117476","post","type-post","status-publish","format-standard","hentry","category-maroc","category-regions"],"_links":{"self":[{"href":"https:\/\/linitiative.ca\/International\/wp-json\/wp\/v2\/posts\/117476","targetHints":{"allow":["GET"]}}],"collection":[{"href":"https:\/\/linitiative.ca\/International\/wp-json\/wp\/v2\/posts"}],"about":[{"href":"https:\/\/linitiative.ca\/International\/wp-json\/wp\/v2\/types\/post"}],"author":[{"embeddable":true,"href":"https:\/\/linitiative.ca\/International\/wp-json\/wp\/v2\/users\/1788"}],"replies":[{"embeddable":true,"href":"https:\/\/linitiative.ca\/International\/wp-json\/wp\/v2\/comments?post=117476"}],"version-history":[{"count":0,"href":"https:\/\/linitiative.ca\/International\/wp-json\/wp\/v2\/posts\/117476\/revisions"}],"wp:attachment":[{"href":"https:\/\/linitiative.ca\/International\/wp-json\/wp\/v2\/media?parent=117476"}],"wp:term":[{"taxonomy":"category","embeddable":true,"href":"https:\/\/linitiative.ca\/International\/wp-json\/wp\/v2\/categories?post=117476"},{"taxonomy":"post_tag","embeddable":true,"href":"https:\/\/linitiative.ca\/International\/wp-json\/wp\/v2\/tags?post=117476"}],"curies":[{"name":"wp","href":"https:\/\/api.w.org\/{rel}","templated":true}]}}