{"id":117477,"date":"2021-05-27T05:46:16","date_gmt":"2021-05-27T09:46:16","guid":{"rendered":"https:\/\/linitiative.ca\/International\/averses-orageuses-localement-fortes-dans-plusieurs-provinces-du-royaume\/"},"modified":"2021-05-27T05:46:16","modified_gmt":"2021-05-27T09:46:16","slug":"averses-orageuses-localement-fortes-dans-plusieurs-provinces-du-royaume","status":"publish","type":"post","link":"https:\/\/linitiative.ca\/International\/averses-orageuses-localement-fortes-dans-plusieurs-provinces-du-royaume\/","title":{"rendered":"Averses orageuses localement fortes dans plusieurs provinces du Royaume"},"content":{"rendered":"<div class=\"single-featured\"><img alt=\"\" data-src=\"http:\/\/www.mapmarrakech.ma\/map\/uploads\/2021\/02\/pluie-MAP-1.jpg\"\/><\/div>\n<div class=\"single-post-excerpt post-excerpt-bc\" readability=\"34\">\n<p>Des averses orageuses localement fortes sont attendues ce jeudi dans plusieurs provinces du Royaume, a annonc\u00e9 mardi la Direction g\u00e9n\u00e9rale de la m\u00e9t\u00e9orologie (DGM).<\/p>\n<\/div>\n<div class=\"entry-content clearfix single-post-content\" readability=\"47\">\n<p>Ces averses de niveau orange, qui atteindront 20 \u00e0 40 mm, sont attendues ce jeudi de 8h30 \u00e0 18h dans les provinces d\u2019Oujda-Angad, Al Hoceima, Berkane, Boulemane, Driouch, Guercif, Ifrane, Jerada, Nador, Sefrou, Taourirt et Taza, a pr\u00e9cis\u00e9 la DGM dans un bulletin d\u2019alerte m\u00e9t\u00e9orologique.<\/p>\n<\/div>\n<p>Auteur: Meriem IGASS<br \/>\n<a href=\"http:\/\/www.mapmarrakech.ma\/fr\/averses-orageuses-localement-fortes-dans-plusieurs-provinces-du-royaume\/\">Cliquez ici pour lire l&rsquo;article depuis sa source.<\/a><\/p>\n","protected":false},"excerpt":{"rendered":"<p>Des averses orageuses localement fortes sont attendues ce jeudi dans plusieurs provinces du Royaume, a annonc\u00e9 mardi la Direction g\u00e9n\u00e9rale de la m\u00e9t\u00e9orologie (DGM). Ces averses de niveau orange, qui atteindront 20 \u00e0 40 mm, sont attendues ce jeudi de 8h30 \u00e0 18h dans les provinces d\u2019Oujda-Angad, Al Hoceima, Berkane, Boulemane, Driouch, Guercif, Ifrane, Jerada, [&hellip;]<\/p>\n","protected":false},"author":1788,"featured_media":0,"comment_status":"closed","ping_status":"closed","sticky":false,"template":"","format":"standard","meta":{"fifu_image_url":"http:\/\/www.mapmarrakech.ma\/map\/uploads\/2021\/02\/pluie-MAP-1.jpg","fifu_image_alt":"Averses orageuses localement fortes dans plusieurs provinces du Royaume","footnotes":""},"categories":[54,76],"tags":[],"class_list":["post-117477","post","type-post","status-publish","format-standard","hentry","category-maroc","category-regions"],"_links":{"self":[{"href":"https:\/\/linitiative.ca\/International\/wp-json\/wp\/v2\/posts\/117477","targetHints":{"allow":["GET"]}}],"collection":[{"href":"https:\/\/linitiative.ca\/International\/wp-json\/wp\/v2\/posts"}],"about":[{"href":"https:\/\/linitiative.ca\/International\/wp-json\/wp\/v2\/types\/post"}],"author":[{"embeddable":true,"href":"https:\/\/linitiative.ca\/International\/wp-json\/wp\/v2\/users\/1788"}],"replies":[{"embeddable":true,"href":"https:\/\/linitiative.ca\/International\/wp-json\/wp\/v2\/comments?post=117477"}],"version-history":[{"count":0,"href":"https:\/\/linitiative.ca\/International\/wp-json\/wp\/v2\/posts\/117477\/revisions"}],"wp:attachment":[{"href":"https:\/\/linitiative.ca\/International\/wp-json\/wp\/v2\/media?parent=117477"}],"wp:term":[{"taxonomy":"category","embeddable":true,"href":"https:\/\/linitiative.ca\/International\/wp-json\/wp\/v2\/categories?post=117477"},{"taxonomy":"post_tag","embeddable":true,"href":"https:\/\/linitiative.ca\/International\/wp-json\/wp\/v2\/tags?post=117477"}],"curies":[{"name":"wp","href":"https:\/\/api.w.org\/{rel}","templated":true}]}}