{"id":117478,"date":"2021-05-27T06:19:44","date_gmt":"2021-05-27T10:19:44","guid":{"rendered":"https:\/\/linitiative.ca\/International\/atelier-sur-le-developpement-integre-des-centres-ruraux-emergents\/"},"modified":"2021-05-27T06:19:44","modified_gmt":"2021-05-27T10:19:44","slug":"atelier-sur-le-developpement-integre-des-centres-ruraux-emergents","status":"publish","type":"post","link":"https:\/\/linitiative.ca\/International\/atelier-sur-le-developpement-integre-des-centres-ruraux-emergents\/","title":{"rendered":"Atelier sur le d\u00e9veloppement int\u00e9gr\u00e9 des centres ruraux \u00e9mergents"},"content":{"rendered":"<div readability=\"38\">\n<p>Chichaoua \u2013 Un atelier de concertation consacr\u00e9 aux pr\u00e9paratifs de la troisi\u00e8me phase du Programme national de d\u00e9veloppement int\u00e9gr\u00e9 des centres ruraux \u00e9mergents au niveau de la province de Chichaoua, notamment le centre de la commune de Sidi El Mokhtar, a \u00e9t\u00e9 organis\u00e9, mardi au si\u00e8ge de la pr\u00e9fecture.<\/p>\n<\/div>\n<div readability=\"82\">\n<p>Initi\u00e9e par l\u2019inspection r\u00e9gionale du minist\u00e8re de l\u2019Am\u00e9nagement du Territoire national, de l\u2019Urbanisme, de l\u2019Habitat et de la Politique de la Ville \u00e0 Marrakech, en coordination avec la pr\u00e9fecture de la province de Chichaoua, cette rencontre a \u00e9t\u00e9 l\u2019occasion d\u2019examiner l\u2019\u00e9laboration d\u2019une vision holistique, prospective et coh\u00e9rente pour le d\u00e9veloppement des centres ruraux \u00e9mergents s\u00e9lectionn\u00e9s (Sidi El Mokhtar), sur la base de leurs potentialit\u00e9s et leurs sp\u00e9cificit\u00e9s territoriales et ce, \u00e0 travers la pr\u00e9paration de projets territoriaux int\u00e9gr\u00e9s.<\/p>\n<p>A cette occasion, le secr\u00e9taire g\u00e9n\u00e9ral de la pr\u00e9fecture a pass\u00e9 en revue le contexte g\u00e9n\u00e9ral de ces ateliers r\u00e9gionaux et participatifs, alors que l\u2019inspecteur r\u00e9gional de l\u2019am\u00e9nagement du territoire et de l\u2019urbanisme \u00e0 Marrakech a soulign\u00e9 l\u2019importance de ce programme dans l\u2019encadrement et le d\u00e9veloppement du monde rural, ainsi que ses objectifs et les r\u00e9sultats escompt\u00e9s.<\/p>\n<p>Par la suite, le bureau d\u2019\u00e9tudes a pr\u00e9sent\u00e9 un expos\u00e9 exhaustif sur les axes et la m\u00e9thodologie de mise en \u0153uvre des plans d\u2019action pour le d\u00e9veloppement des centres \u00e9mergents, en g\u00e9n\u00e9ral, et de celui de Sidi El Mokhtar, en particulier.<\/p>\n<p>Cet atelier, qui a r\u00e9uni les repr\u00e9sentants de plusieurs d\u00e9partements et \u00e9tablissements concern\u00e9s, du conseil de la r\u00e9gion, du conseil provincial et du conseil communal de Sidi El Mokhtar, a \u00e9t\u00e9 l\u2019occasion d\u2019engager le d\u00e9bat autour des sp\u00e9cificit\u00e9s et des questions essentielles inh\u00e9rentes \u00e0 ce centre, en particulier, et \u00e0 la r\u00e9gion en g\u00e9n\u00e9ral, et d\u2019\u00e9changer les id\u00e9es et expertises pour l\u2019\u00e9laboration d\u2019une vision strat\u00e9gique de d\u00e9veloppement int\u00e9gr\u00e9 de Sidi El Mokhtar, en proposant des projets int\u00e9gr\u00e9s de d\u00e9veloppement.<\/p>\n<p>Cette rencontre s\u2019inscrit dans le cadre d\u2019une s\u00e9rie d\u2019ateliers de concertation, organis\u00e9s par l\u2019inspection r\u00e9gionale du minist\u00e8re de l\u2019Am\u00e9nagement du Territoire national, de l\u2019Urbanisme, de l\u2019Habitat et de la Politique de la Ville \u00e0 Marrakech, en coordination avec les services de la pr\u00e9fecture et des provinces de la r\u00e9gion, dans le cadre de l\u2019approche participative pr\u00f4n\u00e9e avec l\u2019ensemble des acteurs aux niveaux r\u00e9gional, provincial et local.<\/p>\n<\/div>\n<p>Auteur: Meriem IGASS<br \/>\n<a href=\"http:\/\/www.mapmarrakech.ma\/fr\/atelier-sur-le-developpement-integre-des-centres-ruraux-emergents\/\">Cliquez ici pour lire l&rsquo;article depuis sa source.<\/a><\/p>\n","protected":false},"excerpt":{"rendered":"<p>Chichaoua \u2013 Un atelier de concertation consacr\u00e9 aux pr\u00e9paratifs de la troisi\u00e8me phase du Programme national de d\u00e9veloppement int\u00e9gr\u00e9 des centres ruraux \u00e9mergents au niveau de la province de Chichaoua, notamment le centre de la commune de Sidi El Mokhtar, a \u00e9t\u00e9 organis\u00e9, mardi au si\u00e8ge de la pr\u00e9fecture. Initi\u00e9e par l\u2019inspection r\u00e9gionale du minist\u00e8re [&hellip;]<\/p>\n","protected":false},"author":1788,"featured_media":0,"comment_status":"closed","ping_status":"closed","sticky":false,"template":"","format":"standard","meta":{"fifu_image_url":"","fifu_image_alt":"","footnotes":""},"categories":[54,76],"tags":[],"class_list":["post-117478","post","type-post","status-publish","format-standard","hentry","category-maroc","category-regions"],"_links":{"self":[{"href":"https:\/\/linitiative.ca\/International\/wp-json\/wp\/v2\/posts\/117478","targetHints":{"allow":["GET"]}}],"collection":[{"href":"https:\/\/linitiative.ca\/International\/wp-json\/wp\/v2\/posts"}],"about":[{"href":"https:\/\/linitiative.ca\/International\/wp-json\/wp\/v2\/types\/post"}],"author":[{"embeddable":true,"href":"https:\/\/linitiative.ca\/International\/wp-json\/wp\/v2\/users\/1788"}],"replies":[{"embeddable":true,"href":"https:\/\/linitiative.ca\/International\/wp-json\/wp\/v2\/comments?post=117478"}],"version-history":[{"count":0,"href":"https:\/\/linitiative.ca\/International\/wp-json\/wp\/v2\/posts\/117478\/revisions"}],"wp:attachment":[{"href":"https:\/\/linitiative.ca\/International\/wp-json\/wp\/v2\/media?parent=117478"}],"wp:term":[{"taxonomy":"category","embeddable":true,"href":"https:\/\/linitiative.ca\/International\/wp-json\/wp\/v2\/categories?post=117478"},{"taxonomy":"post_tag","embeddable":true,"href":"https:\/\/linitiative.ca\/International\/wp-json\/wp\/v2\/tags?post=117478"}],"curies":[{"name":"wp","href":"https:\/\/api.w.org\/{rel}","templated":true}]}}