{"id":117480,"date":"2021-05-26T16:47:28","date_gmt":"2021-05-26T20:47:28","guid":{"rendered":"https:\/\/linitiative.ca\/International\/la-chambre-des-representants-adopte-a-la-majorite-le-projet-de-loi-relatif-a-lusage-licite-du-cannabis\/"},"modified":"2021-05-26T16:47:28","modified_gmt":"2021-05-26T20:47:28","slug":"la-chambre-des-representants-adopte-a-la-majorite-le-projet-de-loi-relatif-a-lusage-licite-du-cannabis","status":"publish","type":"post","link":"https:\/\/linitiative.ca\/International\/la-chambre-des-representants-adopte-a-la-majorite-le-projet-de-loi-relatif-a-lusage-licite-du-cannabis\/","title":{"rendered":"La Chambre des repr\u00e9sentants adopte \u00e0 la majorit\u00e9 le projet de loi relatif \u00e0 l\u2019usage licite du cannabis"},"content":{"rendered":"<p class=\"c4\">La Chambre des repr\u00e9sentants a adopt\u00e9, mercredi \u00e0 la majorit\u00e9, lors d\u2019une s\u00e9ance pl\u00e9ni\u00e8re, le projet de loi N\u00b013-21 relatif \u00e0 l\u2019usage licite du cannabis.<\/p>\n<p class=\"c4\">Le projet de loi, qui vise l\u2019am\u00e9lioration du revenu des agriculteurs et la cr\u00e9ation d\u2019opportunit\u00e9s d\u2019emploi prometteuses et fixes, a \u00e9t\u00e9 adopt\u00e9 par 119 voix contre 48 lors de cette s\u00e9ance pr\u00e9sid\u00e9e par M. Habib El Malki, pr\u00e9sident de la Chambre.<\/p>\n<p class=\"c4\">S\u2019exprimant \u00e0 cette occasion, le ministre de l\u2019Int\u00e9rieur, M. Abdelouafi Laftit a indiqu\u00e9 que ce texte de loi intervient en phase avec les mutations qu\u2019a connues le syst\u00e8me mondial de contr\u00f4le des stup\u00e9fiants et dans un contexte sp\u00e9cial marqu\u00e9 par un engouement \u00ab\u00a0sans pr\u00e9c\u00e9dent\u00a0\u00bb des pays du monde pour d\u00e9velopper la culture du cannabis et tirer profit des revenus issus de la commercialisation de ses produits licites.<\/p>\n<p class=\"c4\">M. Laftit a soulign\u00e9 que les \u00e9tudes exhaustives men\u00e9es par le minist\u00e8re ont d\u00e9montr\u00e9 que le Maroc dispose de grandes potentialit\u00e9s \u00e0 m\u00eame d\u2019attirer d\u2019importants investissements pour l\u2019industrialisation du cannabis et l\u2019acc\u00e8s aux march\u00e9s mondiaux de ces produits.<\/p>\n<p class=\"c4\">Il a, en outre, mis en avant les atouts comp\u00e9titifs du Maroc \u00e0 savoir la grande connaissance de cette plante cumul\u00e9e au fil des si\u00e8cles, ce qui qualifie les agriculteurs marocains \u00e0 garantir la r\u00e9ussite de ce chantier, ajoutant que le positionnement g\u00e9ographique du Royaume aux portes de l\u2019Europe facilitera sans nul doute l\u2019acc\u00e8s au plus grand march\u00e9 des produits du cannabis.<\/p>\n<p class=\"c4\">Il s\u2019agit \u00e9galement des \u00e9quipements logistiques dont dispose le Royaume sans oublier l\u2019attractivit\u00e9 de l\u2019investissement en g\u00e9n\u00e9ral et des investissements \u00e9trangers en particulier, a-t-il dit.<\/p>\n<p class=\"c4\">Ce projet de loi vient inaugurer une nouvelle phase en mati\u00e8re de gestion du cannabis fond\u00e9e sur le d\u00e9veloppement durable, la promotion de la situation des agriculteurs et la garantie d\u2019une exploitation s\u00fbre des activit\u00e9s relatives \u00e0 la production et \u00e0 la mise en valeur de la plante de cannabis, ainsi que combler le vide juridique qui entrave la concr\u00e9tisation de cette approche, a expliqu\u00e9 le ministre, affirmant que le projet consid\u00e8re l\u2019agriculteur en tant que pierre angulaire de ce chantier en lui permettant d\u2019avoir une autorisation d\u00e9livr\u00e9e par l\u2019Agence nationale de r\u00e9glementation des activit\u00e9s relatives au chanvre indien, cr\u00e9\u00e9e en vertu de ce texte de loi.<\/p>\n<p class=\"c4\">En appui aux efforts de n\u00e9gociations des agricultures avec les industriels, le projet de loi pr\u00e9conise le regroupement des agriculteurs sous forme de coop\u00e9ratives qui seront en charge de signer les contrats avec les industriels et de veiller \u00e0 la pr\u00e9servation des droits des agriculteurs, a soulign\u00e9 M. Laftit, ajoutant que l\u2019Agence se chargera \u00e9galement du soutien des agriculteurs et leur permettra de se doter des meilleures m\u00e9thodes pour une agriculture durable et de s\u2019ouvrir aux exp\u00e9riences mondiales dans ce domaine, en plus de l\u2019acquisition de semences de qualit\u00e9 sup\u00e9rieure.<\/p>\n<p class=\"c4\">Et de conclure que le projet de loi a adopt\u00e9 l\u2019approche genre en chargeant l\u2019Agence nationale de r\u00e9glementation des activit\u00e9s relatives au chanvre indien d\u2019am\u00e9liorer les conditions de la femme rurale dans ces r\u00e9gions.<\/p>\n<p>Auteur: Soufiane ELAHMAR<br \/>\n<a href=\"http:\/\/www.mapoujda.ma\/fr\/la-chambre-des-representants-adopte-a-la-majorite-le-projet-de-loi-relatif-a-lusage-licite-du-cannabis\/\">Cliquez ici pour lire l&rsquo;article depuis sa source.<\/a><\/p>\n","protected":false},"excerpt":{"rendered":"<p>La Chambre des repr\u00e9sentants a adopt\u00e9, mercredi \u00e0 la majorit\u00e9, lors d\u2019une s\u00e9ance pl\u00e9ni\u00e8re, le projet de loi N\u00b013-21 relatif \u00e0 l\u2019usage licite du cannabis. Le projet de loi, qui vise l\u2019am\u00e9lioration du revenu des agriculteurs et la cr\u00e9ation d\u2019opportunit\u00e9s d\u2019emploi prometteuses et fixes, a \u00e9t\u00e9 adopt\u00e9 par 119 voix contre 48 lors de cette [&hellip;]<\/p>\n","protected":false},"author":1788,"featured_media":0,"comment_status":"closed","ping_status":"closed","sticky":false,"template":"","format":"standard","meta":{"fifu_image_url":"","fifu_image_alt":"","footnotes":""},"categories":[54,76],"tags":[],"class_list":["post-117480","post","type-post","status-publish","format-standard","hentry","category-maroc","category-regions"],"_links":{"self":[{"href":"https:\/\/linitiative.ca\/International\/wp-json\/wp\/v2\/posts\/117480","targetHints":{"allow":["GET"]}}],"collection":[{"href":"https:\/\/linitiative.ca\/International\/wp-json\/wp\/v2\/posts"}],"about":[{"href":"https:\/\/linitiative.ca\/International\/wp-json\/wp\/v2\/types\/post"}],"author":[{"embeddable":true,"href":"https:\/\/linitiative.ca\/International\/wp-json\/wp\/v2\/users\/1788"}],"replies":[{"embeddable":true,"href":"https:\/\/linitiative.ca\/International\/wp-json\/wp\/v2\/comments?post=117480"}],"version-history":[{"count":0,"href":"https:\/\/linitiative.ca\/International\/wp-json\/wp\/v2\/posts\/117480\/revisions"}],"wp:attachment":[{"href":"https:\/\/linitiative.ca\/International\/wp-json\/wp\/v2\/media?parent=117480"}],"wp:term":[{"taxonomy":"category","embeddable":true,"href":"https:\/\/linitiative.ca\/International\/wp-json\/wp\/v2\/categories?post=117480"},{"taxonomy":"post_tag","embeddable":true,"href":"https:\/\/linitiative.ca\/International\/wp-json\/wp\/v2\/tags?post=117480"}],"curies":[{"name":"wp","href":"https:\/\/api.w.org\/{rel}","templated":true}]}}