{"id":117484,"date":"2021-05-27T10:53:07","date_gmt":"2021-05-27T14:53:07","guid":{"rendered":"https:\/\/linitiative.ca\/International\/social-le-rotary-international-tient-sa-37eme-conference\/"},"modified":"2021-05-27T10:53:07","modified_gmt":"2021-05-27T14:53:07","slug":"social-le-rotary-international-tient-sa-37eme-conference","status":"publish","type":"post","link":"https:\/\/linitiative.ca\/International\/social-le-rotary-international-tient-sa-37eme-conference\/","title":{"rendered":"Social : Le Rotary International tient sa 37\u00e8me conf\u00e9rence"},"content":{"rendered":"<p class=\"rtejustify\">Le Rotary International tient jusqu\u2019au 29 mai la 37\u00e8me conf\u00e9rence de son district 9010, regroupant le Maroc, l\u2019Alg\u00e9rie, la Mauritanie ainsi que la Tunisie.<\/p>\n<p class=\"rtejustify\">La rencontre, organis\u00e9e int\u00e9gralement en format hybride et qui sera marqu\u00e9e par la pr\u00e9sence en tant qu\u2019invit\u00e9 d\u2019honneur du PRID Vice-Pr\u00e9sident du Rotary International Yinka Babalola, sera l\u2019occasion pour ses membres et le public de cl\u00f4turer l\u2019ann\u00e9e Rotarienne en revenant sur ses principales r\u00e9alisations sociales et sur les prochaines actions de l\u2019organisme recouvrant les th\u00e9matiques strat\u00e9giques du d\u00e9veloppement local, de la sant\u00e9 de l\u2019enfant ou encore de la pr\u00e9vention m\u00e9dicale.<\/p>\n<p class=\"rtejustify\">L\u2019\u00e9v\u00e8nement inclura \u00e9galement une activit\u00e9 de ramassage d\u2019ordures t\u00e9moignant de l\u2019engagement \u00e9cologique de la structure.<\/p>\n<p class=\"rtejustify\"><em>K.A.<\/em><\/p>\n<p class=\"rtejustify\">\u00a0<\/p>\n<p>Auteur: mbasraoui<br \/>\n<a href=\"https:\/\/www.leconomiste.com\/flash-infos\/social-le-rotary-international-tient-sa-37eme-conference\">Cliquez ici pour lire l&rsquo;article depuis sa source.<\/a><\/p>\n","protected":false},"excerpt":{"rendered":"<p>Le Rotary International tient jusqu\u2019au 29 mai la 37\u00e8me conf\u00e9rence de son district 9010, regroupant le Maroc, l\u2019Alg\u00e9rie, la Mauritanie ainsi que la Tunisie. La rencontre, organis\u00e9e int\u00e9gralement en format hybride et qui sera marqu\u00e9e par la pr\u00e9sence en tant qu\u2019invit\u00e9 d\u2019honneur du PRID Vice-Pr\u00e9sident du Rotary International Yinka Babalola, sera l\u2019occasion pour ses membres [&hellip;]<\/p>\n","protected":false},"author":1763,"featured_media":0,"comment_status":"closed","ping_status":"closed","sticky":false,"template":"","format":"standard","meta":{"fifu_image_url":"","fifu_image_alt":"","footnotes":""},"categories":[78,54],"tags":[],"class_list":["post-117484","post","type-post","status-publish","format-standard","hentry","category-economie","category-maroc"],"_links":{"self":[{"href":"https:\/\/linitiative.ca\/International\/wp-json\/wp\/v2\/posts\/117484","targetHints":{"allow":["GET"]}}],"collection":[{"href":"https:\/\/linitiative.ca\/International\/wp-json\/wp\/v2\/posts"}],"about":[{"href":"https:\/\/linitiative.ca\/International\/wp-json\/wp\/v2\/types\/post"}],"author":[{"embeddable":true,"href":"https:\/\/linitiative.ca\/International\/wp-json\/wp\/v2\/users\/1763"}],"replies":[{"embeddable":true,"href":"https:\/\/linitiative.ca\/International\/wp-json\/wp\/v2\/comments?post=117484"}],"version-history":[{"count":0,"href":"https:\/\/linitiative.ca\/International\/wp-json\/wp\/v2\/posts\/117484\/revisions"}],"wp:attachment":[{"href":"https:\/\/linitiative.ca\/International\/wp-json\/wp\/v2\/media?parent=117484"}],"wp:term":[{"taxonomy":"category","embeddable":true,"href":"https:\/\/linitiative.ca\/International\/wp-json\/wp\/v2\/categories?post=117484"},{"taxonomy":"post_tag","embeddable":true,"href":"https:\/\/linitiative.ca\/International\/wp-json\/wp\/v2\/tags?post=117484"}],"curies":[{"name":"wp","href":"https:\/\/api.w.org\/{rel}","templated":true}]}}