{"id":117485,"date":"2021-05-27T10:59:52","date_gmt":"2021-05-27T14:59:52","guid":{"rendered":"https:\/\/linitiative.ca\/International\/bon-cru-pour-auto-hall\/"},"modified":"2021-05-27T10:59:52","modified_gmt":"2021-05-27T14:59:52","slug":"bon-cru-pour-auto-hall","status":"publish","type":"post","link":"https:\/\/linitiative.ca\/International\/bon-cru-pour-auto-hall\/","title":{"rendered":"Bon cru pour Auto Hall"},"content":{"rendered":"<p class=\"rtejustify\">Le march\u00e9 automobile reprend doucement et certains indicateurs le confirment. Le chiffre d&rsquo;affaires consolid\u00e9 du Groupe Auto Hall a connu une hausse de 66% \u00e0 fin mars dernier, \u00e0 1,28 milliard de DH, indique le groupe.<\/p>\n<p class=\"rtejustify\">Compar\u00e9 \u00e0 2019, la hausse s\u2019\u00e9tablit \u00e0 26%, souligne le Groupe qui a d\u00e9voil\u00e9 ses indicateurs trimestriels. \u00ab\u00a0Le march\u00e9 automobile VP\/VUL, affect\u00e9 par l&rsquo;arriv\u00e9e de la pand\u00e9mie Covid-19 en mars 2020, a affich\u00e9 un retour \u00e0 la croissance avec une hausse au premier trimestre 2021 de 9% par rapport \u00e0 T1-2019 et de 37% par rapport \u00e0 T1-2020\u00a0\u00bb, explique le Groupe.<\/p>\n<p class=\"rtejustify\">L&rsquo;activit\u00e9 distributeurs de mat\u00e9riels roulants a \u00e9t\u00e9 marqu\u00e9e par une bonne performance commerciale traduite par une am\u00e9lioration de la part de march\u00e9 VP\/VUL de 2,5 points \u00e0 13,8%, se r\u00e9jouit la soci\u00e9t\u00e9.<\/p>\n<p class=\"rtejustify\">\u00a0<\/p>\n<p>Auteur: mbasraoui<br \/>\n<a href=\"https:\/\/www.leconomiste.com\/flash-infos\/bon-cru-pour-auto-hall\">Cliquez ici pour lire l&rsquo;article depuis sa source.<\/a><\/p>\n","protected":false},"excerpt":{"rendered":"<p>Le march\u00e9 automobile reprend doucement et certains indicateurs le confirment. Le chiffre d&rsquo;affaires consolid\u00e9 du Groupe Auto Hall a connu une hausse de 66% \u00e0 fin mars dernier, \u00e0 1,28 milliard de DH, indique le groupe. Compar\u00e9 \u00e0 2019, la hausse s\u2019\u00e9tablit \u00e0 26%, souligne le Groupe qui a d\u00e9voil\u00e9 ses indicateurs trimestriels. \u00ab\u00a0Le march\u00e9 [&hellip;]<\/p>\n","protected":false},"author":1763,"featured_media":0,"comment_status":"closed","ping_status":"closed","sticky":false,"template":"","format":"standard","meta":{"fifu_image_url":"","fifu_image_alt":"","footnotes":""},"categories":[78,54],"tags":[],"class_list":["post-117485","post","type-post","status-publish","format-standard","hentry","category-economie","category-maroc"],"_links":{"self":[{"href":"https:\/\/linitiative.ca\/International\/wp-json\/wp\/v2\/posts\/117485","targetHints":{"allow":["GET"]}}],"collection":[{"href":"https:\/\/linitiative.ca\/International\/wp-json\/wp\/v2\/posts"}],"about":[{"href":"https:\/\/linitiative.ca\/International\/wp-json\/wp\/v2\/types\/post"}],"author":[{"embeddable":true,"href":"https:\/\/linitiative.ca\/International\/wp-json\/wp\/v2\/users\/1763"}],"replies":[{"embeddable":true,"href":"https:\/\/linitiative.ca\/International\/wp-json\/wp\/v2\/comments?post=117485"}],"version-history":[{"count":0,"href":"https:\/\/linitiative.ca\/International\/wp-json\/wp\/v2\/posts\/117485\/revisions"}],"wp:attachment":[{"href":"https:\/\/linitiative.ca\/International\/wp-json\/wp\/v2\/media?parent=117485"}],"wp:term":[{"taxonomy":"category","embeddable":true,"href":"https:\/\/linitiative.ca\/International\/wp-json\/wp\/v2\/categories?post=117485"},{"taxonomy":"post_tag","embeddable":true,"href":"https:\/\/linitiative.ca\/International\/wp-json\/wp\/v2\/tags?post=117485"}],"curies":[{"name":"wp","href":"https:\/\/api.w.org\/{rel}","templated":true}]}}