{"id":117488,"date":"2021-05-27T13:11:59","date_gmt":"2021-05-27T17:11:59","guid":{"rendered":"https:\/\/linitiative.ca\/International\/un-demi-million-de-candidats-pour-le-bac\/"},"modified":"2021-05-27T13:11:59","modified_gmt":"2021-05-27T17:11:59","slug":"un-demi-million-de-candidats-pour-le-bac","status":"publish","type":"post","link":"https:\/\/linitiative.ca\/International\/un-demi-million-de-candidats-pour-le-bac\/","title":{"rendered":"Un demi-million de candidats pour le bac"},"content":{"rendered":"<p class=\"rtejustify\">Pour la session ordinaire 2021 de l&rsquo;examen national du baccalaur\u00e9at, pr\u00e9vue du 8 au 12 juin prochain, 518.430 candidats sont attendus, contre 441.238 un an plus t\u00f4t, soit une augmentation de 17,5%. Un peu plus du tiers (35%) sont des candidats libres. Quelque 58% rel\u00e8vent de fili\u00e8res scientifiques, techniques et professionnelles (71% parmi les candidats scolaris\u00e9s), soit 301.038.<\/p>\n<p class=\"rtejustify\">Le parcours international du bac continue de cartonner. Par rapport \u00e0 l\u2019\u00e9dition 2020, le nombre de candidats de ce parcours a plus que doubl\u00e9 (+116,8%) pour atteindre 94.950, contre 43.781 l\u2019an dernier. En revanche, les fili\u00e8res du bac pro comptent moins de participants cette ann\u00e9e, avec une baisse de 26% \u00e0 6.483 candidats.<\/p>\n<p class=\"rtejustify\">Les r\u00e9sultats de la session ordinaire seront livr\u00e9s le 20 juin. Ceux de la session de rattrapage, programm\u00e9e du 5 au 8 juillet, seront d\u00e9voil\u00e9s le 11 juillet.<\/p>\n<p class=\"rtejustify\"><em><strong>A.Na<\/strong><\/em><\/p>\n<p>Auteur: anazih<br \/>\n<a href=\"https:\/\/www.leconomiste.com\/flash-infos\/un-demi-million-de-candidats-pour-le-bac\">Cliquez ici pour lire l&rsquo;article depuis sa source.<\/a><\/p>\n","protected":false},"excerpt":{"rendered":"<p>Pour la session ordinaire 2021 de l&rsquo;examen national du baccalaur\u00e9at, pr\u00e9vue du 8 au 12 juin prochain, 518.430 candidats sont attendus, contre 441.238 un an plus t\u00f4t, soit une augmentation de 17,5%. Un peu plus du tiers (35%) sont des candidats libres. Quelque 58% rel\u00e8vent de fili\u00e8res scientifiques, techniques et professionnelles (71% parmi les candidats [&hellip;]<\/p>\n","protected":false},"author":1763,"featured_media":0,"comment_status":"closed","ping_status":"closed","sticky":false,"template":"","format":"standard","meta":{"fifu_image_url":"","fifu_image_alt":"","footnotes":""},"categories":[78,54],"tags":[],"class_list":["post-117488","post","type-post","status-publish","format-standard","hentry","category-economie","category-maroc"],"_links":{"self":[{"href":"https:\/\/linitiative.ca\/International\/wp-json\/wp\/v2\/posts\/117488","targetHints":{"allow":["GET"]}}],"collection":[{"href":"https:\/\/linitiative.ca\/International\/wp-json\/wp\/v2\/posts"}],"about":[{"href":"https:\/\/linitiative.ca\/International\/wp-json\/wp\/v2\/types\/post"}],"author":[{"embeddable":true,"href":"https:\/\/linitiative.ca\/International\/wp-json\/wp\/v2\/users\/1763"}],"replies":[{"embeddable":true,"href":"https:\/\/linitiative.ca\/International\/wp-json\/wp\/v2\/comments?post=117488"}],"version-history":[{"count":0,"href":"https:\/\/linitiative.ca\/International\/wp-json\/wp\/v2\/posts\/117488\/revisions"}],"wp:attachment":[{"href":"https:\/\/linitiative.ca\/International\/wp-json\/wp\/v2\/media?parent=117488"}],"wp:term":[{"taxonomy":"category","embeddable":true,"href":"https:\/\/linitiative.ca\/International\/wp-json\/wp\/v2\/categories?post=117488"},{"taxonomy":"post_tag","embeddable":true,"href":"https:\/\/linitiative.ca\/International\/wp-json\/wp\/v2\/tags?post=117488"}],"curies":[{"name":"wp","href":"https:\/\/api.w.org\/{rel}","templated":true}]}}