{"id":117489,"date":"2021-05-27T15:15:00","date_gmt":"2021-05-27T19:15:00","guid":{"rendered":"https:\/\/linitiative.ca\/International\/international-real-zidane-aurait-pris-la-decision-de-sen-aller\/"},"modified":"2021-05-27T15:15:00","modified_gmt":"2021-05-27T19:15:00","slug":"international-real-zidane-aurait-pris-la-decision-de-sen-aller","status":"publish","type":"post","link":"https:\/\/linitiative.ca\/International\/international-real-zidane-aurait-pris-la-decision-de-sen-aller\/","title":{"rendered":"International : Real : Zidane aurait pris la d\u00e9cision de s&rsquo;en aller"},"content":{"rendered":"<div readability=\"32\">\n<p>Auteur : <span class=\"time\">jeudi 27 mai 2021 05:29<\/span><\/p>\n<\/div>\n<div id=\"post_core\" readability=\"48\">\n<p>Le journaliste italien sp\u00e9cialis\u00e9 mercato de Sky Italia l&rsquo;annonce sans d\u00e9tour sur son compte twitter \u00e0 2,7 millions d&rsquo;abonn\u00e9s : Zinedine Zidane a d\u00e9cid\u00e9 de quitter le Real Madrid avec effet imm\u00e9diat. Si la nouvelle ne devrait pas surprendre les fans de la Casa Blanca qui se pr\u00e9paraient au pire depuis quelques semaines malgr\u00e9 les d\u00e9clarations floues du technicien fran\u00e7ais, elle n&rsquo;a pas encore \u00e9t\u00e9 reprise en Espagne comme l&rsquo;indique Footmercato.<\/p>\n<p>Il faudra attendre encore quelques heures pour conna\u00eetre avec pr\u00e9cision la d\u00e9cision finale du triple vainqueur de la Ligue des Champions en tant qu&rsquo;entra\u00eeneur du Real Madrid (2016, 2017, 2018). Si tel est le cas, il s&rsquo;agira d&rsquo;un terrible coup dur pour le club Merengue qui pourrait bien placer sur le banc de touche une autre ancienne gloire du club, \u00e0 savoir Raul.<\/p>\n<p><strong>Publi\u00e9 dans :<\/strong> <span>real madrid<\/span><\/p>\n<\/div>\n<p>Auteur:<br \/>\n<a href=\"http:\/\/www.lebuteur.com\/article\/detail?titre=real-zidane-aurait-pris-la-decision-de-sen-aller&#038;id=100196&#038;utm_source=feedburner&#038;utm_medium=feed&#038;utm_campaign=Feed%3A+GalerieFArtciles+%28Les+derniers+articles++-+lebuteur.com%29\">Cliquez ici pour lire l&rsquo;article depuis sa source.<\/a><\/p>\n","protected":false},"excerpt":{"rendered":"<p>Auteur : jeudi 27 mai 2021 05:29 Le journaliste italien sp\u00e9cialis\u00e9 mercato de Sky Italia l&rsquo;annonce sans d\u00e9tour sur son compte twitter \u00e0 2,7 millions d&rsquo;abonn\u00e9s : Zinedine Zidane a d\u00e9cid\u00e9 de quitter le Real Madrid avec effet imm\u00e9diat. Si la nouvelle ne devrait pas surprendre les fans de la Casa Blanca qui se pr\u00e9paraient [&hellip;]<\/p>\n","protected":false},"author":1738,"featured_media":0,"comment_status":"closed","ping_status":"closed","sticky":false,"template":"","format":"standard","meta":{"fifu_image_url":"\/\/cdn.lebuteur.com\/data\/images\/article\/thumbs\/large-real-zidane-aurait-pris-la-decision-de-sen-aller-9ee36.jpg","fifu_image_alt":"International : Real : Zidane aurait pris la d\u00e9cision de s'en aller","footnotes":""},"categories":[53,75],"tags":[],"class_list":["post-117489","post","type-post","status-publish","format-standard","hentry","category-algerie","category-sport"],"_links":{"self":[{"href":"https:\/\/linitiative.ca\/International\/wp-json\/wp\/v2\/posts\/117489","targetHints":{"allow":["GET"]}}],"collection":[{"href":"https:\/\/linitiative.ca\/International\/wp-json\/wp\/v2\/posts"}],"about":[{"href":"https:\/\/linitiative.ca\/International\/wp-json\/wp\/v2\/types\/post"}],"author":[{"embeddable":true,"href":"https:\/\/linitiative.ca\/International\/wp-json\/wp\/v2\/users\/1738"}],"replies":[{"embeddable":true,"href":"https:\/\/linitiative.ca\/International\/wp-json\/wp\/v2\/comments?post=117489"}],"version-history":[{"count":0,"href":"https:\/\/linitiative.ca\/International\/wp-json\/wp\/v2\/posts\/117489\/revisions"}],"wp:attachment":[{"href":"https:\/\/linitiative.ca\/International\/wp-json\/wp\/v2\/media?parent=117489"}],"wp:term":[{"taxonomy":"category","embeddable":true,"href":"https:\/\/linitiative.ca\/International\/wp-json\/wp\/v2\/categories?post=117489"},{"taxonomy":"post_tag","embeddable":true,"href":"https:\/\/linitiative.ca\/International\/wp-json\/wp\/v2\/tags?post=117489"}],"curies":[{"name":"wp","href":"https:\/\/api.w.org\/{rel}","templated":true}]}}