{"id":117490,"date":"2021-05-27T15:15:02","date_gmt":"2021-05-27T19:15:02","guid":{"rendered":"https:\/\/linitiative.ca\/International\/equipe-dalgerie-un-troisieme-joueur-de-logc-nice-convoque-par-belmadi\/"},"modified":"2021-05-27T15:15:02","modified_gmt":"2021-05-27T19:15:02","slug":"equipe-dalgerie-un-troisieme-joueur-de-logc-nice-convoque-par-belmadi","status":"publish","type":"post","link":"https:\/\/linitiative.ca\/International\/equipe-dalgerie-un-troisieme-joueur-de-logc-nice-convoque-par-belmadi\/","title":{"rendered":"Equipe d&rsquo;Alg\u00e9rie : Un troisi\u00e8me joueur de l&rsquo;OGC Nice convoqu\u00e9 par Belmadi"},"content":{"rendered":"<div readability=\"32\">\n<p>Auteur : <span class=\"time\">jeudi 27 mai 2021 06:12<\/span><\/p>\n<\/div>\n<div id=\"post_core\" readability=\"47\">\n<p>\u00c2g\u00e9 de 19 ans, Boulhendi est le troisi\u00e8me gardien de l\u2019OGC Nice. Il avait d\u00e9j\u00e0 \u00e9t\u00e9 appel\u00e9 pour disputer le tournoi de l\u2019UNAF aves la cat\u00e9gorie des moins de 20 ans de la s\u00e9lection alg\u00e9rienne.<\/p>\n<p>Cette fois, pour la premi\u00e8re fois de sa carri\u00e8re, Djamel Belmadi l\u2019a convoqu\u00e9 en \u00e9quipe premi\u00e8re comme l&rsquo;indique Onzemondial.<\/p>\n<p>Les deux champions d\u2019Afrique, Youcef Atal et Hicham Boudaoui seront \u00e9galement du voyage en Alg\u00e9rie. Au total, trois joueurs \u00e9voluant \u00e0 Nice ont \u00e9t\u00e9 choisi par le s\u00e9lectionneur pour affronter la Mauritanie (3 juin), le Mali (6 juin) et la Tunisie (11 juin).\u00a0<\/p>\n<p><strong>Publi\u00e9 dans :<\/strong> <span>algerie<\/span><\/p>\n<\/div>\n<p>Auteur:<br \/>\n<a href=\"http:\/\/www.lebuteur.com\/article\/detail?titre=un-troisieme-joueur-de-logc-nice-convoque-par-belmadi&#038;id=100197&#038;utm_source=feedburner&#038;utm_medium=feed&#038;utm_campaign=Feed%3A+GalerieFArtciles+%28Les+derniers+articles++-+lebuteur.com%29\">Cliquez ici pour lire l&rsquo;article depuis sa source.<\/a><\/p>\n","protected":false},"excerpt":{"rendered":"<p>Auteur : jeudi 27 mai 2021 06:12 \u00c2g\u00e9 de 19 ans, Boulhendi est le troisi\u00e8me gardien de l\u2019OGC Nice. Il avait d\u00e9j\u00e0 \u00e9t\u00e9 appel\u00e9 pour disputer le tournoi de l\u2019UNAF aves la cat\u00e9gorie des moins de 20 ans de la s\u00e9lection alg\u00e9rienne. Cette fois, pour la premi\u00e8re fois de sa carri\u00e8re, Djamel Belmadi l\u2019a convoqu\u00e9 [&hellip;]<\/p>\n","protected":false},"author":1738,"featured_media":0,"comment_status":"closed","ping_status":"closed","sticky":false,"template":"","format":"standard","meta":{"fifu_image_url":"\/\/cdn.lebuteur.com\/data\/images\/article\/thumbs\/large-un-troisieme-joueur-de-logc-nice-convoque-par-belmadi-f8559.jpg","fifu_image_alt":"Equipe d'Alg\u00e9rie : Un troisi\u00e8me joueur de l'OGC Nice convoqu\u00e9 par Belmadi","footnotes":""},"categories":[53,75],"tags":[],"class_list":["post-117490","post","type-post","status-publish","format-standard","hentry","category-algerie","category-sport"],"_links":{"self":[{"href":"https:\/\/linitiative.ca\/International\/wp-json\/wp\/v2\/posts\/117490","targetHints":{"allow":["GET"]}}],"collection":[{"href":"https:\/\/linitiative.ca\/International\/wp-json\/wp\/v2\/posts"}],"about":[{"href":"https:\/\/linitiative.ca\/International\/wp-json\/wp\/v2\/types\/post"}],"author":[{"embeddable":true,"href":"https:\/\/linitiative.ca\/International\/wp-json\/wp\/v2\/users\/1738"}],"replies":[{"embeddable":true,"href":"https:\/\/linitiative.ca\/International\/wp-json\/wp\/v2\/comments?post=117490"}],"version-history":[{"count":0,"href":"https:\/\/linitiative.ca\/International\/wp-json\/wp\/v2\/posts\/117490\/revisions"}],"wp:attachment":[{"href":"https:\/\/linitiative.ca\/International\/wp-json\/wp\/v2\/media?parent=117490"}],"wp:term":[{"taxonomy":"category","embeddable":true,"href":"https:\/\/linitiative.ca\/International\/wp-json\/wp\/v2\/categories?post=117490"},{"taxonomy":"post_tag","embeddable":true,"href":"https:\/\/linitiative.ca\/International\/wp-json\/wp\/v2\/tags?post=117490"}],"curies":[{"name":"wp","href":"https:\/\/api.w.org\/{rel}","templated":true}]}}