{"id":117491,"date":"2021-05-27T15:15:04","date_gmt":"2021-05-27T19:15:04","guid":{"rendered":"https:\/\/linitiative.ca\/International\/international-real-madrid-depart-acte-pour-zidane-officiel\/"},"modified":"2021-05-27T15:15:04","modified_gmt":"2021-05-27T19:15:04","slug":"international-real-madrid-depart-acte-pour-zidane-officiel","status":"publish","type":"post","link":"https:\/\/linitiative.ca\/International\/international-real-madrid-depart-acte-pour-zidane-officiel\/","title":{"rendered":"International : Real Madrid: d\u00e9part act\u00e9 pour Zidane (officiel)"},"content":{"rendered":"<div readability=\"32\">\n<p>Auteur : <span class=\"time\">jeudi 27 mai 2021 12:10<\/span><\/p>\n<\/div>\n<div id=\"post_core\" readability=\"42\">\n<p>Comme attendu, l&rsquo;entra\u00eeneur Zin\u00e9dine Zidane quitte bien le Real Madrid. Malgr\u00e9 un contrat jusqu&rsquo;en juin 2022, le technicien fran\u00e7ais, lass\u00e9 par certaines critiques lors de cette saison, a d\u00e9cid\u00e9 de mettre un terme \u00e0 sa collaboration avec les Merengue. La nouvelle a \u00e9t\u00e9 officialis\u00e9e ce jeudi dans un communiqu\u00e9 par le r\u00e9cent vice-champion d&rsquo;Espagne: \u00ab\u00a0Le Real Madrid CF annonce que Zinedine Zidane a d\u00e9cid\u00e9 de mettre fin \u00e0 sa phase actuelle en tant qu&rsquo;entra\u00eeneur de notre club. Il est maintenant temps de respecter sa d\u00e9cision et de lui montrer notre appr\u00e9ciation pour son professionnalisme, son d\u00e9vouement et sa passion pendant toutes ces ann\u00e9es, et pour ce que sa silhouette repr\u00e9sente pour le Real Madrid. Zidane est l&rsquo;un des grands mythes du Real Madrid et sa l\u00e9gende va au-del\u00e0 de ce qu&rsquo;il a \u00e9t\u00e9 en tant qu&rsquo;entra\u00eeneur et joueur de notre club. Il sait qu&rsquo;il est au c\u0153ur du Real Madrid et que le Real Madrid est et sera toujours sa maison\u00a0\u00bb, peut-on lire comme rapport\u00e9 par Maxifoot.fr.<\/p>\n<p><strong>Publi\u00e9 dans :<\/strong> <span>Zidane<\/span><\/p>\n<\/div>\n<p>Auteur:<br \/>\n<a href=\"http:\/\/www.lebuteur.com\/article\/detail?titre=real-madrid-depart-acte-pour-zidane-officiel&#038;id=100198&#038;utm_source=feedburner&#038;utm_medium=feed&#038;utm_campaign=Feed%3A+GalerieFArtciles+%28Les+derniers+articles++-+lebuteur.com%29\">Cliquez ici pour lire l&rsquo;article depuis sa source.<\/a><\/p>\n","protected":false},"excerpt":{"rendered":"<p>Auteur : jeudi 27 mai 2021 12:10 Comme attendu, l&rsquo;entra\u00eeneur Zin\u00e9dine Zidane quitte bien le Real Madrid. Malgr\u00e9 un contrat jusqu&rsquo;en juin 2022, le technicien fran\u00e7ais, lass\u00e9 par certaines critiques lors de cette saison, a d\u00e9cid\u00e9 de mettre un terme \u00e0 sa collaboration avec les Merengue. La nouvelle a \u00e9t\u00e9 officialis\u00e9e ce jeudi dans un [&hellip;]<\/p>\n","protected":false},"author":1738,"featured_media":0,"comment_status":"closed","ping_status":"closed","sticky":false,"template":"","format":"standard","meta":{"fifu_image_url":"\/\/cdn.lebuteur.com\/data\/images\/article\/thumbs\/large-real-madrid-depart-acte-pour-zidane-officiel-dd7c4.jpg","fifu_image_alt":"International : Real Madrid: d\u00e9part act\u00e9 pour Zidane (officiel)","footnotes":""},"categories":[53,75],"tags":[],"class_list":["post-117491","post","type-post","status-publish","format-standard","hentry","category-algerie","category-sport"],"_links":{"self":[{"href":"https:\/\/linitiative.ca\/International\/wp-json\/wp\/v2\/posts\/117491","targetHints":{"allow":["GET"]}}],"collection":[{"href":"https:\/\/linitiative.ca\/International\/wp-json\/wp\/v2\/posts"}],"about":[{"href":"https:\/\/linitiative.ca\/International\/wp-json\/wp\/v2\/types\/post"}],"author":[{"embeddable":true,"href":"https:\/\/linitiative.ca\/International\/wp-json\/wp\/v2\/users\/1738"}],"replies":[{"embeddable":true,"href":"https:\/\/linitiative.ca\/International\/wp-json\/wp\/v2\/comments?post=117491"}],"version-history":[{"count":0,"href":"https:\/\/linitiative.ca\/International\/wp-json\/wp\/v2\/posts\/117491\/revisions"}],"wp:attachment":[{"href":"https:\/\/linitiative.ca\/International\/wp-json\/wp\/v2\/media?parent=117491"}],"wp:term":[{"taxonomy":"category","embeddable":true,"href":"https:\/\/linitiative.ca\/International\/wp-json\/wp\/v2\/categories?post=117491"},{"taxonomy":"post_tag","embeddable":true,"href":"https:\/\/linitiative.ca\/International\/wp-json\/wp\/v2\/tags?post=117491"}],"curies":[{"name":"wp","href":"https:\/\/api.w.org\/{rel}","templated":true}]}}