{"id":117492,"date":"2021-05-27T15:15:06","date_gmt":"2021-05-27T19:15:06","guid":{"rendered":"https:\/\/linitiative.ca\/International\/international-real-madrid-un-rebond-rapide-pour-zidane\/"},"modified":"2021-05-27T15:15:06","modified_gmt":"2021-05-27T19:15:06","slug":"international-real-madrid-un-rebond-rapide-pour-zidane","status":"publish","type":"post","link":"https:\/\/linitiative.ca\/International\/international-real-madrid-un-rebond-rapide-pour-zidane\/","title":{"rendered":"International : Real Madrid: un rebond rapide pour Zidane ?"},"content":{"rendered":"<div readability=\"32\">\n<p>Auteur : <span class=\"time\">jeudi 27 mai 2021 14:03<\/span><\/p>\n<\/div>\n<div id=\"post_core\" readability=\"42\">\n<p>Ce jeudi, le Real Madrid a officialis\u00e9 le d\u00e9part de l&rsquo;entra\u00eeneur Zin\u00e9dine Zidane, lass\u00e9 apr\u00e8s une saison \u00e9prouvante avec les Merengue. Et d\u00e9sormais une question commence \u00e0 se poser : quel avenir pour le technicien fran\u00e7ais ? Visiblement, le coach de 48 ans a l&rsquo;intention de conna\u00eetre un rebond rapide ! D&rsquo;apr\u00e8s les informations de la radio espagnole Cadena Cope, le champion du monde 1998 a annonc\u00e9 \u00e0 ses anciens joueurs, au moment de son d\u00e9part, qu&rsquo;il comptait retrouver un banc pour la saison prochaine. Avec les nombreux mouvements au sein des grands clubs europ\u00e9ens ces derni\u00e8res semaines, Zidane risque d&rsquo;\u00eatre un tacticien particuli\u00e8rement courtis\u00e9 lors de cet \u00e9t\u00e9 rapporte Maxifoot.fr.<\/p>\n<p><strong>Publi\u00e9 dans :<\/strong> <span>Zidane<\/span><\/p>\n<\/div>\n<p>Auteur:<br \/>\n<a href=\"http:\/\/www.lebuteur.com\/article\/detail?titre=real-madrid-un-rebond-rapide-pour-zidane&#038;id=100199&#038;utm_source=feedburner&#038;utm_medium=feed&#038;utm_campaign=Feed%3A+GalerieFArtciles+%28Les+derniers+articles++-+lebuteur.com%29\">Cliquez ici pour lire l&rsquo;article depuis sa source.<\/a><\/p>\n","protected":false},"excerpt":{"rendered":"<p>Auteur : jeudi 27 mai 2021 14:03 Ce jeudi, le Real Madrid a officialis\u00e9 le d\u00e9part de l&rsquo;entra\u00eeneur Zin\u00e9dine Zidane, lass\u00e9 apr\u00e8s une saison \u00e9prouvante avec les Merengue. Et d\u00e9sormais une question commence \u00e0 se poser : quel avenir pour le technicien fran\u00e7ais ? Visiblement, le coach de 48 ans a l&rsquo;intention de conna\u00eetre un [&hellip;]<\/p>\n","protected":false},"author":1738,"featured_media":0,"comment_status":"closed","ping_status":"closed","sticky":false,"template":"","format":"standard","meta":{"fifu_image_url":"\/\/cdn.lebuteur.com\/data\/images\/article\/thumbs\/large-real-madrid-un-rebond-rapide-pour-zidane-e63c5.jpg","fifu_image_alt":"International : Real Madrid: un rebond rapide pour Zidane ?","footnotes":""},"categories":[53,75],"tags":[],"class_list":["post-117492","post","type-post","status-publish","format-standard","hentry","category-algerie","category-sport"],"_links":{"self":[{"href":"https:\/\/linitiative.ca\/International\/wp-json\/wp\/v2\/posts\/117492","targetHints":{"allow":["GET"]}}],"collection":[{"href":"https:\/\/linitiative.ca\/International\/wp-json\/wp\/v2\/posts"}],"about":[{"href":"https:\/\/linitiative.ca\/International\/wp-json\/wp\/v2\/types\/post"}],"author":[{"embeddable":true,"href":"https:\/\/linitiative.ca\/International\/wp-json\/wp\/v2\/users\/1738"}],"replies":[{"embeddable":true,"href":"https:\/\/linitiative.ca\/International\/wp-json\/wp\/v2\/comments?post=117492"}],"version-history":[{"count":0,"href":"https:\/\/linitiative.ca\/International\/wp-json\/wp\/v2\/posts\/117492\/revisions"}],"wp:attachment":[{"href":"https:\/\/linitiative.ca\/International\/wp-json\/wp\/v2\/media?parent=117492"}],"wp:term":[{"taxonomy":"category","embeddable":true,"href":"https:\/\/linitiative.ca\/International\/wp-json\/wp\/v2\/categories?post=117492"},{"taxonomy":"post_tag","embeddable":true,"href":"https:\/\/linitiative.ca\/International\/wp-json\/wp\/v2\/tags?post=117492"}],"curies":[{"name":"wp","href":"https:\/\/api.w.org\/{rel}","templated":true}]}}