{"id":117494,"date":"2021-05-27T06:00:44","date_gmt":"2021-05-27T10:00:44","guid":{"rendered":"https:\/\/linitiative.ca\/International\/son-president-convoque-par-la-police-le-raj-menace-de-dissolution\/"},"modified":"2021-05-27T06:00:44","modified_gmt":"2021-05-27T10:00:44","slug":"son-president-convoque-par-la-police-le-raj-menace-de-dissolution","status":"publish","type":"post","link":"https:\/\/linitiative.ca\/International\/son-president-convoque-par-la-police-le-raj-menace-de-dissolution\/","title":{"rendered":"Son pr\u00e9sident convoqu\u00e9 par la police : Le RAJ menac\u00e9 de dissolution"},"content":{"rendered":"<h4 class=\"title-14\"\/>\n<p>Le minist\u00e8re de l\u2019Int\u00e9rieur a engag\u00e9 une proc\u00e9dure de dissolution du Rassemblement Actions Jeunesse \u00absous pr\u00e9texte que les activit\u00e9s de l\u2019association sont en violation de la loi 12\/06 r\u00e9gissant les associations\u00bb, pr\u00e9cise un communiqu\u00e9 rendu public hier par le bureau national du RAJ.<\/p>\n<p>\u00abLe RAJ a re\u00e7u ce mercredi 26 mai 2021, par le biais d\u2019un huissier de justice, une citation \u00e0 compara\u00eetre devant le tribunal administratif d\u2019Alger, suite \u00e0 une requ\u00eate d\u00e9pos\u00e9e par le minist\u00e8re de l\u2019Int\u00e9rieur et des Collectivit\u00e9s locales sollicitant la dissolution de l\u2019association RAJ sous pr\u00e9texte que les activit\u00e9s de l\u2019association sont en violation de la loi 12\/06 r\u00e9gissant les associations et en contradiction avec les objectifs \u00e9num\u00e9r\u00e9s dans les statuts de l\u2019association\u00bb, indique le communiqu\u00e9, pr\u00e9cisant que le pr\u00e9sident du RAJ, Abdelouhab Fersaoui, a re\u00e7u, hier, une convocation de la police pour se pr\u00e9senter \u00abdans les plus brefs d\u00e9lais\u00bb au commissariat central de B\u00e9ja\u00efa.<\/p>\n<p>L\u2019association affirme qu\u2019elle va constituer un collectif d\u2019avocats pour \u00abr\u00e9pondre \u00e0 la requ\u00eate d\u00e9pos\u00e9e par le minist\u00e8re de l\u2019Int\u00e9rieur et tiendra l\u2019opinion publique au courant de l\u2019\u00e9volution de la proc\u00e9dure administrative et de la convocation du pr\u00e9sident de l\u2019association par la police\u00bb. L\u2019association, dont les animateurs ont eu des d\u00e9m\u00eal\u00e9s avec la justice, a d\u00e9nonc\u00e9, dans un communiqu\u00e9 rendu public le lundi 24 mai, la\u00a0\u00abr\u00e9pression sans pr\u00e9c\u00e9dent\u00bb des marches du mouvement populaire, les arrestations et les restrictions impos\u00e9es aux partis de l\u2019opposition \u00e0 l\u2019approche des \u00e9lections l\u00e9gislatives.<\/p>\n<p>L\u2019Union pour le changement et le progr\u00e8s (UCP) et le Parti socialiste des travailleurs (PST), des partis engag\u00e9s dans le Pacte pour une alternative d\u00e9mocratique (PAD) et ayant annonc\u00e9 leur boycott des prochaines \u00e9lections du 12 juin, se trouvent sous la menace d\u2019une proc\u00e9dure de suspension de leurs activit\u00e9s.<\/p>\n<p><span class=\"post-views-label\">Post Views:<\/span> <span class=\"post-views-count\">1\u00a0307<\/span><\/p>\n<p><br class=\"c2\"\/><\/p>\n<div class=\"ichhar-moneytagnative c4\" id=\"ichhar-671402261\">\n<p>Advertisements<\/p>\n<\/div>\n<p><br class=\"c2\"\/><br \/>\n<br class=\"c5\"\/><\/p>\n<p>Auteur: Hicham Chouadria<br \/>\n<a href=\"https:\/\/www.elwatan.com\/edition\/actualite\/son-president-convoque-par-la-police-le-raj-menace-de-dissolution-27-05-2021\">Cliquez ici pour lire l&rsquo;article depuis sa source.<\/a><\/p>\n","protected":false},"excerpt":{"rendered":"<p>Le minist\u00e8re de l\u2019Int\u00e9rieur a engag\u00e9 une proc\u00e9dure de dissolution du Rassemblement Actions Jeunesse \u00absous pr\u00e9texte que les activit\u00e9s de l\u2019association sont en violation de la loi 12\/06 r\u00e9gissant les associations\u00bb, pr\u00e9cise un communiqu\u00e9 rendu public hier par le bureau national du RAJ. \u00abLe RAJ a re\u00e7u ce mercredi 26 mai 2021, par le biais [&hellip;]<\/p>\n","protected":false},"author":1743,"featured_media":0,"comment_status":"closed","ping_status":"closed","sticky":false,"template":"","format":"standard","meta":{"fifu_image_url":"","fifu_image_alt":"","footnotes":""},"categories":[73,53],"tags":[],"class_list":["post-117494","post","type-post","status-publish","format-standard","hentry","category-actualite","category-algerie"],"_links":{"self":[{"href":"https:\/\/linitiative.ca\/International\/wp-json\/wp\/v2\/posts\/117494","targetHints":{"allow":["GET"]}}],"collection":[{"href":"https:\/\/linitiative.ca\/International\/wp-json\/wp\/v2\/posts"}],"about":[{"href":"https:\/\/linitiative.ca\/International\/wp-json\/wp\/v2\/types\/post"}],"author":[{"embeddable":true,"href":"https:\/\/linitiative.ca\/International\/wp-json\/wp\/v2\/users\/1743"}],"replies":[{"embeddable":true,"href":"https:\/\/linitiative.ca\/International\/wp-json\/wp\/v2\/comments?post=117494"}],"version-history":[{"count":0,"href":"https:\/\/linitiative.ca\/International\/wp-json\/wp\/v2\/posts\/117494\/revisions"}],"wp:attachment":[{"href":"https:\/\/linitiative.ca\/International\/wp-json\/wp\/v2\/media?parent=117494"}],"wp:term":[{"taxonomy":"category","embeddable":true,"href":"https:\/\/linitiative.ca\/International\/wp-json\/wp\/v2\/categories?post=117494"},{"taxonomy":"post_tag","embeddable":true,"href":"https:\/\/linitiative.ca\/International\/wp-json\/wp\/v2\/tags?post=117494"}],"curies":[{"name":"wp","href":"https:\/\/api.w.org\/{rel}","templated":true}]}}