{"id":117495,"date":"2021-05-27T06:05:27","date_gmt":"2021-05-27T10:05:27","guid":{"rendered":"https:\/\/linitiative.ca\/International\/droits-de-lhomme-des-avocats-salarment-de-la-criminalisation-du-hirak\/"},"modified":"2021-05-27T06:05:27","modified_gmt":"2021-05-27T10:05:27","slug":"droits-de-lhomme-des-avocats-salarment-de-la-criminalisation-du-hirak","status":"publish","type":"post","link":"https:\/\/linitiative.ca\/International\/droits-de-lhomme-des-avocats-salarment-de-la-criminalisation-du-hirak\/","title":{"rendered":"Droits de l\u2019homme : Des avocats s\u2019alarment de la \u00abcriminalisation\u00bb du hirak"},"content":{"rendered":"<h4 class=\"title-14\"\/>\n<div class=\"featured_image\"><img loading=\"lazy\" decoding=\"async\" width=\"800\" height=\"414\" src=\"https:\/\/www.elwatan.com\/wp-content\/uploads\/2021\/05\/received_1163877137462083-e1622068655536.jpeg\" class=\"attachment-post-thumbnail size-post-thumbnail wp-post-image\" alt=\"\"\/> <span class=\"featured-image-caption\">Les avocats Abdelghani Badi, Mustapha Bouchachi, Sa\u00efd Zahi et Nabila Sma\u00efl hier lors de la conf\u00e9rence de presse ( photo : EL WATAN )<\/span><\/div>\n<p>Les avocats impliqu\u00e9s activement dans la d\u00e9fense des d\u00e9tenus d\u2019opinion ont vivement d\u00e9nonc\u00e9, hier \u00e0 Alger, les \u00abviolations\u00bb r\u00e9p\u00e9t\u00e9es des droits de l\u2019homme en Alg\u00e9rie, alors que le r\u00e9gime intensifie sa campagne de r\u00e9pression du hirak \u00e0 l\u2019approche des l\u00e9gislatives du 12 juin prochain. \u00abLe r\u00e9gime a intensifi\u00e9 sa politique r\u00e9pressive contre le hirak. Nous assistons r\u00e9cemment \u00e0 des tentatives d\u2019intimidation ciblant des militants qui sont le c\u0153ur battant du hirak. Nous devons tous d\u00e9noncer ces pratiques qui constituent une d\u00e9rive.<\/p>\n<p>Il n\u2019y a pas plus dangereux que les atteintes \u00e0 la dignit\u00e9 humaine\u00bb, s\u2019est indign\u00e9 Me Abdeghani Badi, lors d\u2019une conf\u00e9rence de presse, anim\u00e9e au si\u00e8ge de SOS-Disparus.<\/p>\n<p>A l\u2019approche des l\u00e9gislatives, les autorit\u00e9s continuent de cibler opposants politiques, militants, journalistes et internautes, multipliant poursuites judiciaires et condamnations. \u00abLa justice est impliqu\u00e9e dans la confiscation des droits fondamentaux des citoyens, garantis par la Constitution. Le hirak est criminalis\u00e9 alors qu\u2019il est consacr\u00e9 par la Constitution\u00bb, a-t-il encore d\u00e9nonc\u00e9, rappelant que 156 d\u00e9tenus d\u2019opinion croupissent toujours dans les ge\u00f4les alg\u00e9riennes pour des faits li\u00e9s au hirak ou aux libert\u00e9s individuelles.<\/p>\n<p>Interrog\u00e9 au sujet de la demande du minist\u00e8re de l\u2019Int\u00e9rieur de d\u00e9poser une d\u00e9claration pour autoriser les marches du hirak \u00e0 Alger, l\u2019avocat a soulign\u00e9 que les Alg\u00e9riens, qui vivent un \u00abprocessus r\u00e9volutionnaire\u00bb, n\u2019ont pas besoin d\u2019acc\u00e9der favorablement \u00e0 la demande du minist\u00e8re de l\u2019Int\u00e9rieur. Il a appel\u00e9 ce dernier \u00e0 actualiser la loi r\u00e9glementant les manifestations publiques avec la Constitution, qui garantit, selon lui, le droit de manifester.<br \/>De son c\u00f4t\u00e9, Me Mustapha Bouchachi n\u2019a pas cach\u00e9 son indignation face \u00e0 la d\u00e9gradation continue de la situation des droits de l\u2019homme. \u00abNous enregistrons de graves violations \u00e0 huis clos des droits des citoyens ces deux derni\u00e8res semaines\u00bb, a-t-il fustig\u00e9, \u00e9voquant des arrestations \u00abarbitraires\u00bb de citoyens, parfois en pleine rue \u00e0 Alger, alors que les habitants de Kabylie sont presque interdits d\u2019acc\u00e9der \u00e0 la capitale, notamment le jour des manifestations hebdomadaires, et arr\u00eat\u00e9s de mani\u00e8re \u00abdiscriminatoire\u00bb. \u00abLes arrestations, op\u00e9r\u00e9es par les forces de l\u2019ordre, sur ordre du r\u00e9gime, sont ill\u00e9gales (\u2026).<\/p>\n<p>L\u2019appareil judiciaire et s\u00e9curitaire est au service d\u2019un r\u00e9gime dictatorial\u00bb, a-t-il d\u00e9nonc\u00e9, relevant que \u00abseul le r\u00e9gime est responsable\u00bb de cette situation. Face aux atteintes des droits de l\u2019homme, Me Bouchachi a lanc\u00e9 un \u00abappel de d\u00e9tresse\u00bb et exhort\u00e9 la classe politique et les syndicats \u00e0 d\u00e9noncer des pratiques \u00abimpunies\u00bb. Selon lui, cette r\u00e9pression des manifestations du hirak est accompagn\u00e9e d\u2019un black-out m\u00e9diatique.<\/p>\n<p>L\u2019ancien pr\u00e9sident de la Ligue alg\u00e9rienne pour la d\u00e9fense des droits de l\u2019homme a aussi jug\u00e9 \u00abanticonstitutionnels\u00bb les proc\u00e8s \u00e0 distance des d\u00e9tenus d\u2019opinion, d\u00e9cid\u00e9s par les autorit\u00e9s \u00e0 cause de la crise sanitaire. Pour sa part, Me Nabila Sma\u00efl a fait part de \u00abgraves d\u00e9passements et violations\u00bb des droits fondamentaux et des libert\u00e9s collectives et individuelles des Alg\u00e9riens. \u00abNous vivons une situation p\u00e9rilleuse. Le r\u00e9gime emploie l\u2019appareil judiciaire pour r\u00e9primer les Alg\u00e9riens qui aspirent \u00e0 exercer leurs droits, pourtant garantis par la Constitution. La justice est devenue un danger pour l\u2019Etat\u00bb, a-t-elle mis en garde.<\/p>\n<p>Au chapitre des \u00abviolations\u00bb des droits humains, l\u2019avocate a cit\u00e9 les arrestations \u00abarbitraires\u00bb lors des manifestations du hirak et la r\u00e9cente r\u00e9quisition du wali d\u2019Alger aux forces de l\u2019ordre pour r\u00e9primer les manifestations du mouvement populaire. \u00abPourtant, il n\u2019y a aucun trouble \u00e0 l\u2019ordre public\u00bb, a-t-elle argu\u00e9, appelant les citoyens, victimes de violences polici\u00e8res ou d\u2019atteinte \u00e0 leurs libert\u00e9s \u00e0 d\u00e9poser plainte.<\/p>\n<p>La conf\u00e9renci\u00e8re a qualifi\u00e9 de \u00abcatastrophique\u00bb la sant\u00e9 des d\u00e9tenus d\u2019opinion, dont le nombre ne cesse d\u2019augmenter, et ils sont priv\u00e9s, selon elle, du droit au panier.<\/p>\n<p><span class=\"post-views-label\">Post Views:<\/span> <span class=\"post-views-count\">1\u00a0008<\/span><\/p>\n<p><br class=\"c2\"\/><\/p>\n<div class=\"ichhar-moneytagnative c4\" id=\"ichhar-793315439\">\n<p>Advertisements<\/p>\n<\/div>\n<p><br class=\"c2\"\/><br \/>\n<br class=\"c5\"\/><\/p>\n<p>Auteur: Hicham Chouadria<br \/>\n<a href=\"https:\/\/www.elwatan.com\/edition\/actualite\/droits-de-lhomme-des-avocats-salarment-de-la-criminalisation-du-hirak-27-05-2021\">Cliquez ici pour lire l&rsquo;article depuis sa source.<\/a><\/p>\n","protected":false},"excerpt":{"rendered":"<p>Les avocats Abdelghani Badi, Mustapha Bouchachi, Sa\u00efd Zahi et Nabila Sma\u00efl hier lors de la conf\u00e9rence de presse ( photo : EL WATAN ) Les avocats impliqu\u00e9s activement dans la d\u00e9fense des d\u00e9tenus d\u2019opinion ont vivement d\u00e9nonc\u00e9, hier \u00e0 Alger, les \u00abviolations\u00bb r\u00e9p\u00e9t\u00e9es des droits de l\u2019homme en Alg\u00e9rie, alors que le r\u00e9gime intensifie sa [&hellip;]<\/p>\n","protected":false},"author":1743,"featured_media":0,"comment_status":"closed","ping_status":"closed","sticky":false,"template":"","format":"standard","meta":{"fifu_image_url":"https:\/\/www.elwatan.com\/wp-content\/uploads\/2021\/05\/received_1163877137462083-e1622068655536.jpeg","fifu_image_alt":"Droits de l\u2019homme : Des avocats s\u2019alarment de la \u00abcriminalisation\u00bb du hirak","footnotes":""},"categories":[73,53],"tags":[],"class_list":["post-117495","post","type-post","status-publish","format-standard","hentry","category-actualite","category-algerie"],"_links":{"self":[{"href":"https:\/\/linitiative.ca\/International\/wp-json\/wp\/v2\/posts\/117495","targetHints":{"allow":["GET"]}}],"collection":[{"href":"https:\/\/linitiative.ca\/International\/wp-json\/wp\/v2\/posts"}],"about":[{"href":"https:\/\/linitiative.ca\/International\/wp-json\/wp\/v2\/types\/post"}],"author":[{"embeddable":true,"href":"https:\/\/linitiative.ca\/International\/wp-json\/wp\/v2\/users\/1743"}],"replies":[{"embeddable":true,"href":"https:\/\/linitiative.ca\/International\/wp-json\/wp\/v2\/comments?post=117495"}],"version-history":[{"count":0,"href":"https:\/\/linitiative.ca\/International\/wp-json\/wp\/v2\/posts\/117495\/revisions"}],"wp:attachment":[{"href":"https:\/\/linitiative.ca\/International\/wp-json\/wp\/v2\/media?parent=117495"}],"wp:term":[{"taxonomy":"category","embeddable":true,"href":"https:\/\/linitiative.ca\/International\/wp-json\/wp\/v2\/categories?post=117495"},{"taxonomy":"post_tag","embeddable":true,"href":"https:\/\/linitiative.ca\/International\/wp-json\/wp\/v2\/tags?post=117495"}],"curies":[{"name":"wp","href":"https:\/\/api.w.org\/{rel}","templated":true}]}}