{"id":117496,"date":"2021-05-27T06:14:48","date_gmt":"2021-05-27T10:14:48","guid":{"rendered":"https:\/\/linitiative.ca\/International\/algerie-france-paris-appelle-a-la-poursuite-des-reformes-en-algerie-dans-le-respect-des-libertes\/"},"modified":"2021-05-27T06:14:48","modified_gmt":"2021-05-27T10:14:48","slug":"algerie-france-paris-appelle-a-la-poursuite-des-reformes-en-algerie-dans-le-respect-des-libertes","status":"publish","type":"post","link":"https:\/\/linitiative.ca\/International\/algerie-france-paris-appelle-a-la-poursuite-des-reformes-en-algerie-dans-le-respect-des-libertes\/","title":{"rendered":"Alg\u00e9rie-France : Paris appelle \u00e0 la poursuite des r\u00e9formes en Alg\u00e9rie \u00abdans le respect\u00bb des libert\u00e9s"},"content":{"rendered":"<h4 class=\"title-14\"\/>\n<p class=\"p1\"><span class=\"s1\">Le chef de la diplomatie fran\u00e7aise, Jean-Yves Le Drian, a appel\u00e9 hier \u00e0 la poursuite des r\u00e9formes en Alg\u00e9rie, <em>\u00abdans le respect des libert\u00e9s publiques\u00bb<\/em> et <em>\u00abde la presse\u00bb<\/em>, au lendemain d\u2019une nouvelle vague de condamnations de manifestants du hirak. <em>\u00abLes autorit\u00e9s alg\u00e9riennes ont exprim\u00e9 l\u2019ambition de r\u00e9former l\u2019Alg\u00e9rie en profondeur, dans un esprit de dialogue et d\u2019ouverture qui correspond aux attentes qui ont \u00e9t\u00e9 exprim\u00e9es dans le hirak, de mani\u00e8re pacifique et avec dignit\u00e9, par les Alg\u00e9riens. Notre seul souhait, c\u2019est la r\u00e9ussite des r\u00e9formes au b\u00e9n\u00e9fice de l\u2019Alg\u00e9rie et des Alg\u00e9riens\u00bb<\/em>, a d\u00e9clar\u00e9 le ministre devant le S\u00e9nat fran\u00e7ais.<\/span><\/p>\n<p class=\"p1\"><span class=\"s1\"><em>\u00abC\u2019est aux Alg\u00e9riens, et \u00e0 eux seuls, de fixer les modalit\u00e9s de ce destin, dans le respect des libert\u00e9s publiques, dans le respect de la libert\u00e9 d\u2019expression, dans le respect de la libert\u00e9 de la presse, auxquelles la France est attach\u00e9e partout dans le monde\u00bb<\/em>, a-t-il ajout\u00e9, en se refusant \u00e0 tout commentaire suppl\u00e9mentaire \u00e0 15 jours des \u00e9lections en Alg\u00e9rie. Le ministre avait \u00e9t\u00e9 interpell\u00e9 par la s\u00e9natrice et ex-ministre socialiste, Laurence Rossignol, sur <em>\u00abla r\u00e9pression\u00bb<\/em> du <em>\u00abmouvement citoyen et pacifique\u00bb<\/em> de contestation du hirak et les arrestations et condamnations de <em>\u00abmilitants, citoyens, journalistes\u2026\u00bb<\/em>.<\/span><\/p>\n<p class=\"p1\"><span class=\"s1\">Une ONG de d\u00e9fense des droits humains a fait \u00e9tat mardi de pr\u00e8s de 20 condamnations \u00e0 des peines de prison, au cours des 24 heures pr\u00e9c\u00e9dentes, de personnes ayant tent\u00e9 de participer \u00e0 des marches du hirak<strong>.\u00a0<\/strong><\/span><\/p>\n<p><span class=\"post-views-label\">Post Views:<\/span> <span class=\"post-views-count\">1\u00a0682<\/span><\/p>\n<p><br class=\"c2\"\/><\/p>\n<div class=\"ichhar-moneytagnative c4\" id=\"ichhar-1605406755\">\n<p>Advertisements<\/p>\n<\/div>\n<p><br class=\"c2\"\/><br \/>\n<br class=\"c5\"\/><\/p>\n<p>Auteur: Hicham Chouadria<br \/>\n<a href=\"https:\/\/www.elwatan.com\/edition\/actualite\/algerie-france-paris-appelle-a-la-poursuite-des-reformes-en-algerie-dans-le-respect-des-libertes-27-05-2021\">Cliquez ici pour lire l&rsquo;article depuis sa source.<\/a><\/p>\n","protected":false},"excerpt":{"rendered":"<p>Le chef de la diplomatie fran\u00e7aise, Jean-Yves Le Drian, a appel\u00e9 hier \u00e0 la poursuite des r\u00e9formes en Alg\u00e9rie, \u00abdans le respect des libert\u00e9s publiques\u00bb et \u00abde la presse\u00bb, au lendemain d\u2019une nouvelle vague de condamnations de manifestants du hirak. \u00abLes autorit\u00e9s alg\u00e9riennes ont exprim\u00e9 l\u2019ambition de r\u00e9former l\u2019Alg\u00e9rie en profondeur, dans un esprit de [&hellip;]<\/p>\n","protected":false},"author":1743,"featured_media":0,"comment_status":"closed","ping_status":"closed","sticky":false,"template":"","format":"standard","meta":{"fifu_image_url":"","fifu_image_alt":"","footnotes":""},"categories":[73,53],"tags":[],"class_list":["post-117496","post","type-post","status-publish","format-standard","hentry","category-actualite","category-algerie"],"_links":{"self":[{"href":"https:\/\/linitiative.ca\/International\/wp-json\/wp\/v2\/posts\/117496","targetHints":{"allow":["GET"]}}],"collection":[{"href":"https:\/\/linitiative.ca\/International\/wp-json\/wp\/v2\/posts"}],"about":[{"href":"https:\/\/linitiative.ca\/International\/wp-json\/wp\/v2\/types\/post"}],"author":[{"embeddable":true,"href":"https:\/\/linitiative.ca\/International\/wp-json\/wp\/v2\/users\/1743"}],"replies":[{"embeddable":true,"href":"https:\/\/linitiative.ca\/International\/wp-json\/wp\/v2\/comments?post=117496"}],"version-history":[{"count":0,"href":"https:\/\/linitiative.ca\/International\/wp-json\/wp\/v2\/posts\/117496\/revisions"}],"wp:attachment":[{"href":"https:\/\/linitiative.ca\/International\/wp-json\/wp\/v2\/media?parent=117496"}],"wp:term":[{"taxonomy":"category","embeddable":true,"href":"https:\/\/linitiative.ca\/International\/wp-json\/wp\/v2\/categories?post=117496"},{"taxonomy":"post_tag","embeddable":true,"href":"https:\/\/linitiative.ca\/International\/wp-json\/wp\/v2\/tags?post=117496"}],"curies":[{"name":"wp","href":"https:\/\/api.w.org\/{rel}","templated":true}]}}