{"id":117497,"date":"2021-05-27T06:15:56","date_gmt":"2021-05-27T10:15:56","guid":{"rendered":"https:\/\/linitiative.ca\/International\/essais-nucleaires-et-autres-essais-francais-en-algerie-ce-dossier-complexe-serait-il-enfin-debloque\/"},"modified":"2021-05-27T06:15:56","modified_gmt":"2021-05-27T10:15:56","slug":"essais-nucleaires-et-autres-essais-francais-en-algerie-ce-dossier-complexe-serait-il-enfin-debloque","status":"publish","type":"post","link":"https:\/\/linitiative.ca\/International\/essais-nucleaires-et-autres-essais-francais-en-algerie-ce-dossier-complexe-serait-il-enfin-debloque\/","title":{"rendered":"Essais nucl\u00e9aires et autres essais fran\u00e7ais en Alg\u00e9rie : Ce dossier \u00abcomplexe\u00bb serait-il enfin d\u00e9bloqu\u00e9 ?"},"content":{"rendered":"<h4 class=\"title-14\"\/>\n<div class=\"featured_image\"><img loading=\"lazy\" decoding=\"async\" width=\"800\" height=\"635\" src=\"https:\/\/www.elwatan.com\/wp-content\/uploads\/2021\/05\/nucleaire-e1622057321604.jpg\" class=\"attachment-post-thumbnail size-post-thumbnail wp-post-image\" alt=\"\"\/> <span class=\"featured-image-caption\">L\u2019essai nucl\u00e9aire fran\u00e7ais appel\u00e9 \u00abop\u00e9ration Gerboise bleue\u00bb dans le Sud alg\u00e9rien<\/span><\/div>\n<p class=\"p3\"><span class=\"s2\"><strong>E<\/strong><\/span><span class=\"s1\">n recevant le chef d\u2019\u00e9tat-major des arm\u00e9es fran\u00e7aises, Fran\u00e7ois Lecointre, \u00e0 Alger le 8 avril dernier \u2013 cens\u00e9 pr\u00e9parer, sur le terrain de la coop\u00e9ration militaire, la cinqui\u00e8me session du Comit\u00e9 intergouvernemental de haut niveau (CIHN) du 11 avril, qui a \u00e9t\u00e9 report\u00e9e \u2013, le g\u00e9n\u00e9ral de corps d\u2019arm\u00e9e, Sa\u00efd Chengriha, chef d\u2019\u00e9tat-major de l\u2019ANP, avait annonc\u00e9 cette r\u00e9union pour courant mai. L\u2019information a \u00e9t\u00e9 confirm\u00e9e mardi soir par le Quai d\u2019Orsay.<\/span><\/p>\n<p class=\"p3\"><span class=\"s1\">\u00ab<em>Je tiens \u00e0 \u00e9voquer la probl\u00e9matique des n\u00e9gociations, au sein du groupe alg\u00e9ro-fran\u00e7ais, au sujet des anciens sites d\u2019essais nucl\u00e9aires et des autres essais au Sahara alg\u00e9rien, o\u00f9 nous attendons votre soutien, lors de la 17<sup>e<\/sup> session du groupe mixte alg\u00e9ro-fran\u00e7ais, pr\u00e9vue en mai 2021, pour la prise en charge d\u00e9finitive des op\u00e9rations de r\u00e9habilitation des sites de Reggane et In Ekker, ainsi que votre assistance pour nous fournir les cartes topographiques permettant la localisation des zones d\u2019enfouissement, non d\u00e9couvertes \u00e0 ce jour, des d\u00e9chets contamin\u00e9s, radioactifs ou chimiques<\/em>\u00bb, a indiqu\u00e9 \u00e0 cette occasion le g\u00e9n\u00e9ral de corps d\u2019arm\u00e9e, Sa\u00efd Chengriha<\/span><\/p>\n<p class=\"p3\"><span class=\"s1\"><em>Le Monde<\/em> n\u2019avait pas manqu\u00e9 alors de souligner que \u00ab<em>la nouveaut\u00e9 de la rencontre, \u00e0 Alger, des chefs des arm\u00e9es alg\u00e9rienne et fran\u00e7aise tient toutefois dans la mont\u00e9e en puissance dans l\u2019agenda bilat\u00e9ral de la th\u00e9matique d\u2019une \u2018\u2018r\u00e9habilitation\u2019\u2019 des anciens sites nucl\u00e9aires\u00bb<\/em>.<\/span><\/p>\n<p class=\"p3\"><span class=\"s1\">Nous croyons savoir que la r\u00e9union bilat\u00e9rale de la semaine derni\u00e8re s\u2019est d\u00e9roul\u00e9e dans un climat \u00ab<em>de confiance, de compr\u00e9hension et de s\u00e9r\u00e9nit\u00e9<\/em>\u00bb et que des \u00ab<em>progr\u00e8s significatifs<\/em>\u00bb pourraient \u00eatre r\u00e9alis\u00e9s.<\/span><\/p>\n<p class=\"p3\"><span class=\"s1\">Quant \u00e0 la porte-parole du Quai d\u2019Orsay, elle a soulign\u00e9, mardi en fin de journ\u00e9e, que \u00ab<em>la question des essais nucl\u00e9aires fran\u00e7ais en Alg\u00e9rie est un sujet complexe. Nos deux pays travaillent ensemble \u00e0 le traiter, avec le plus grand s\u00e9rieux<\/em>\u00bb.<\/span><\/p>\n<p class=\"p3\"><span class=\"s1\">La premi\u00e8re d\u00e9cision de ce travail conjoint date de 2007 avec la formation d\u2019un groupe de travail alg\u00e9ro-fran\u00e7ais sur les essais nucl\u00e9aires, qui a \u00e9t\u00e9 cr\u00e9\u00e9 en 2008 par les autorit\u00e9s des deux pays. Compos\u00e9 d\u2019experts, il avait pour mission d\u2019\u00e9tudier conjointement la question de la r\u00e9habilitation des anciens sites d\u2019essais nucl\u00e9aires et autres essais au Sahara, avec pour pr\u00e9occupation premi\u00e8re la protection des personnes et de l\u2019environnement.<\/span><\/p>\n<p class=\"p3\"><span class=\"s1\">En 2014, un nouveau groupe de travail a \u00e9t\u00e9 d\u00e9sign\u00e9 en application de la \u00ab<em>D\u00e9claration d\u2019Alger sur l\u2019amiti\u00e9 et la coop\u00e9ration entre la France et l\u2019Alg\u00e9rie<\/em>\u00bb, sign\u00e9e le 19 d\u00e9cembre 2012, lequel groupe de travail ne s\u2019est r\u00e9uni qu\u2019une fois en Alg\u00e9rie en 2016.<\/span><\/p>\n<p class=\"p3\"><span class=\"s1\">Au c\u0153ur de ce dossier, figurent la s\u00e9curit\u00e9 sanitaire des populations impact\u00e9es sur plusieurs g\u00e9n\u00e9rations par les essais nucl\u00e9aires et chimiques, contre leur gr\u00e9, et la contamination en profondeur de l\u2019environnement. Les autorit\u00e9s fran\u00e7aises devraient fournir \u00e0 la partie alg\u00e9rienne les cartes et les \u00e9l\u00e9ments techniques relatifs aux sites et aux essais nucl\u00e9aires et lui pr\u00eater assistance en vue de d\u00e9contaminer les r\u00e9gions infect\u00e9es. Et aussi proc\u00e9der \u00e0 l\u2019indemnisation des personnes impact\u00e9es par ces essais.<\/span><\/p>\n<p class=\"p3\"><span class=\"s1\">Pour ce faire, le groupe de travail devrait proposer la mise en \u0153uvre d\u2019actions concr\u00e8tes. Il existe diff\u00e9rentes \u00e9tudes sur lesquelles il pourrait s\u2019appuyer, \u00e0 l\u2019instar de celles d\u2019ICAN France (relais de la Campagne internationale pour l\u2019abolition des armes nucl\u00e9aires) et de l\u2019Observatoire des armements qui recommandent quatre \u00abpriorit\u00e9s\u00bb : <em>\u00abFaciliter, pour les populations alg\u00e9riennes, le d\u00e9p\u00f4t de dossier de demandes d\u2019indemnisation et notamment l\u2019acc\u00e8s aux archives m\u00e9dicales d\u00e9tenues par le Service des archives m\u00e9dicales hospitali\u00e8res des arm\u00e9es\u00bb<\/em> ; <em>\u00abremettre aux autorit\u00e9s alg\u00e9riennes la liste compl\u00e8te des emplacements o\u00f9 ont \u00e9t\u00e9 enfouis les d\u00e9chets, avec leur localisation pr\u00e9cise (latitude et longitude), un descriptif des mat\u00e9riels enterr\u00e9s\u00bb<\/em> ; <em>\u00abpublier les donn\u00e9es relatives aux zones contamin\u00e9es par des scories et laves radioactives et \u00e9tudier avec les autorit\u00e9s alg\u00e9riennes les modalit\u00e9s d\u2019un nettoyage de ces zones\u00bb<\/em> ; <em>\u00abremettre aux autorit\u00e9s alg\u00e9riennes les plans des installations souterraines du CEA, sous la base militaire de Reggane plateau, ainsi que ceux des diff\u00e9rentes galeries creus\u00e9es dans la montagne du Tan Afella\u00bb.<\/em><\/span><\/p>\n<p class=\"p3\"><span class=\"s1\">Dans leur \u00e9tude <em>\u00abSous le sable la radioactivit\u00e9\u00bb,<\/em> rendue publique le 27 ao\u00fbt 2020, ICAN France et l\u2019Observatoire des armements notent que <em>\u00abla France n\u2019a jamais d\u00e9voil\u00e9 o\u00f9 \u00e9taient enterr\u00e9s ces d\u00e9chets, ni leur quantit\u00e9. A ces mat\u00e9riaux contamin\u00e9s, laiss\u00e9s volontairement sur place aux g\u00e9n\u00e9rations futures, s\u2019ajoutent deux autres cat\u00e9gories : des d\u00e9chets non radioactifs\u2026 et des mati\u00e8res radioactives (sables vitrifi\u00e9s, roche et lave contamin\u00e9es) issues des explosions nucl\u00e9aires\u00bb<\/em>. Ces experts rel\u00e8vent que sur les 13 tirs effectu\u00e9s entre 1961 et 1966, 12 ont fait l\u2019objet de fuites radioactives. Au total 17 explosions nucl\u00e9aires entre 1960 et 1966, atmosph\u00e9riques et souterraines, ont \u00e9t\u00e9 r\u00e9alis\u00e9es \u00e0 Reggane et In Ekker, pour tester la bombe atomique fran\u00e7aise. <\/span><\/p>\n<p class=\"p4\"><strong><span class=\"s1\">Multiples d\u00e9marches de parlementaires fran\u00e7ais depuis plus de deux d\u00e9cennies<\/span><\/strong><\/p>\n<p class=\"p3\"><span class=\"s1\">Plusieurs d\u00e9marches ont \u00e9t\u00e9 men\u00e9es depuis plus de deux d\u00e9cennies par des parlementaires fran\u00e7ais pour faire publier les \u00ab<em>donn\u00e9es pr\u00e9cises<\/em>\u00bb sur ces essais.<\/span><\/p>\n<p class=\"p3\"><span class=\"s1\">La derni\u00e8re consiste en une tribune parue le 10 avril dans <em>Le Journal du Dimanche<\/em> dans laquelle neuf d\u00e9put\u00e9s de l\u2019Assembl\u00e9e nationale fran\u00e7aise ont appel\u00e9 le pr\u00e9sident Emmanuel Macron \u00e0 lever le <em>\u00abtabou des essais nucl\u00e9aires men\u00e9s au Sahara, dans les ann\u00e9es 1960\u00bb<\/em> par la publication des \u00ab<em>donn\u00e9es et cartes des zone<\/em>s\u00bb des d\u00e9chets nucl\u00e9aires enterr\u00e9s en Alg\u00e9rie<em>.<\/em><\/span><\/p>\n<p class=\"p3\"><span class=\"s1\">Le document sur lequel se sont appuy\u00e9s les parlementaires fran\u00e7ais rappelle que les essais nucl\u00e9aires men\u00e9s dans le Sahara alg\u00e9rien ont \u00ab<em>laiss\u00e9 une empreinte radioactive ind\u00e9l\u00e9bile<\/em>\u00bb. \u00ab<em>Courant f\u00e9vrier, le ciel d\u2019une large partie de la France a arbor\u00e9 une teinte orang\u00e9e cr\u00e9ant une atmosph\u00e8re particuli\u00e8re. Le sable du Sahara, port\u00e9 par les vents, est \u00e0 l\u2019origine de ce ph\u00e9nom\u00e8ne. Selon les analyses de l\u2019Institut de radioprotection et de s\u00fbret\u00e9 nucl\u00e9aire, ce sable avait des teneurs en C\u00e9sium-137 (\u00e9l\u00e9ment radioactif) sup\u00e9rieures \u00e0 la moyenne, mais sans danger pour l\u2019\u00eatre humain<\/em>\u00bb, ajoute le document.<\/span><\/p>\n<p class=\"p3\"><span class=\"s1\"><em>\u00abEn 2021, les connaissances sur ces essais, sur les accidents (B\u00e9ryl, Am\u00e9thyste, Rubis, Jade) et leurs cons\u00e9quences sont nombreuses. Mais il manque toujours des informations-cl\u00e9s, concernant les d\u00e9chets (nucl\u00e9aires ou non) pour la plupart enfouis, volontairement, dans les sables, pour assurer la s\u00e9curit\u00e9 sanitaire des populations r\u00e9sidant dans ces zones, prot\u00e9ger les g\u00e9n\u00e9rations futures et prendre les mesures n\u00e9cessaires et appropri\u00e9es, en vue de la remise en \u00e9tat de l\u2019environnement<\/em>\u00bb, affirment les signataires.<\/span><\/p>\n<p class=\"p3\"><span class=\"s1\">Pour lib\u00e9rer les donn\u00e9es sur les essais nucl\u00e9aires dans le Sahara alg\u00e9rien, les signataires demandent la modification de la l\u00e9gislation qui interdit la publication de ces informations.<\/span><\/p>\n<p class=\"p3\"><span class=\"s1\">Par ailleurs, sur le volet humain, la loi de reconnaissance et d\u2019indemnisation des victimes des essais nucl\u00e9aires fran\u00e7ais, dite \u00abloi Morin\u00bb, a \u00e9t\u00e9 vot\u00e9e en 2010 apr\u00e8s plus de dix ans d\u2019actions men\u00e9es par les associations et leurs soutiens aupr\u00e8s des parlementaires, des autorit\u00e9s politiques et militaires et des m\u00e9dias. Il a fallu ensuite encore pratiquement une dizaine d\u2019ann\u00e9es pour que la loi puisse commencer \u00e0 b\u00e9n\u00e9ficier \u00e0 des victimes. De janvier 2010 \u00e0 d\u00e9cembre 2019, seulement 363 personnes ont re\u00e7u une indemnisation. Parmi elles, un seul Alg\u00e9rien.<\/span><\/p>\n<p><strong>Paris<\/strong><br \/>De notre bureau.\u00a0<strong><span class=\"s3\">Nadjia Bouzeghrane<\/span><\/strong><\/p>\n<p><span class=\"post-views-label\">Post Views:<\/span> <span class=\"post-views-count\">1\u00a0499<\/span><\/p>\n<p><br class=\"c2\"\/><\/p>\n<div class=\"ichhar-moneytagnative c4\" id=\"ichhar-1184726408\">\n<p>Advertisements<\/p>\n<\/div>\n<p><br class=\"c2\"\/><br \/>\n<br class=\"c5\"\/><\/p>\n<p>Auteur: Hicham Chouadria<br \/>\n<a href=\"https:\/\/www.elwatan.com\/edition\/actualite\/essais-nucleaires-et-autres-essais-francais-en-algerie-ce-dossier-complexe-serait-il-enfin-debloque-27-05-2021\">Cliquez ici pour lire l&rsquo;article depuis sa source.<\/a><\/p>\n","protected":false},"excerpt":{"rendered":"<p>L\u2019essai nucl\u00e9aire fran\u00e7ais appel\u00e9 \u00abop\u00e9ration Gerboise bleue\u00bb dans le Sud alg\u00e9rien En recevant le chef d\u2019\u00e9tat-major des arm\u00e9es fran\u00e7aises, Fran\u00e7ois Lecointre, \u00e0 Alger le 8 avril dernier \u2013 cens\u00e9 pr\u00e9parer, sur le terrain de la coop\u00e9ration militaire, la cinqui\u00e8me session du Comit\u00e9 intergouvernemental de haut niveau (CIHN) du 11 avril, qui a \u00e9t\u00e9 report\u00e9e \u2013, [&hellip;]<\/p>\n","protected":false},"author":1743,"featured_media":0,"comment_status":"closed","ping_status":"closed","sticky":false,"template":"","format":"standard","meta":{"fifu_image_url":"https:\/\/www.elwatan.com\/wp-content\/uploads\/2021\/05\/nucleaire-e1622057321604.jpg","fifu_image_alt":"Essais nucl\u00e9aires et autres essais fran\u00e7ais en Alg\u00e9rie : Ce dossier \u00abcomplexe\u00bb serait-il enfin d\u00e9bloqu\u00e9 ?","footnotes":""},"categories":[73,53],"tags":[],"class_list":["post-117497","post","type-post","status-publish","format-standard","hentry","category-actualite","category-algerie"],"_links":{"self":[{"href":"https:\/\/linitiative.ca\/International\/wp-json\/wp\/v2\/posts\/117497","targetHints":{"allow":["GET"]}}],"collection":[{"href":"https:\/\/linitiative.ca\/International\/wp-json\/wp\/v2\/posts"}],"about":[{"href":"https:\/\/linitiative.ca\/International\/wp-json\/wp\/v2\/types\/post"}],"author":[{"embeddable":true,"href":"https:\/\/linitiative.ca\/International\/wp-json\/wp\/v2\/users\/1743"}],"replies":[{"embeddable":true,"href":"https:\/\/linitiative.ca\/International\/wp-json\/wp\/v2\/comments?post=117497"}],"version-history":[{"count":0,"href":"https:\/\/linitiative.ca\/International\/wp-json\/wp\/v2\/posts\/117497\/revisions"}],"wp:attachment":[{"href":"https:\/\/linitiative.ca\/International\/wp-json\/wp\/v2\/media?parent=117497"}],"wp:term":[{"taxonomy":"category","embeddable":true,"href":"https:\/\/linitiative.ca\/International\/wp-json\/wp\/v2\/categories?post=117497"},{"taxonomy":"post_tag","embeddable":true,"href":"https:\/\/linitiative.ca\/International\/wp-json\/wp\/v2\/tags?post=117497"}],"curies":[{"name":"wp","href":"https:\/\/api.w.org\/{rel}","templated":true}]}}